{"id":6102,"date":"2020-09-14T09:32:44","date_gmt":"2020-09-14T09:32:44","guid":{"rendered":"https:\/\/cetm-madrid.es\/web\/?p=6102"},"modified":"2020-09-15T09:45:07","modified_gmt":"2020-09-15T09:45:07","slug":"encuesta-de-la-revista-transporte-profesional-para-conocer-la-situacion-de-las-empresas-de-transporte-de-mercancias","status":"publish","type":"post","link":"https:\/\/cetm-madrid.es\/web\/encuesta-de-la-revista-transporte-profesional-para-conocer-la-situacion-de-las-empresas-de-transporte-de-mercancias\/","title":{"rendered":"ENCUESTA DE LA REVISTA TRANSPORTE PROFESIONAL PARA CONOCER LA SITUACI\u00d3N DE LAS EMPRESAS DE TRANSPORTE DE MERCANC\u00cdAS"},"content":{"rendered":"<p>[et_pb_section fb_built=&#8221;1&#8243; admin_label=&#8221;section&#8221; _builder_version=&#8221;3.22&#8243;][et_pb_row admin_label=&#8221;row&#8221; _builder_version=&#8221;3.25&#8243; background_size=&#8221;initial&#8221; background_position=&#8221;top_left&#8221; background_repeat=&#8221;repeat&#8221; column_structure=&#8221;2_3,1_3&#8243;][et_pb_column type=&#8221;2_3&#8243; _builder_version=&#8221;3.25&#8243; custom_padding=&#8221;|||&#8221; custom_padding__hover=&#8221;|||&#8221;][et_pb_text admin_label=&#8221;Texto&#8221; _builder_version=&#8221;4.4.8&#8243; background_size=&#8221;initial&#8221; background_position=&#8221;top_left&#8221; background_repeat=&#8221;repeat&#8221; text_orientation=&#8221;justified&#8221; hover_enabled=&#8221;0&#8243; use_border_color=&#8221;off&#8221; border_color=&#8221;#ffffff&#8221; border_style=&#8221;solid&#8221;]<\/p>\n<p>La revista Transporte Profesional ha puesto en marcha una encuesta online para <strong>conocer la situaci\u00f3n<\/strong> real de las empresas de transporte de mercanc\u00edas por carretera tras la crisis sanitaria del Covid-19.<\/p>\n<p>Desde la CETM invitamos a todos nuestros asociados a que participen en esta iniciativa, puesto que nos ayudar\u00e1 a comprender<strong> el alcance y las consecuencias de la pandemia<\/strong> y cu\u00e1l es el escenario actual del sector.<\/p>\n<p>La encuesta es de car\u00e1cter an\u00f3nimo y confidencial y pueden participar todas las empresas sin importar el tama\u00f1o, la ubicaci\u00f3n o el n\u00famero de veh\u00edculos. <strong>El plazo acaba el 18 de septiembre<\/strong> y los resultados se publicar\u00e1n en un reportaje especial del n\u00famero 414 de la revista.<\/p>\n<p>Esperamos vuestra colaboraci\u00f3n y os damos las gracias de antemano.<\/p>\n<p>\u2022 Enlace para participar:<\/p>\n<p><a href=\"https:\/\/www.transporteprofesional.es\/ultimas-noticias\/participaen-nuestra-encuesta-sobre-la-situacion-de-transporte-demercancias-por-carretera-en-espana\">https:\/\/www.transporteprofesional.es\/ultimas-noticias\/participaen-nuestra-encuesta-sobre-la-situacion-de-transporte-demercancias-por-carretera-en-espana<\/a><\/p>\n<p>[\/et_pb_text][\/et_pb_column][et_pb_column type=&#8221;1_3&#8243; _builder_version=&#8221;3.25&#8243; custom_padding=&#8221;|||&#8221; custom_padding__hover=&#8221;|||&#8221;][et_pb_image src=&#8221;https:\/\/cetm-madrid.es\/web\/wp-content\/uploads\/2020\/09\/Captura-2.png&#8221; align_tablet=&#8221;center&#8221; align_last_edited=&#8221;on|desktop&#8221; admin_label=&#8221;Imagen&#8221; _builder_version=&#8221;4.4.8&#8243; animation_style=&#8221;slide&#8221; animation_direction=&#8221;left&#8221; animation_duration=&#8221;500ms&#8221; animation_intensity_slide=&#8221;10%&#8221; hover_enabled=&#8221;0&#8243; use_border_color=&#8221;off&#8221; border_color=&#8221;#ffffff&#8221; border_style=&#8221;solid&#8221; animation=&#8221;left&#8221; sticky=&#8221;off&#8221; always_center_on_mobile=&#8221;on&#8221; title_text=&#8221;Captura&#8221;][\/et_pb_image][\/et_pb_column][\/et_pb_row][\/et_pb_section]<\/p>\n","protected":false},"excerpt":{"rendered":"<p>La revista Transporte Profesional ha puesto en marcha una encuesta online para conocer la situaci\u00f3n real de las empresas de transporte de mercanc\u00edas por carretera tras la crisis sanitaria del Covid-19. Desde la CETM invitamos a todos nuestros asociados a que participen en esta iniciativa, puesto que nos ayudar\u00e1 a comprender el alcance y las [&hellip;]<\/p>\n","protected":false},"author":1,"featured_media":6105,"comment_status":"closed","ping_status":"open","sticky":false,"template":"","format":"standard","meta":{"_et_pb_use_builder":"on","_et_pb_old_content":"","_et_gb_content_width":"","footnotes":""},"categories":[5,4],"tags":[],"class_list":["post-6102","post","type-post","status-publish","format-standard","has-post-thumbnail","hentry","category-general","category-organizacion"],"_links":{"self":[{"href":"https:\/\/cetm-madrid.es\/web\/wp-json\/wp\/v2\/posts\/6102","targetHints":{"allow":["GET"]}}],"collection":[{"href":"https:\/\/cetm-madrid.es\/web\/wp-json\/wp\/v2\/posts"}],"about":[{"href":"https:\/\/cetm-madrid.es\/web\/wp-json\/wp\/v2\/types\/post"}],"author":[{"embeddable":true,"href":"https:\/\/cetm-madrid.es\/web\/wp-json\/wp\/v2\/users\/1"}],"replies":[{"embeddable":true,"href":"https:\/\/cetm-madrid.es\/web\/wp-json\/wp\/v2\/comments?post=6102"}],"version-history":[{"count":2,"href":"https:\/\/cetm-madrid.es\/web\/wp-json\/wp\/v2\/posts\/6102\/revisions"}],"predecessor-version":[{"id":6106,"href":"https:\/\/cetm-madrid.es\/web\/wp-json\/wp\/v2\/posts\/6102\/revisions\/6106"}],"wp:featuredmedia":[{"embeddable":true,"href":"https:\/\/cetm-madrid.es\/web\/wp-json\/wp\/v2\/media\/6105"}],"wp:attachment":[{"href":"https:\/\/cetm-madrid.es\/web\/wp-json\/wp\/v2\/media?parent=6102"}],"wp:term":[{"taxonomy":"category","embeddable":true,"href":"https:\/\/cetm-madrid.es\/web\/wp-json\/wp\/v2\/categories?post=6102"},{"taxonomy":"post_tag","embeddable":true,"href":"https:\/\/cetm-madrid.es\/web\/wp-json\/wp\/v2\/tags?post=6102"}],"curies":[{"name":"wp","href":"https:\/\/api.w.org\/{rel}","templated":true}]}}