{"id":6095,"date":"2020-09-10T18:16:39","date_gmt":"2020-09-10T18:16:39","guid":{"rendered":"https:\/\/cetm-madrid.es\/web\/?p=6095"},"modified":"2020-09-10T18:18:56","modified_gmt":"2020-09-10T18:18:56","slug":"la-dgt-a-punto-de-modificar-el-reglamento-general-de-conductores-que-permitira-sacarse-el-carne-de-camion-a-los-18-anos","status":"publish","type":"post","link":"https:\/\/cetm-madrid.es\/web\/la-dgt-a-punto-de-modificar-el-reglamento-general-de-conductores-que-permitira-sacarse-el-carne-de-camion-a-los-18-anos\/","title":{"rendered":"LA DGT, A PUNTO DE MODIFICAR EL REGLAMENTO GENERAL DE CONDUCTORES QUE PERMITIR\u00c1 SACARSE EL CARN\u00c9 DE CAMI\u00d3N A LOS 18 A\u00d1OS"},"content":{"rendered":"<p>[et_pb_section fb_built=&#8221;1&#8243; admin_label=&#8221;section&#8221; _builder_version=&#8221;3.22&#8243;][et_pb_row column_structure=&#8221;2_3,1_3&#8243; admin_label=&#8221;row&#8221; _builder_version=&#8221;3.25&#8243; background_size=&#8221;initial&#8221; background_position=&#8221;top_left&#8221; background_repeat=&#8221;repeat&#8221;][et_pb_column type=&#8221;2_3&#8243; _builder_version=&#8221;3.25&#8243; custom_padding=&#8221;|||&#8221; custom_padding__hover=&#8221;|||&#8221;][et_pb_text admin_label=&#8221;Texto&#8221; _builder_version=&#8221;4.4.8&#8243; background_size=&#8221;initial&#8221; background_position=&#8221;top_left&#8221; background_repeat=&#8221;repeat&#8221; text_orientation=&#8221;justified&#8221; use_border_color=&#8221;off&#8221; border_color=&#8221;#ffffff&#8221; border_style=&#8221;solid&#8221;]<\/p>\n<p>La Direcci\u00f3n General de Tr\u00e1fico (DGT) ha comunicado hoy a trav\u00e9s de su revista \u2018Tr\u00e1fico y Seguridad Vial\u2019 que tiene previsto modificar el Reglamento General de Conductores que implica la transposici\u00f3n de la Directiva 2006\/16 de la Uni\u00f3n Europea, en lo referido a las edades m\u00ednimas de obtenci\u00f3n de los permisos de conducci\u00f3n equipar\u00e1ndolas a <strong>las establecidas desde hace muchos a\u00f1os en toda la Uni\u00f3n Europea.<\/strong><br \/>Esta adaptaci\u00f3n da respuesta a <strong>una de las demandas hist\u00f3ricas<\/strong> de la Confederaci\u00f3n Espa\u00f1ola de Transporte de Mercanc\u00edas (CETM), que ha reclamado a la DGT la rebaja de la edad m\u00ednima legal para obtener los permisos de conducir de las clases C, C+E, D y D+E a los 18 a\u00f1os, desde que en 2009, por una transposici\u00f3n err\u00f3nea de la Directiva Europea de Permisos de Conducci\u00f3n, Espa\u00f1a elevara esta edades m\u00ednimas a los 21 para los permisos de clase C y a los 24 para los de clase D.<\/p>\n<p>Durante a\u00f1os, nuestra asociaci\u00f3n ha solicitado este cambio para beneficiar a aquellos j\u00f3venes que se han visto atra\u00eddos por la profesi\u00f3n, pero para los que la espera hasta los 21 a\u00f1os para poder obtener el permiso ha supuesto un impedimento, <strong>oblig\u00e1ndoles a optar por otros caminos profesionales.\u00a0<\/strong><\/p>\n<p>Esta reforma contribuir\u00e1 a acercar a los j\u00f3venes a la profesi\u00f3n de conductores y a que la formaci\u00f3n CAP exigida,<strong> pueda adquirirse tambi\u00e9n a trav\u00e9s de la Formaci\u00f3n Profesional<\/strong> del sistema educativo, adem\u00e1s de por las v\u00edas por las que en la actualidad ya puede obtenerse.<\/p>\n<p>La novedad es que aquellos j\u00f3venes que hayan cumplido 18 a\u00f1os, y<strong> siempre que sean titulares del Certificado de Aptitud Profesional<\/strong> (CAP) adquirido mediante la modalidad ordinaria (280 horas), podr\u00e1n obtener el permiso de clase C que habilita para conducir camiones. Si bien, en el caso de las categor\u00edas D y D+E podr\u00e1n conducir estos veh\u00edculos a los 21 a\u00f1os, pero dentro del territorio nacional hasta que hayan cumplido los 24. Y en el caso de los permisos D1 y D1+E, a los 18 a\u00f1os con la misma restricci\u00f3n de solo poder conducirlos dentro del territorio nacional hasta que hayan cumplido los 21 a\u00f1os.<\/p>\n<p>Por otra parte, el Reglamento de Conductores autorizar\u00e1 a conducir con el permiso B veh\u00edculos de hasta 4.250 kilos si se trata de veh\u00edculos de mercanc\u00edas y el incremento del peso <strong>se debe a la conversi\u00f3n de este a energ\u00edas alternativas<\/strong> por el tama\u00f1o que suponen las bater\u00edas.\u00a0<\/p>\n<p>En la CETM confiamos en que este cambio se produzca a la mayor brevedad posible y sirva para <strong>atraer a una nueva generaci\u00f3n de j\u00f3venes<\/strong> que, sin duda, ayudar\u00e1n a las empresas del transporte de mercanc\u00edas por carretera a <strong>modernizar el sector<\/strong> y garantizar un mejor funcionamiento de la cadena de suministro.\u00a0<\/p>\n<p>En este sentido, cabe destacar que la crisis sanitaria del Covid-19 ha puesto de manifiesto que el transporte de mercanc\u00edas por carretera e<strong>s irremplazable<\/strong> y, adem\u00e1s, nuestras empresas son primordiales para dar a la econom\u00eda el impulso que necesita. De igual modo, la pandemia tambi\u00e9n ha acelerado el auge del e-commerce y es probable que est\u00e1 tendencia se acreciente debido a los cambios que la poblaci\u00f3n ha experimentado en sus h\u00e1bitos.<\/p>\n<p>Por tanto, el cambio que la DGT prev\u00e9 hacer reduciendo la edad m\u00ednima legal para poder conducir veh\u00edculos pesados favorecer\u00e1 al sector del transporte de mercanc\u00edas por carretera y sus empresas, que <strong>precisan todas las medidas posibles para garantizar su resistencia<\/strong> ante la crisis.<\/p>\n<p>[\/et_pb_text][\/et_pb_column][et_pb_column type=&#8221;1_3&#8243; _builder_version=&#8221;3.25&#8243; custom_padding=&#8221;|||&#8221; custom_padding__hover=&#8221;|||&#8221;][et_pb_image src=&#8221;https:\/\/cetm-madrid.es\/web\/wp-content\/uploads\/2020\/05\/LOGO-dgt.jpg&#8221; title_text=&#8221;LOGO dgt&#8221; align_tablet=&#8221;center&#8221; align_phone=&#8221;&#8221; align_last_edited=&#8221;on|desktop&#8221; admin_label=&#8221;Imagen&#8221; _builder_version=&#8221;4.4.8&#8243; animation_style=&#8221;slide&#8221; animation_direction=&#8221;left&#8221; animation_duration=&#8221;500ms&#8221; animation_intensity_slide=&#8221;10%&#8221; hover_enabled=&#8221;0&#8243; use_border_color=&#8221;off&#8221; border_color=&#8221;#ffffff&#8221; border_style=&#8221;solid&#8221; animation=&#8221;left&#8221; sticky=&#8221;off&#8221; always_center_on_mobile=&#8221;on&#8221;][\/et_pb_image][\/et_pb_column][\/et_pb_row][\/et_pb_section]<\/p>\n","protected":false},"excerpt":{"rendered":"<p>La Direcci\u00f3n General de Tr\u00e1fico (DGT) ha comunicado hoy a trav\u00e9s de su revista \u2018Tr\u00e1fico y Seguridad Vial\u2019 que tiene previsto modificar el Reglamento General de Conductores que implica la transposici\u00f3n de la Directiva 2006\/16 de la Uni\u00f3n Europea, en lo referido a las edades m\u00ednimas de obtenci\u00f3n de los permisos de conducci\u00f3n equipar\u00e1ndolas a [&hellip;]<\/p>\n","protected":false},"author":1,"featured_media":5290,"comment_status":"closed","ping_status":"open","sticky":false,"template":"","format":"standard","meta":{"_et_pb_use_builder":"on","_et_pb_old_content":"","_et_gb_content_width":"","footnotes":""},"categories":[5,4],"tags":[],"class_list":["post-6095","post","type-post","status-publish","format-standard","has-post-thumbnail","hentry","category-general","category-organizacion"],"_links":{"self":[{"href":"https:\/\/cetm-madrid.es\/web\/wp-json\/wp\/v2\/posts\/6095","targetHints":{"allow":["GET"]}}],"collection":[{"href":"https:\/\/cetm-madrid.es\/web\/wp-json\/wp\/v2\/posts"}],"about":[{"href":"https:\/\/cetm-madrid.es\/web\/wp-json\/wp\/v2\/types\/post"}],"author":[{"embeddable":true,"href":"https:\/\/cetm-madrid.es\/web\/wp-json\/wp\/v2\/users\/1"}],"replies":[{"embeddable":true,"href":"https:\/\/cetm-madrid.es\/web\/wp-json\/wp\/v2\/comments?post=6095"}],"version-history":[{"count":4,"href":"https:\/\/cetm-madrid.es\/web\/wp-json\/wp\/v2\/posts\/6095\/revisions"}],"predecessor-version":[{"id":6101,"href":"https:\/\/cetm-madrid.es\/web\/wp-json\/wp\/v2\/posts\/6095\/revisions\/6101"}],"wp:featuredmedia":[{"embeddable":true,"href":"https:\/\/cetm-madrid.es\/web\/wp-json\/wp\/v2\/media\/5290"}],"wp:attachment":[{"href":"https:\/\/cetm-madrid.es\/web\/wp-json\/wp\/v2\/media?parent=6095"}],"wp:term":[{"taxonomy":"category","embeddable":true,"href":"https:\/\/cetm-madrid.es\/web\/wp-json\/wp\/v2\/categories?post=6095"},{"taxonomy":"post_tag","embeddable":true,"href":"https:\/\/cetm-madrid.es\/web\/wp-json\/wp\/v2\/tags?post=6095"}],"curies":[{"name":"wp","href":"https:\/\/api.w.org\/{rel}","templated":true}]}}