{"id":6089,"date":"2020-09-08T07:13:04","date_gmt":"2020-09-08T07:13:04","guid":{"rendered":"https:\/\/cetm-madrid.es\/web\/?p=6089"},"modified":"2020-09-10T07:16:24","modified_gmt":"2020-09-10T07:16:24","slug":"corte-en-la-n-120-a-partir-del-10-de-septiembre","status":"publish","type":"post","link":"https:\/\/cetm-madrid.es\/web\/corte-en-la-n-120-a-partir-del-10-de-septiembre\/","title":{"rendered":"CORTE EN LA N-120 A PARTIR DEL 10 DE SEPTIEMBRE"},"content":{"rendered":"<p>[et_pb_section fb_built=&#8221;1&#8243; admin_label=&#8221;section&#8221; _builder_version=&#8221;3.22&#8243;][et_pb_row admin_label=&#8221;row&#8221; _builder_version=&#8221;3.25&#8243; background_size=&#8221;initial&#8221; background_position=&#8221;top_left&#8221; background_repeat=&#8221;repeat&#8221; column_structure=&#8221;2_3,1_3&#8243;][et_pb_column type=&#8221;2_3&#8243; _builder_version=&#8221;3.25&#8243; custom_padding=&#8221;|||&#8221; custom_padding__hover=&#8221;|||&#8221;][et_pb_text admin_label=&#8221;Texto&#8221; _builder_version=&#8221;4.4.8&#8243; background_size=&#8221;initial&#8221; background_position=&#8221;top_left&#8221; background_repeat=&#8221;repeat&#8221; text_orientation=&#8221;justified&#8221; hover_enabled=&#8221;0&#8243; use_border_color=&#8221;off&#8221; border_color=&#8221;#ffffff&#8221; border_style=&#8221;solid&#8221;]<\/p>\n<p>El Ministerio de Transportes, Movilidad y Agenda Urbana ha comunicado que realizar\u00e1 trabajos de movimientos de tierras, ejecuci\u00f3n de estructuras, obras de drenaje y el desv\u00edo de los servicios que se vean afectados <strong>en el marco de las obras en ejecuci\u00f3n de la A-68<\/strong>, Tramo Arr\u00fabal-Navarrate, en la provincia de La Rioja.<\/p>\n<p>Para la realizaci\u00f3n de dichos trabajos, se llevar\u00e1 a cabo el corte total al tr\u00e1fico en la N-120 <strong>entre los puntos kilom\u00e9tricos 8 y 9, durante un plazo estimado de 12 meses.<\/strong><\/p>\n<p>El MITMA recomienda como itinerarios alternativos la<strong> autov\u00eda A-12 y la carretera LR-137<\/strong>, como se muestra a continuaci\u00f3n:<\/p>\n<p>[\/et_pb_text][et_pb_image _builder_version=&#8221;4.4.8&#8243; title_text=&#8221;Captura&#8221; src=&#8221;https:\/\/cetm-madrid.es\/web\/wp-content\/uploads\/2020\/09\/Captura-1.png&#8221; hover_enabled=&#8221;0&#8243;][\/et_pb_image][\/et_pb_column][et_pb_column type=&#8221;1_3&#8243; _builder_version=&#8221;3.25&#8243; custom_padding=&#8221;|||&#8221; custom_padding__hover=&#8221;|||&#8221;][et_pb_image src=&#8221;https:\/\/cetm-madrid.es\/web\/wp-content\/uploads\/2020\/09\/Captura-1.png&#8221; align_tablet=&#8221;center&#8221; align_last_edited=&#8221;on|desktop&#8221; admin_label=&#8221;Imagen&#8221; _builder_version=&#8221;4.4.8&#8243; animation_style=&#8221;slide&#8221; animation_direction=&#8221;left&#8221; animation_duration=&#8221;500ms&#8221; animation_intensity_slide=&#8221;10%&#8221; hover_enabled=&#8221;0&#8243; use_border_color=&#8221;off&#8221; border_color=&#8221;#ffffff&#8221; border_style=&#8221;solid&#8221; animation=&#8221;left&#8221; sticky=&#8221;off&#8221; always_center_on_mobile=&#8221;on&#8221; title_text=&#8221;Captura&#8221;][\/et_pb_image][\/et_pb_column][\/et_pb_row][\/et_pb_section]<\/p>\n","protected":false},"excerpt":{"rendered":"<p>El Ministerio de Transportes, Movilidad y Agenda Urbana ha comunicado que realizar\u00e1 trabajos de movimientos de tierras, ejecuci\u00f3n de estructuras, obras de drenaje y el desv\u00edo de los servicios que se vean afectados en el marco de las obras en ejecuci\u00f3n de la A-68, Tramo Arr\u00fabal-Navarrate, en la provincia de La Rioja. Para la realizaci\u00f3n [&hellip;]<\/p>\n","protected":false},"author":1,"featured_media":6092,"comment_status":"closed","ping_status":"open","sticky":false,"template":"","format":"standard","meta":{"_et_pb_use_builder":"on","_et_pb_old_content":"","_et_gb_content_width":"","footnotes":""},"categories":[5,4],"tags":[],"class_list":["post-6089","post","type-post","status-publish","format-standard","has-post-thumbnail","hentry","category-general","category-organizacion"],"_links":{"self":[{"href":"https:\/\/cetm-madrid.es\/web\/wp-json\/wp\/v2\/posts\/6089","targetHints":{"allow":["GET"]}}],"collection":[{"href":"https:\/\/cetm-madrid.es\/web\/wp-json\/wp\/v2\/posts"}],"about":[{"href":"https:\/\/cetm-madrid.es\/web\/wp-json\/wp\/v2\/types\/post"}],"author":[{"embeddable":true,"href":"https:\/\/cetm-madrid.es\/web\/wp-json\/wp\/v2\/users\/1"}],"replies":[{"embeddable":true,"href":"https:\/\/cetm-madrid.es\/web\/wp-json\/wp\/v2\/comments?post=6089"}],"version-history":[{"count":2,"href":"https:\/\/cetm-madrid.es\/web\/wp-json\/wp\/v2\/posts\/6089\/revisions"}],"predecessor-version":[{"id":6093,"href":"https:\/\/cetm-madrid.es\/web\/wp-json\/wp\/v2\/posts\/6089\/revisions\/6093"}],"wp:featuredmedia":[{"embeddable":true,"href":"https:\/\/cetm-madrid.es\/web\/wp-json\/wp\/v2\/media\/6092"}],"wp:attachment":[{"href":"https:\/\/cetm-madrid.es\/web\/wp-json\/wp\/v2\/media?parent=6089"}],"wp:term":[{"taxonomy":"category","embeddable":true,"href":"https:\/\/cetm-madrid.es\/web\/wp-json\/wp\/v2\/categories?post=6089"},{"taxonomy":"post_tag","embeddable":true,"href":"https:\/\/cetm-madrid.es\/web\/wp-json\/wp\/v2\/tags?post=6089"}],"curies":[{"name":"wp","href":"https:\/\/api.w.org\/{rel}","templated":true}]}}