{"id":6068,"date":"2020-09-01T05:54:53","date_gmt":"2020-09-01T05:54:53","guid":{"rendered":"https:\/\/cetm-madrid.es\/web\/?p=6068"},"modified":"2020-09-03T06:05:00","modified_gmt":"2020-09-03T06:05:00","slug":"vuelven-las-restricciones-a-la-circulacion-de-camiones-los-domingos-y-festivos-en-alemania","status":"publish","type":"post","link":"https:\/\/cetm-madrid.es\/web\/vuelven-las-restricciones-a-la-circulacion-de-camiones-los-domingos-y-festivos-en-alemania\/","title":{"rendered":"VUELVEN LAS RESTRICCIONES A LA CIRCULACI\u00d3N DE CAMIONES LOS DOMINGOS Y FESTIVOS EN ALEMANIA"},"content":{"rendered":"<p>[et_pb_section fb_built=&#8221;1&#8243; admin_label=&#8221;section&#8221; _builder_version=&#8221;3.22&#8243;][et_pb_row admin_label=&#8221;row&#8221; _builder_version=&#8221;3.25&#8243; background_size=&#8221;initial&#8221; background_position=&#8221;top_left&#8221; background_repeat=&#8221;repeat&#8221; column_structure=&#8221;2_3,1_3&#8243;][et_pb_column type=&#8221;2_3&#8243; _builder_version=&#8221;3.25&#8243; custom_padding=&#8221;|||&#8221; custom_padding__hover=&#8221;|||&#8221;][et_pb_text admin_label=&#8221;Texto&#8221; _builder_version=&#8221;4.4.8&#8243; background_size=&#8221;initial&#8221; background_position=&#8221;top_left&#8221; background_repeat=&#8221;repeat&#8221; text_orientation=&#8221;justified&#8221; hover_enabled=&#8221;0&#8243; use_border_color=&#8221;off&#8221; border_color=&#8221;#ffffff&#8221; border_style=&#8221;solid&#8221;]<\/p>\n<p>La Organizaci\u00f3n Internacional del Transporte (IRU) nos informa que las prohibiciones de circulaci\u00f3n los domingos y festivos en Alemania vuelven a estar vigentes <strong>desde el 1 de septiembre.<\/strong><\/p>\n<p>Por tanto, aconsejamos que aquellas empresas de transporte que operen en el pa\u00eds tengan <strong>en cuenta estas consideraciones a la hora de planificar sus rutas.\u00a0<\/strong><\/p>\n<p>Los camiones con una MMA de m\u00e1s de 7.5 toneladas no podr\u00e1n circular los domingos y festivos entre las <strong>00:00 y las 22:00 horas.<\/strong> Sin embargo, la prohibici\u00f3n no se aplica a:<\/p>\n<p>1. El transporte <strong>combinado de mercanc\u00edas por ferrocarril y carretera <\/strong>desde el remitente hasta la estaci\u00f3n de carga adecuada m\u00e1s cercana o desde la estaci\u00f3n de descarga adecuada m\u00e1s cercana al destinatario, pero solo hasta una distancia de 200 kil\u00f3metros.<\/p>\n<p>2. Transporte de mercanc\u00edas <strong>combinado puerto-carretera<\/strong> entre un punto de carga o descarga y un puerto ubicado en un radio de no m\u00e1s de 150 kil\u00f3metros. (entrega o recogida)<\/p>\n<p>3. Transporte de:<br \/><strong>&#8211; Leche fresca y productos l\u00e1cteos frescos.<\/strong><br \/><strong>&#8211; Carne fresca y productos c\u00e1rnicos frescos.<\/strong><br \/><strong>&#8211; Pescado fresco<\/strong><br \/><strong>&#8211; Frutas y verduras perecederas<\/strong><\/p>\n<p>4. Transporte de material de categor\u00eda 1 de acuerdo con el art\u00edculo 8 y material de categor\u00eda 2 de acuerdo con el art\u00edculo 9 letra f) inciso i) del Reglamento (CE) 1069\/2009 del Parlamento Europeo y del Consejo, de 21 de octubre de 2019 sobre normas de higiene para no subproductos de origen animal destinados al consumo humano y por el que se deroga el Reglamento (CE) no 1774\/2002 (Reglamento sobre subproductos animales) (DO L 300 de 14 de noviembre de 2009, p. 1; L 348 de 4 de diciembre de 2014, p. 31)<\/p>\n<p>5. Veh\u00edculos de recuperaci\u00f3n, remolque y reparaci\u00f3n en caso de accidente u otra emergencia.<\/p>\n<p>6. Transporte de abejas vivas<\/p>\n<p>7. Viajes sin carga relacionados con viajes de los puntos 2 a 6.<\/p>\n<p>8. Viajes de veh\u00edculos que se utilizan de acuerdo con la Ley Federal de Servicios. La notificaci\u00f3n de beneficios (excepciones) debe llevarse consigo y entregarse a las personas responsables para su examen si as\u00ed lo solicitan.<\/p>\n<p>Los festivos del resto del a\u00f1o son:<br \/>&#8211; D\u00eda de la Unidad Alemana (3 de octubre)<br \/>&#8211; D\u00eda de la Reforma (31 de octubre) en Brandeburgo, Bremen, Hamburgo, Mecklemburgo-Pomerania Occidental, Baja Sajonia, Sajonia, SajoniaAnhalt, Schleswig-Holstein y Turingia.<br \/>&#8211; D\u00eda de Todos Los Santos (1 de noviembre) pero s\u00f3lo en BadenW\u00fcrttemberg, Baviera, Renania del Norte-Westfalia, Renania-Palatinado y Sarre.<br \/>&#8211; Primer y segundo d\u00eda de Navidad<br \/>&#8211; A\u00f1o Nuevo<\/p>\n<p>[\/et_pb_text][\/et_pb_column][et_pb_column type=&#8221;1_3&#8243; _builder_version=&#8221;3.25&#8243; custom_padding=&#8221;|||&#8221; custom_padding__hover=&#8221;|||&#8221;][et_pb_image src=&#8221;https:\/\/cetm-madrid.es\/web\/wp-content\/uploads\/2020\/09\/RESTRICIONES-EN-ALEMANIA-scaled.jpg&#8221; align_tablet=&#8221;center&#8221; align_last_edited=&#8221;on|desktop&#8221; admin_label=&#8221;Imagen&#8221; _builder_version=&#8221;4.4.8&#8243; animation_style=&#8221;slide&#8221; animation_direction=&#8221;left&#8221; animation_duration=&#8221;500ms&#8221; animation_intensity_slide=&#8221;10%&#8221; hover_enabled=&#8221;0&#8243; use_border_color=&#8221;off&#8221; border_color=&#8221;#ffffff&#8221; border_style=&#8221;solid&#8221; animation=&#8221;left&#8221; sticky=&#8221;off&#8221; always_center_on_mobile=&#8221;on&#8221; alt=&#8221;RESTRICCIONES EN ALEMANIA&#8221;][\/et_pb_image][\/et_pb_column][\/et_pb_row][\/et_pb_section]<\/p>\n","protected":false},"excerpt":{"rendered":"<p>La Organizaci\u00f3n Internacional del Transporte (IRU) nos informa que las prohibiciones de circulaci\u00f3n los domingos y festivos en Alemania vuelven a estar vigentes desde el 1 de septiembre. Por tanto, aconsejamos que aquellas empresas de transporte que operen en el pa\u00eds tengan en cuenta estas consideraciones a la hora de planificar sus rutas.\u00a0 Los camiones [&hellip;]<\/p>\n","protected":false},"author":1,"featured_media":6071,"comment_status":"closed","ping_status":"open","sticky":false,"template":"","format":"standard","meta":{"_et_pb_use_builder":"on","_et_pb_old_content":"","_et_gb_content_width":"","footnotes":""},"categories":[5,4],"tags":[],"class_list":["post-6068","post","type-post","status-publish","format-standard","has-post-thumbnail","hentry","category-general","category-organizacion"],"_links":{"self":[{"href":"https:\/\/cetm-madrid.es\/web\/wp-json\/wp\/v2\/posts\/6068","targetHints":{"allow":["GET"]}}],"collection":[{"href":"https:\/\/cetm-madrid.es\/web\/wp-json\/wp\/v2\/posts"}],"about":[{"href":"https:\/\/cetm-madrid.es\/web\/wp-json\/wp\/v2\/types\/post"}],"author":[{"embeddable":true,"href":"https:\/\/cetm-madrid.es\/web\/wp-json\/wp\/v2\/users\/1"}],"replies":[{"embeddable":true,"href":"https:\/\/cetm-madrid.es\/web\/wp-json\/wp\/v2\/comments?post=6068"}],"version-history":[{"count":2,"href":"https:\/\/cetm-madrid.es\/web\/wp-json\/wp\/v2\/posts\/6068\/revisions"}],"predecessor-version":[{"id":6072,"href":"https:\/\/cetm-madrid.es\/web\/wp-json\/wp\/v2\/posts\/6068\/revisions\/6072"}],"wp:featuredmedia":[{"embeddable":true,"href":"https:\/\/cetm-madrid.es\/web\/wp-json\/wp\/v2\/media\/6071"}],"wp:attachment":[{"href":"https:\/\/cetm-madrid.es\/web\/wp-json\/wp\/v2\/media?parent=6068"}],"wp:term":[{"taxonomy":"category","embeddable":true,"href":"https:\/\/cetm-madrid.es\/web\/wp-json\/wp\/v2\/categories?post=6068"},{"taxonomy":"post_tag","embeddable":true,"href":"https:\/\/cetm-madrid.es\/web\/wp-json\/wp\/v2\/tags?post=6068"}],"curies":[{"name":"wp","href":"https:\/\/api.w.org\/{rel}","templated":true}]}}