{"id":6009,"date":"2020-08-18T09:15:27","date_gmt":"2020-08-18T09:15:27","guid":{"rendered":"https:\/\/cetm-madrid.es\/web\/?p=6009"},"modified":"2020-08-19T09:22:22","modified_gmt":"2020-08-19T09:22:22","slug":"restricciones-en-la-ap-1-n-1-y-a-1-los-domingos-23-y-30-de-agosto","status":"publish","type":"post","link":"https:\/\/cetm-madrid.es\/web\/restricciones-en-la-ap-1-n-1-y-a-1-los-domingos-23-y-30-de-agosto\/","title":{"rendered":"RESTRICCIONES EN LA AP-1, N-1 Y A-1 LOS DOMINGOS 23 Y 30 DE AGOSTO"},"content":{"rendered":"<p>[et_pb_section fb_built=&#8221;1&#8243; admin_label=&#8221;section&#8221; _builder_version=&#8221;3.22&#8243;][et_pb_row admin_label=&#8221;row&#8221; _builder_version=&#8221;3.25&#8243; background_size=&#8221;initial&#8221; background_position=&#8221;top_left&#8221; background_repeat=&#8221;repeat&#8221; column_structure=&#8221;2_3,1_3&#8243;][et_pb_column type=&#8221;2_3&#8243; _builder_version=&#8221;3.25&#8243; custom_padding=&#8221;|||&#8221; custom_padding__hover=&#8221;|||&#8221;][et_pb_text admin_label=&#8221;Texto&#8221; _builder_version=&#8221;4.4.8&#8243; background_size=&#8221;initial&#8221; background_position=&#8221;top_left&#8221; background_repeat=&#8221;repeat&#8221; text_orientation=&#8221;justified&#8221; hover_enabled=&#8221;0&#8243; use_border_color=&#8221;off&#8221; border_color=&#8221;#ffffff&#8221; border_style=&#8221;solid&#8221;]<\/p>\n<p>Os recordamos que el domingo 23 de agosto y el domingo 30 de agosto se mantienen las restricciones a la circulaci\u00f3n de camiones en la A-1, AP-1 y N-1 en los siguientes tramos y horarios:<\/p>\n<p>&nbsp;<\/p>\n<p>[\/et_pb_text][et_pb_image _builder_version=&#8221;4.4.8&#8243; title_text=&#8221;Captura 3&#8243; src=&#8221;https:\/\/cetm-madrid.es\/web\/wp-content\/uploads\/2020\/08\/Captura-3.png&#8221; hover_enabled=&#8221;0&#8243;][\/et_pb_image][et_pb_text admin_label=&#8221;Texto&#8221; _builder_version=&#8221;4.4.8&#8243; background_size=&#8221;initial&#8221; background_position=&#8221;top_left&#8221; background_repeat=&#8221;repeat&#8221; text_orientation=&#8221;justified&#8221; hover_enabled=&#8221;0&#8243; use_border_color=&#8221;off&#8221; border_color=&#8221;#ffffff&#8221; border_style=&#8221;solid&#8221;]<\/p>\n<p>Hay que tener en cuenta que la Direcci\u00f3n General de Tr\u00e1fico (DGT) contin\u00faa manteniendo las restricciones en dichos tramos los domingos y festivos para los veh\u00edculos de mercanc\u00edas peligrosas que superen los 7.500 kg de M.M.A o M.M.C y los veh\u00edculos que precisen autorizaci\u00f3n complementaria y veh\u00edculos especiales.<\/p>\n<p>Desde la CETM os recomendamos planificar la ruta con antelaci\u00f3n para as\u00ed evitar contratiempos.<\/p>\n<p>&nbsp;<\/p>\n<p>[\/et_pb_text][\/et_pb_column][et_pb_column type=&#8221;1_3&#8243; _builder_version=&#8221;3.25&#8243; custom_padding=&#8221;|||&#8221; custom_padding__hover=&#8221;|||&#8221;][et_pb_image src=&#8221;https:\/\/cetm-madrid.es\/web\/wp-content\/uploads\/2020\/08\/Captura.png&#8221; align_tablet=&#8221;center&#8221; align_last_edited=&#8221;on|desktop&#8221; admin_label=&#8221;Imagen&#8221; _builder_version=&#8221;4.4.8&#8243; animation_style=&#8221;slide&#8221; animation_direction=&#8221;left&#8221; animation_duration=&#8221;500ms&#8221; animation_intensity_slide=&#8221;10%&#8221; hover_enabled=&#8221;0&#8243; use_border_color=&#8221;off&#8221; border_color=&#8221;#ffffff&#8221; border_style=&#8221;solid&#8221; animation=&#8221;left&#8221; sticky=&#8221;off&#8221; always_center_on_mobile=&#8221;on&#8221; title_text=&#8221;Captura&#8221;][\/et_pb_image][\/et_pb_column][\/et_pb_row][\/et_pb_section]<\/p>\n","protected":false},"excerpt":{"rendered":"<p>Os recordamos que el domingo 23 de agosto y el domingo 30 de agosto se mantienen las restricciones a la circulaci\u00f3n de camiones en la A-1, AP-1 y N-1 en los siguientes tramos y horarios: &nbsp; Hay que tener en cuenta que la Direcci\u00f3n General de Tr\u00e1fico (DGT) contin\u00faa manteniendo las restricciones en dichos tramos [&hellip;]<\/p>\n","protected":false},"author":1,"featured_media":6013,"comment_status":"closed","ping_status":"open","sticky":false,"template":"","format":"standard","meta":{"_et_pb_use_builder":"on","_et_pb_old_content":"","_et_gb_content_width":"","footnotes":""},"categories":[5,4],"tags":[],"class_list":["post-6009","post","type-post","status-publish","format-standard","has-post-thumbnail","hentry","category-general","category-organizacion"],"_links":{"self":[{"href":"https:\/\/cetm-madrid.es\/web\/wp-json\/wp\/v2\/posts\/6009","targetHints":{"allow":["GET"]}}],"collection":[{"href":"https:\/\/cetm-madrid.es\/web\/wp-json\/wp\/v2\/posts"}],"about":[{"href":"https:\/\/cetm-madrid.es\/web\/wp-json\/wp\/v2\/types\/post"}],"author":[{"embeddable":true,"href":"https:\/\/cetm-madrid.es\/web\/wp-json\/wp\/v2\/users\/1"}],"replies":[{"embeddable":true,"href":"https:\/\/cetm-madrid.es\/web\/wp-json\/wp\/v2\/comments?post=6009"}],"version-history":[{"count":2,"href":"https:\/\/cetm-madrid.es\/web\/wp-json\/wp\/v2\/posts\/6009\/revisions"}],"predecessor-version":[{"id":6014,"href":"https:\/\/cetm-madrid.es\/web\/wp-json\/wp\/v2\/posts\/6009\/revisions\/6014"}],"wp:featuredmedia":[{"embeddable":true,"href":"https:\/\/cetm-madrid.es\/web\/wp-json\/wp\/v2\/media\/6013"}],"wp:attachment":[{"href":"https:\/\/cetm-madrid.es\/web\/wp-json\/wp\/v2\/media?parent=6009"}],"wp:term":[{"taxonomy":"category","embeddable":true,"href":"https:\/\/cetm-madrid.es\/web\/wp-json\/wp\/v2\/categories?post=6009"},{"taxonomy":"post_tag","embeddable":true,"href":"https:\/\/cetm-madrid.es\/web\/wp-json\/wp\/v2\/tags?post=6009"}],"curies":[{"name":"wp","href":"https:\/\/api.w.org\/{rel}","templated":true}]}}