{"id":5932,"date":"2020-07-30T18:19:17","date_gmt":"2020-07-30T18:19:17","guid":{"rendered":"https:\/\/cetm-madrid.es\/web\/?p=5932"},"modified":"2020-08-02T18:24:50","modified_gmt":"2020-08-02T18:24:50","slug":"se-retrasa-la-celebracion-del-18-congreso-nacional-de-empresarios-de-transporte-2","status":"publish","type":"post","link":"https:\/\/cetm-madrid.es\/web\/se-retrasa-la-celebracion-del-18-congreso-nacional-de-empresarios-de-transporte-2\/","title":{"rendered":"SE RETRASA LA CELEBRACI\u00d3N DEL 18 CONGRESO NACIONAL DE EMPRESARIOS DE TRANSPORTE"},"content":{"rendered":"<p>[et_pb_section fb_built=&#8221;1&#8243; admin_label=&#8221;section&#8221; _builder_version=&#8221;3.22&#8243;][et_pb_row column_structure=&#8221;2_3,1_3&#8243; admin_label=&#8221;row&#8221; _builder_version=&#8221;3.25&#8243; background_size=&#8221;initial&#8221; background_position=&#8221;top_left&#8221; background_repeat=&#8221;repeat&#8221;][et_pb_column type=&#8221;2_3&#8243; _builder_version=&#8221;3.25&#8243; custom_padding=&#8221;|||&#8221; custom_padding__hover=&#8221;|||&#8221;][et_pb_text admin_label=&#8221;Texto&#8221; _builder_version=&#8221;4.4.8&#8243; background_size=&#8221;initial&#8221; background_position=&#8221;top_left&#8221; background_repeat=&#8221;repeat&#8221; text_orientation=&#8221;justified&#8221; use_border_color=&#8221;off&#8221; border_color=&#8221;#ffffff&#8221; border_style=&#8221;solid&#8221;]<\/p>\n<p><strong>El CONGRESO NACIONAL DE EMPRESARIOS DE TRANSPORTE &#8211; ALICANTE 2020<\/strong> cambia las fechas de la 18\u00ba edici\u00f3n ante la crisis sanitaria que est\u00e1 sufriendo Espa\u00f1a a causa del coronavirus. De esta manera, el evento l\u00edder de transporte y log\u00edstica de nuestro pa\u00eds pasar\u00e1 a celebrarse <strong>del 27 al 29 de mayo de 2021.<\/strong><\/p>\n<p>Esta decisi\u00f3n obedece a una cuesti\u00f3n de <strong>responsabilidad<\/strong> y tiene como \u00fanico objetivo poder celebrarlo en las mejores condiciones posibles y dentro de un entorno m\u00e1s favorable.\u00a0<\/p>\n<p>En la CETM somos absolutamente conscientes de que este Congreso es un evento de <strong>especial relevancia<\/strong> para el sector del transporte y la log\u00edstica de mercanc\u00edas, por lo que queremos asegurarnos de que nuestros congresistas, ponentes, patrocinadores y expositores <strong>puedan juntarse en un entorno seguro y en las condiciones m\u00e1s adecuadas<\/strong> para que este evento sea, una vez m\u00e1s, un \u00e9xito.<\/p>\n<p>Estamos convencidos de que la pr\u00f3xima edici\u00f3n de nuestro Congreso ser\u00e1 <strong>m\u00e1s importante que nunca<\/strong> porque servir\u00e1 para analizar la situaci\u00f3n de la econom\u00eda espa\u00f1ola y, en particular, la del sector del transporte y la log\u00edstica de mercanc\u00edas, despu\u00e9s del periodo de dificultades al que nos est\u00e1 sometiendo la pandemia del Covid-19.<\/p>\n<p>Agradecemos a todos vuestra comprensi\u00f3n, lamentamos los inconvenientes que esta medida pueda ocasionar y <strong>esperamos poder volver a vernos muy pronto. <\/strong><\/p>\n<p>[\/et_pb_text][\/et_pb_column][et_pb_column type=&#8221;1_3&#8243; _builder_version=&#8221;3.25&#8243; custom_padding=&#8221;|||&#8221; custom_padding__hover=&#8221;|||&#8221;][et_pb_image src=&#8221;https:\/\/cetm-madrid.es\/web\/wp-content\/uploads\/2020\/08\/Captura-1.png&#8221; title_text=&#8221;Captura 1&#8243; align_tablet=&#8221;center&#8221; align_phone=&#8221;&#8221; align_last_edited=&#8221;on|desktop&#8221; admin_label=&#8221;Imagen&#8221; _builder_version=&#8221;4.4.8&#8243; animation_style=&#8221;slide&#8221; animation_direction=&#8221;left&#8221; animation_duration=&#8221;500ms&#8221; animation_intensity_slide=&#8221;10%&#8221; use_border_color=&#8221;off&#8221; border_color=&#8221;#ffffff&#8221; border_style=&#8221;solid&#8221; animation=&#8221;left&#8221; sticky=&#8221;off&#8221; always_center_on_mobile=&#8221;on&#8221;][\/et_pb_image][\/et_pb_column][\/et_pb_row][\/et_pb_section]<\/p>\n","protected":false},"excerpt":{"rendered":"<p>El CONGRESO NACIONAL DE EMPRESARIOS DE TRANSPORTE &#8211; ALICANTE 2020 cambia las fechas de la 18\u00ba edici\u00f3n ante la crisis sanitaria que est\u00e1 sufriendo Espa\u00f1a a causa del coronavirus. De esta manera, el evento l\u00edder de transporte y log\u00edstica de nuestro pa\u00eds pasar\u00e1 a celebrarse del 27 al 29 de mayo de 2021. Esta decisi\u00f3n [&hellip;]<\/p>\n","protected":false},"author":1,"featured_media":5935,"comment_status":"closed","ping_status":"open","sticky":false,"template":"","format":"standard","meta":{"_et_pb_use_builder":"on","_et_pb_old_content":"","_et_gb_content_width":"","footnotes":""},"categories":[5,4],"tags":[],"class_list":["post-5932","post","type-post","status-publish","format-standard","has-post-thumbnail","hentry","category-general","category-organizacion"],"_links":{"self":[{"href":"https:\/\/cetm-madrid.es\/web\/wp-json\/wp\/v2\/posts\/5932","targetHints":{"allow":["GET"]}}],"collection":[{"href":"https:\/\/cetm-madrid.es\/web\/wp-json\/wp\/v2\/posts"}],"about":[{"href":"https:\/\/cetm-madrid.es\/web\/wp-json\/wp\/v2\/types\/post"}],"author":[{"embeddable":true,"href":"https:\/\/cetm-madrid.es\/web\/wp-json\/wp\/v2\/users\/1"}],"replies":[{"embeddable":true,"href":"https:\/\/cetm-madrid.es\/web\/wp-json\/wp\/v2\/comments?post=5932"}],"version-history":[{"count":3,"href":"https:\/\/cetm-madrid.es\/web\/wp-json\/wp\/v2\/posts\/5932\/revisions"}],"predecessor-version":[{"id":5937,"href":"https:\/\/cetm-madrid.es\/web\/wp-json\/wp\/v2\/posts\/5932\/revisions\/5937"}],"wp:featuredmedia":[{"embeddable":true,"href":"https:\/\/cetm-madrid.es\/web\/wp-json\/wp\/v2\/media\/5935"}],"wp:attachment":[{"href":"https:\/\/cetm-madrid.es\/web\/wp-json\/wp\/v2\/media?parent=5932"}],"wp:term":[{"taxonomy":"category","embeddable":true,"href":"https:\/\/cetm-madrid.es\/web\/wp-json\/wp\/v2\/categories?post=5932"},{"taxonomy":"post_tag","embeddable":true,"href":"https:\/\/cetm-madrid.es\/web\/wp-json\/wp\/v2\/tags?post=5932"}],"curies":[{"name":"wp","href":"https:\/\/api.w.org\/{rel}","templated":true}]}}