{"id":5910,"date":"2020-07-27T17:54:29","date_gmt":"2020-07-27T17:54:29","guid":{"rendered":"https:\/\/cetm-madrid.es\/web\/?p=5910"},"modified":"2020-07-28T18:09:39","modified_gmt":"2020-07-28T18:09:39","slug":"toda-la-cadena-de-suministro-apoya-la-implantacion-y-uso-generalizado-del-documento-electronico-de-transporte","status":"publish","type":"post","link":"https:\/\/cetm-madrid.es\/web\/toda-la-cadena-de-suministro-apoya-la-implantacion-y-uso-generalizado-del-documento-electronico-de-transporte\/","title":{"rendered":"Toda la cadena de suministro apoya la implantaci\u00f3n y uso generalizado del Documento Electr\u00f3nico de Transporte"},"content":{"rendered":"<p>[et_pb_section fb_built=&#8221;1&#8243; admin_label=&#8221;section&#8221; _builder_version=&#8221;3.22&#8243;][et_pb_row column_structure=&#8221;2_3,1_3&#8243; admin_label=&#8221;row&#8221; _builder_version=&#8221;3.25&#8243; background_size=&#8221;initial&#8221; background_position=&#8221;top_left&#8221; background_repeat=&#8221;repeat&#8221;][et_pb_column type=&#8221;2_3&#8243; _builder_version=&#8221;3.25&#8243; custom_padding=&#8221;|||&#8221; custom_padding__hover=&#8221;|||&#8221;][et_pb_text admin_label=&#8221;Texto&#8221; _builder_version=&#8221;4.4.8&#8243; background_size=&#8221;initial&#8221; background_position=&#8221;top_left&#8221; background_repeat=&#8221;repeat&#8221; text_orientation=&#8221;justified&#8221; use_border_color=&#8221;off&#8221; border_color=&#8221;#ffffff&#8221; border_style=&#8221;solid&#8221;]<\/p>\n<p>La semana pasada se celebr\u00f3 la cuarta reuni\u00f3n del grupo de trabajo constituido para analizar la situaci\u00f3n de la digitalizaci\u00f3n del transporte de mercanc\u00edas en Espa\u00f1a y dise\u00f1ar las acciones necesarias para potenciar el uso de la documentaci\u00f3n electr\u00f3nica.<\/p>\n<p>Este grupo, formado por once asociaciones de la cadena de suministro (Aeutransmer, Astic, Bequinor, Cetm, Cluster de la Funci\u00f3n Log\u00edstica de Galicia, Fenadismer, Feteia-Oltra, Fetransa, Fvet, Transprime y Uno Log\u00edstica), cinco autoridades portuarias (Barcelona, Bilbao, Huelva, Tarragona yValencia) y diez plataformas tecnol\u00f3gicas (Altia, E-customs, Eurogesti\u00f3n, Pionira, Timocom, Transfollow, Wanatruck, Webtrans, Widoit y Wtransnet (Grupo Alpega)), representa a m\u00e1s de 300.000 empresas que est\u00e1n convencidas de la necesidad de abordar estas herramientas tecnol\u00f3gicas y generalizar su uso, no solo para eliminar el papel, sino tambi\u00e9n por las innumerables ventajas que ofrece el sistema en t\u00e9rminos de coste, eficiencia y transparencia en la gesti\u00f3n del<br \/>transporte de mercanc\u00edas.<\/p>\n<p>La actual crisis sanitaria por COVID-19 y los rebrotes que se est\u00e1n sucediendo, demuestra la importancia de las soluciones digitales en la cadena log\u00edstica, respaldada por las recomendaciones de la UE para que los Estados miembros abandonen el papel y adopten plenamente el intercambio digital de informaci\u00f3n de transporte.<\/p>\n<p>El grupo de trabajo aspira a posicionar a la industria espa\u00f1ola de la carga y el transporte a la cabeza de Europa, en la gesti\u00f3n documental digital de las operaciones de transporte de la cadena, y de cara tambi\u00e9n a estar preparados para la entrada en vigor del nuevo marco jur\u00eddico propuesto por la UE, para que las empresas proporcionen a las autoridades la informaci\u00f3n de transporte en formato digital.<\/p>\n<p>En la reuni\u00f3n tambi\u00e9n se abordaron otros asuntos tales como los efectos de la inspecci\u00f3n en carretera, la posibilidad de establecer ayudas o incentivos para la integraci\u00f3n del DET en los sistemas de gesti\u00f3n de las pymes, o la necesidad de una formaci\u00f3n espec\u00edfica en este \u00e1mbito.\u00a0<\/p>\n<p>Por \u00faltimo, se acord\u00f3 elaborar y distribuir un cuestionario destinado a recopilar informaci\u00f3n sobre los principales motivos que est\u00e1n frenando el desarrollo del DET.\u00a0<\/p>\n<p>En relaci\u00f3n el e-CMR, en el \u00faltimo mes se han producido dos nuevas adhesiones al protocolo del documento electr\u00f3nico de transporte bajo la Convenci\u00f3n de las Naciones Unidas para el transporte de mercanc\u00edas. Con la ratificaci\u00f3n de Noruega y Ucrania, ya son 27 pa\u00edses los que est\u00e1n formalmente comprometidos con la implementaci\u00f3n del CMR electr\u00f3nico.<\/p>\n<p>La ratificaci\u00f3n del protocolo por parte de Noruega, pa\u00eds que pr\u00f3ximamente har\u00e1 obligatorio el uso del e-CMR, completa la cobertura en Escandinavia, mientras que la adhesi\u00f3n de Ucrania al e-CMR resulta estrat\u00e9gica, ya que conecta los corredores de carga de Europa del Este, desde Finlandia, pa\u00edses b\u00e1lticos, Polonia y Ucrania, hasta Rumania y Bulgaria, llegando incluso a Turqu\u00eda.<\/p>\n<p>El grupo continuar\u00e1 en septiembre los trabajos para promover el uso de la documentaci\u00f3n electr\u00f3nica de transporte, como una herramienta cr\u00edtica para mejorar los costes, la eficiencia y la seguridad del transporte y la log\u00edstica.<\/p>\n<p>&nbsp;<\/p>\n<p>[\/et_pb_text][\/et_pb_column][et_pb_column type=&#8221;1_3&#8243; _builder_version=&#8221;3.25&#8243; custom_padding=&#8221;|||&#8221; custom_padding__hover=&#8221;|||&#8221;][et_pb_image src=&#8221;https:\/\/cetm-madrid.es\/web\/wp-content\/uploads\/2020\/07\/Reunion_GT_DET_17_07_2020_Logos.gif&#8221; title_text=&#8221;Reunion_GT_DET_17_07_2020_Logos&#8221; align_tablet=&#8221;center&#8221; align_phone=&#8221;&#8221; align_last_edited=&#8221;on|desktop&#8221; admin_label=&#8221;Imagen&#8221; _builder_version=&#8221;4.4.8&#8243; animation_style=&#8221;slide&#8221; animation_direction=&#8221;left&#8221; animation_duration=&#8221;500ms&#8221; animation_intensity_slide=&#8221;10%&#8221; use_border_color=&#8221;off&#8221; border_color=&#8221;#ffffff&#8221; border_style=&#8221;solid&#8221; animation=&#8221;left&#8221; sticky=&#8221;off&#8221; always_center_on_mobile=&#8221;on&#8221;][\/et_pb_image][\/et_pb_column][\/et_pb_row][\/et_pb_section]<\/p>\n","protected":false},"excerpt":{"rendered":"<p>La semana pasada se celebr\u00f3 la cuarta reuni\u00f3n del grupo de trabajo constituido para analizar la situaci\u00f3n de la digitalizaci\u00f3n del transporte de mercanc\u00edas en Espa\u00f1a y dise\u00f1ar las acciones necesarias para potenciar el uso de la documentaci\u00f3n electr\u00f3nica. Este grupo, formado por once asociaciones de la cadena de suministro (Aeutransmer, Astic, Bequinor, Cetm, Cluster [&hellip;]<\/p>\n","protected":false},"author":1,"featured_media":5913,"comment_status":"closed","ping_status":"open","sticky":false,"template":"","format":"standard","meta":{"_et_pb_use_builder":"on","_et_pb_old_content":"","_et_gb_content_width":"","footnotes":""},"categories":[5,4],"tags":[],"class_list":["post-5910","post","type-post","status-publish","format-standard","has-post-thumbnail","hentry","category-general","category-organizacion"],"_links":{"self":[{"href":"https:\/\/cetm-madrid.es\/web\/wp-json\/wp\/v2\/posts\/5910","targetHints":{"allow":["GET"]}}],"collection":[{"href":"https:\/\/cetm-madrid.es\/web\/wp-json\/wp\/v2\/posts"}],"about":[{"href":"https:\/\/cetm-madrid.es\/web\/wp-json\/wp\/v2\/types\/post"}],"author":[{"embeddable":true,"href":"https:\/\/cetm-madrid.es\/web\/wp-json\/wp\/v2\/users\/1"}],"replies":[{"embeddable":true,"href":"https:\/\/cetm-madrid.es\/web\/wp-json\/wp\/v2\/comments?post=5910"}],"version-history":[{"count":3,"href":"https:\/\/cetm-madrid.es\/web\/wp-json\/wp\/v2\/posts\/5910\/revisions"}],"predecessor-version":[{"id":5919,"href":"https:\/\/cetm-madrid.es\/web\/wp-json\/wp\/v2\/posts\/5910\/revisions\/5919"}],"wp:featuredmedia":[{"embeddable":true,"href":"https:\/\/cetm-madrid.es\/web\/wp-json\/wp\/v2\/media\/5913"}],"wp:attachment":[{"href":"https:\/\/cetm-madrid.es\/web\/wp-json\/wp\/v2\/media?parent=5910"}],"wp:term":[{"taxonomy":"category","embeddable":true,"href":"https:\/\/cetm-madrid.es\/web\/wp-json\/wp\/v2\/categories?post=5910"},{"taxonomy":"post_tag","embeddable":true,"href":"https:\/\/cetm-madrid.es\/web\/wp-json\/wp\/v2\/tags?post=5910"}],"curies":[{"name":"wp","href":"https:\/\/api.w.org\/{rel}","templated":true}]}}