{"id":5903,"date":"2020-07-24T18:32:04","date_gmt":"2020-07-24T18:32:04","guid":{"rendered":"https:\/\/cetm-madrid.es\/web\/?p=5903"},"modified":"2020-07-24T18:32:08","modified_gmt":"2020-07-24T18:32:08","slug":"reaccion-de-la-cetm-tras-la-desconvocatoria-del-paro-patronal-en-el-transporte-de-mercancias","status":"publish","type":"post","link":"https:\/\/cetm-madrid.es\/web\/reaccion-de-la-cetm-tras-la-desconvocatoria-del-paro-patronal-en-el-transporte-de-mercancias\/","title":{"rendered":"REACCI\u00d3N DE LA CETM TRAS LA DESCONVOCATORIA DEL PARO PATRONAL EN EL TRANSPORTE DE MERCANC\u00cdAS"},"content":{"rendered":"<p>[et_pb_section fb_built=&#8221;1&#8243; admin_label=&#8221;section&#8221; _builder_version=&#8221;3.22&#8243;][et_pb_row admin_label=&#8221;row&#8221; _builder_version=&#8221;3.25&#8243; background_size=&#8221;initial&#8221; background_position=&#8221;top_left&#8221; background_repeat=&#8221;repeat&#8221; column_structure=&#8221;2_3,1_3&#8243;][et_pb_column type=&#8221;2_3&#8243; _builder_version=&#8221;3.25&#8243; custom_padding=&#8221;|||&#8221; custom_padding__hover=&#8221;|||&#8221;][et_pb_text admin_label=&#8221;Texto&#8221; _builder_version=&#8221;4.4.8&#8243; background_size=&#8221;initial&#8221; background_position=&#8221;top_left&#8221; background_repeat=&#8221;repeat&#8221; text_orientation=&#8221;justified&#8221; hover_enabled=&#8221;0&#8243; use_border_color=&#8221;off&#8221; border_color=&#8221;#ffffff&#8221; border_style=&#8221;solid&#8221;]<\/p>\n<p>La Junta Directiva de la Confederaci\u00f3n Espa\u00f1ola de Transporte de Mercanc\u00edas (CETM) se ha reunido para analizar el contenido del acuerdo alcanzado ayer entre el Comit\u00e9 Nacional de Transporte por Carretera (CNTC) y el Ministerio de Transporte, Movilidad y Agenda Urbana, y que ha dado lugar a la desconvocatoria del paro patronal en el transporte de mercanc\u00edas previsto para los d\u00edas 27 y 28 de julio.<\/p>\n<p>Nuestra Junta Directiva ha valorado tanto el trabajo realizado por nuestros negociadores como los compromisos adquiridos por el Ministerio respecto de medidas que consideramos fundamentales para la supervivencia de las empresas de nuestro sector, aunque lamenta que haya sido necesaria la convocatoria de un paro patronal para que el Gobierno dejara de ignorarnos y se sentara a negociar las reivindicaciones hist\u00f3ricas y absolutamente justas de un sector que ha mostrado un compromiso ejemplar con toda la sociedad espa\u00f1ola durante esta pandemia, trabajando sin descanso para que no faltara de nada, y demostrando el car\u00e1cter esencial de una actividad no siempre reconocida, pese a las enormes dificultades y riesgos a los que ha tenido que enfrentarse para ello.<\/p>\n<p>La CETM considera que los acuerdos alcanzados no cubren todas nuestras aspiraciones, pero nos parecen un punto de partida s\u00f3lido sobre el que comenzar a trabajar de inmediato para poner en marcha los proyectos normativos comprometidos. En este sentido, ante le<br \/>importancia que tienen las medidas acordadas de cara a garantizar la supervivencia del tejido empresarial del transporte de mercanc\u00edas por carretera, confiamos en que el desarrollo de estos trabajos se realice en los t\u00e9rminos y plazos acordados, de manera que no sea<br \/>necesario tener que llegar, de nuevo, a medidas de presi\u00f3n que pudieran derivar en una situaci\u00f3n de conflicto que no deseamos, dada la delicada situaci\u00f3n de la econom\u00eda, pero que ser\u00eda inevitable.<\/p>\n<p>[\/et_pb_text][\/et_pb_column][et_pb_column type=&#8221;1_3&#8243; _builder_version=&#8221;3.25&#8243; custom_padding=&#8221;|||&#8221; custom_padding__hover=&#8221;|||&#8221;][et_pb_image src=&#8221;https:\/\/cetm-madrid.es\/web\/wp-content\/uploads\/2020\/07\/Captura-6.png&#8221; align_tablet=&#8221;center&#8221; align_last_edited=&#8221;on|desktop&#8221; admin_label=&#8221;Imagen&#8221; _builder_version=&#8221;4.4.8&#8243; animation_style=&#8221;slide&#8221; animation_direction=&#8221;left&#8221; animation_duration=&#8221;500ms&#8221; animation_intensity_slide=&#8221;10%&#8221; hover_enabled=&#8221;0&#8243; use_border_color=&#8221;off&#8221; border_color=&#8221;#ffffff&#8221; border_style=&#8221;solid&#8221; animation=&#8221;left&#8221; sticky=&#8221;off&#8221; always_center_on_mobile=&#8221;on&#8221; title_text=&#8221;Captura&#8221;][\/et_pb_image][\/et_pb_column][\/et_pb_row][\/et_pb_section]<\/p>\n","protected":false},"excerpt":{"rendered":"<p>La Junta Directiva de la Confederaci\u00f3n Espa\u00f1ola de Transporte de Mercanc\u00edas (CETM) se ha reunido para analizar el contenido del acuerdo alcanzado ayer entre el Comit\u00e9 Nacional de Transporte por Carretera (CNTC) y el Ministerio de Transporte, Movilidad y Agenda Urbana, y que ha dado lugar a la desconvocatoria del paro patronal en el transporte [&hellip;]<\/p>\n","protected":false},"author":1,"featured_media":5906,"comment_status":"closed","ping_status":"open","sticky":false,"template":"","format":"standard","meta":{"_et_pb_use_builder":"on","_et_pb_old_content":"","_et_gb_content_width":"","footnotes":""},"categories":[5,4],"tags":[],"class_list":["post-5903","post","type-post","status-publish","format-standard","has-post-thumbnail","hentry","category-general","category-organizacion"],"_links":{"self":[{"href":"https:\/\/cetm-madrid.es\/web\/wp-json\/wp\/v2\/posts\/5903","targetHints":{"allow":["GET"]}}],"collection":[{"href":"https:\/\/cetm-madrid.es\/web\/wp-json\/wp\/v2\/posts"}],"about":[{"href":"https:\/\/cetm-madrid.es\/web\/wp-json\/wp\/v2\/types\/post"}],"author":[{"embeddable":true,"href":"https:\/\/cetm-madrid.es\/web\/wp-json\/wp\/v2\/users\/1"}],"replies":[{"embeddable":true,"href":"https:\/\/cetm-madrid.es\/web\/wp-json\/wp\/v2\/comments?post=5903"}],"version-history":[{"count":2,"href":"https:\/\/cetm-madrid.es\/web\/wp-json\/wp\/v2\/posts\/5903\/revisions"}],"predecessor-version":[{"id":5907,"href":"https:\/\/cetm-madrid.es\/web\/wp-json\/wp\/v2\/posts\/5903\/revisions\/5907"}],"wp:featuredmedia":[{"embeddable":true,"href":"https:\/\/cetm-madrid.es\/web\/wp-json\/wp\/v2\/media\/5906"}],"wp:attachment":[{"href":"https:\/\/cetm-madrid.es\/web\/wp-json\/wp\/v2\/media?parent=5903"}],"wp:term":[{"taxonomy":"category","embeddable":true,"href":"https:\/\/cetm-madrid.es\/web\/wp-json\/wp\/v2\/categories?post=5903"},{"taxonomy":"post_tag","embeddable":true,"href":"https:\/\/cetm-madrid.es\/web\/wp-json\/wp\/v2\/tags?post=5903"}],"curies":[{"name":"wp","href":"https:\/\/api.w.org\/{rel}","templated":true}]}}