{"id":5866,"date":"2020-07-16T10:58:29","date_gmt":"2020-07-16T10:58:29","guid":{"rendered":"https:\/\/cetm-madrid.es\/web\/?p=5866"},"modified":"2020-07-20T11:10:24","modified_gmt":"2020-07-20T11:10:24","slug":"exito-en-la-celebracion-del-iv-congreso-de-innovacion-logistica","status":"publish","type":"post","link":"https:\/\/cetm-madrid.es\/web\/exito-en-la-celebracion-del-iv-congreso-de-innovacion-logistica\/","title":{"rendered":"\u00c9XITO EN LA CELEBRACI\u00d3N DEL IV CONGRESO DE INNOVACI\u00d3N LOG\u00cdSTICA"},"content":{"rendered":"<p>[et_pb_section fb_built=&#8221;1&#8243; admin_label=&#8221;section&#8221; _builder_version=&#8221;3.22&#8243;][et_pb_row column_structure=&#8221;2_3,1_3&#8243; admin_label=&#8221;row&#8221; _builder_version=&#8221;3.25&#8243; background_size=&#8221;initial&#8221; background_position=&#8221;top_left&#8221; background_repeat=&#8221;repeat&#8221;][et_pb_column type=&#8221;2_3&#8243; _builder_version=&#8221;3.25&#8243; custom_padding=&#8221;|||&#8221; custom_padding__hover=&#8221;|||&#8221;][et_pb_text admin_label=&#8221;Texto&#8221; _builder_version=&#8221;4.4.8&#8243; background_size=&#8221;initial&#8221; background_position=&#8221;top_left&#8221; background_repeat=&#8221;repeat&#8221; text_orientation=&#8221;justified&#8221; use_border_color=&#8221;off&#8221; border_color=&#8221;#ffffff&#8221; border_style=&#8221;solid&#8221;]<\/p>\n<p>La celebraci\u00f3n del IV Congreso de Innovaci\u00f3n Log\u00edstica, que tuvo lugar el 30 de junio y el 2 de julio, logr\u00f3 reunir en su formato online a m\u00e1s de 5.000 directivos y profesionales del sector de la log\u00edstica y el transporte.<\/p>\n<p>La Asociaci\u00f3n de Centros de Log\u00edstica y Transporte de Espa\u00f1a (ACTE) ha sido uno de los principales colaboradores, participando de manera activa en este evento que se ha llegado a convertirse en el congreso de habla hispana m\u00e1s grande del mundo.<\/p>\n<p>El presidente de la CEOE, Antonio Garamendi, fue el encargado de abrir esta cuarta edici\u00f3n que, adem\u00e1s, ha contado con la participaci\u00f3n de expertos de numerosas empresas como Carrefour, Ikea, Mango, Seat, Novartis, Veepee, Seur, HP, MercedesBenz Trucks, Denso, BASF, IESE o el Port de Barcelona.<\/p>\n<p>Para aquellos que quieran revivir el congreso, Slimstock ha puesto a su disposici\u00f3n todos los recursos en su p\u00e1gina web. Entre el material disponible para descargar se encuentran los v\u00eddeos de las ponencias, presentaciones y resultados de estudio.<\/p>\n<p>Tambi\u00e9n podr\u00e1n encontrar la Revista del Congreso de Innovaci\u00f3n Log\u00edstica, donde Ram\u00f3n V\u00e1zquez, presidente de ACTE y miembro del Comit\u00e9 Ejecutivo de CETM, escribe un art\u00edculo titulado \u2018El cambio permanente en las Cadena de Suministro genera impactos en la Distribuci\u00f3n Urbana de Mercanc\u00edas y la \u00faltima Milla\u2019. (Disponible en la p\u00e1gina 43)<\/p>\n<p>\u2022 Enlace para acceder a la revista: <a href=\"https:\/\/www.slimstock.com\/es\/cil2020-recursos-destacados\/congreso-innovacion-logistica-2020-revista\/\" target=\"_blank\" rel=\"noopener noreferrer\">https:\/\/www.slimstock.com\/es\/cil2020-recursos-destacados\/congreso-innovacion-logistica-2020-revista\/<\/a><\/p>\n<p>\u2022 Enlace donde se encuentra todo el material disponible:<br \/><a href=\"https:\/\/go.slimstock.com\/cil-20-em-rv-acte\" target=\"_blank\" rel=\"noopener noreferrer\">https:\/\/go.slimstock.com\/cil-20-em-rv-acte<\/a><\/p>\n<p>[\/et_pb_text][\/et_pb_column][et_pb_column type=&#8221;1_3&#8243; _builder_version=&#8221;3.25&#8243; custom_padding=&#8221;|||&#8221; custom_padding__hover=&#8221;|||&#8221;][et_pb_image src=&#8221;https:\/\/cetm-madrid.es\/web\/wp-content\/uploads\/2020\/07\/Captura-2-1.png&#8221; title_text=&#8221;Captura 2&#8243; align_tablet=&#8221;center&#8221; align_phone=&#8221;&#8221; align_last_edited=&#8221;on|desktop&#8221; admin_label=&#8221;Imagen&#8221; _builder_version=&#8221;4.4.8&#8243; animation_style=&#8221;slide&#8221; animation_direction=&#8221;left&#8221; animation_duration=&#8221;500ms&#8221; animation_intensity_slide=&#8221;10%&#8221; use_border_color=&#8221;off&#8221; border_color=&#8221;#ffffff&#8221; border_style=&#8221;solid&#8221; animation=&#8221;left&#8221; sticky=&#8221;off&#8221; always_center_on_mobile=&#8221;on&#8221;][\/et_pb_image][\/et_pb_column][\/et_pb_row][\/et_pb_section]<\/p>\n","protected":false},"excerpt":{"rendered":"<p>La celebraci\u00f3n del IV Congreso de Innovaci\u00f3n Log\u00edstica, que tuvo lugar el 30 de junio y el 2 de julio, logr\u00f3 reunir en su formato online a m\u00e1s de 5.000 directivos y profesionales del sector de la log\u00edstica y el transporte. La Asociaci\u00f3n de Centros de Log\u00edstica y Transporte de Espa\u00f1a (ACTE) ha sido uno [&hellip;]<\/p>\n","protected":false},"author":1,"featured_media":5870,"comment_status":"closed","ping_status":"open","sticky":false,"template":"","format":"standard","meta":{"_et_pb_use_builder":"on","_et_pb_old_content":"","_et_gb_content_width":"","footnotes":""},"categories":[5,4],"tags":[],"class_list":["post-5866","post","type-post","status-publish","format-standard","has-post-thumbnail","hentry","category-general","category-organizacion"],"_links":{"self":[{"href":"https:\/\/cetm-madrid.es\/web\/wp-json\/wp\/v2\/posts\/5866","targetHints":{"allow":["GET"]}}],"collection":[{"href":"https:\/\/cetm-madrid.es\/web\/wp-json\/wp\/v2\/posts"}],"about":[{"href":"https:\/\/cetm-madrid.es\/web\/wp-json\/wp\/v2\/types\/post"}],"author":[{"embeddable":true,"href":"https:\/\/cetm-madrid.es\/web\/wp-json\/wp\/v2\/users\/1"}],"replies":[{"embeddable":true,"href":"https:\/\/cetm-madrid.es\/web\/wp-json\/wp\/v2\/comments?post=5866"}],"version-history":[{"count":3,"href":"https:\/\/cetm-madrid.es\/web\/wp-json\/wp\/v2\/posts\/5866\/revisions"}],"predecessor-version":[{"id":5873,"href":"https:\/\/cetm-madrid.es\/web\/wp-json\/wp\/v2\/posts\/5866\/revisions\/5873"}],"wp:featuredmedia":[{"embeddable":true,"href":"https:\/\/cetm-madrid.es\/web\/wp-json\/wp\/v2\/media\/5870"}],"wp:attachment":[{"href":"https:\/\/cetm-madrid.es\/web\/wp-json\/wp\/v2\/media?parent=5866"}],"wp:term":[{"taxonomy":"category","embeddable":true,"href":"https:\/\/cetm-madrid.es\/web\/wp-json\/wp\/v2\/categories?post=5866"},{"taxonomy":"post_tag","embeddable":true,"href":"https:\/\/cetm-madrid.es\/web\/wp-json\/wp\/v2\/tags?post=5866"}],"curies":[{"name":"wp","href":"https:\/\/api.w.org\/{rel}","templated":true}]}}