{"id":5851,"date":"2020-07-16T10:17:59","date_gmt":"2020-07-16T10:17:59","guid":{"rendered":"https:\/\/cetm-madrid.es\/web\/?p=5851"},"modified":"2020-07-16T10:18:03","modified_gmt":"2020-07-16T10:18:03","slug":"la-junta-directiva-de-conetrans-se-reafirma-en-la-celebracion-del-paro-patronal-el-transporte-de-mercancias-esta-cargadoderazones","status":"publish","type":"post","link":"https:\/\/cetm-madrid.es\/web\/la-junta-directiva-de-conetrans-se-reafirma-en-la-celebracion-del-paro-patronal-el-transporte-de-mercancias-esta-cargadoderazones\/","title":{"rendered":"LA JUNTA DIRECTIVA DE CONETRANS SE REAFIRMA EN LA CELEBRACI\u00d3N DEL PARO PATRONAL: EL TRANSPORTE DE MERCANC\u00cdAS EST\u00c1 #CARGADODERAZONES"},"content":{"rendered":"<p>[et_pb_section fb_built=&#8221;1&#8243; admin_label=&#8221;section&#8221; _builder_version=&#8221;3.22&#8243;][et_pb_row admin_label=&#8221;row&#8221; _builder_version=&#8221;3.25&#8243; background_size=&#8221;initial&#8221; background_position=&#8221;top_left&#8221; background_repeat=&#8221;repeat&#8221; column_structure=&#8221;2_3,1_3&#8243;][et_pb_column type=&#8221;2_3&#8243; _builder_version=&#8221;3.25&#8243; custom_padding=&#8221;|||&#8221; custom_padding__hover=&#8221;|||&#8221;][et_pb_text admin_label=&#8221;Texto&#8221; _builder_version=&#8221;4.4.8&#8243; background_size=&#8221;initial&#8221; background_position=&#8221;top_left&#8221; background_repeat=&#8221;repeat&#8221; text_orientation=&#8221;justified&#8221; hover_enabled=&#8221;0&#8243; use_border_color=&#8221;off&#8221; border_color=&#8221;#ffffff&#8221; border_style=&#8221;solid&#8221;]<\/p>\n<p>La Junta Directiva de la Confederaci\u00f3n espa\u00f1ola de Organizaciones Empresariales de Transporte por Carretera (CONETRANS), la principal organizaci\u00f3n de la CETM, se reafirma en la celebraci\u00f3n del paro patronal convocado por el Comit\u00e9 Nacional de Transporte por Carretera (CNTC) los d\u00edas 27 y 28 de julio.<\/p>\n<p>Tras la reuni\u00f3n que mantuvo este martes el CNTC con el Ministerio de Transportes, Movilidad y Agenda Urbana, la convocatoria de paro sigue en pie. A pesar de que durante la crisis sanitaria del COVID-19 se ha demostrado que el transporte de mercanc\u00edas por carretera es primordial para garantizar la cadena de suministro y el desarrollo de la econom\u00eda, el ministerio de Transportes sigue sin<br \/>atender reivindicaciones hist\u00f3ricas del sector.<\/p>\n<p>Despu\u00e9s de a\u00f1os, el transporte ha demostrado que est\u00e1 #CargadoDeRazones para reclamar cuestiones como la prohibici\u00f3n de la carga y la descarga, la limitaci\u00f3n a 30 d\u00edas de los plazos de pago y la necesidad de ayudas al sector para garantizar la supervivencia de su tejido empresarial y el mantenimiento del empleo. El Gobierno y las instituciones deben ser conscientes de la problem\u00e1tica que existe y plantear de una vez por todas soluciones apropiadas y reales que ayuden a los transportistas a seguir adelante.<\/p>\n<p>No podemos dejar que el transporte de mercanc\u00edas por carretera muera y, si no se llega a un acuerdo que resuelva en gran medida los principales problemas del sector, los transportistas de CONETRANS-CETM secundar\u00e1n el paro previsto. Somos un sector esencial para la econom\u00eda del pa\u00eds.<\/p>\n<p>[\/et_pb_text][\/et_pb_column][et_pb_column type=&#8221;1_3&#8243; _builder_version=&#8221;3.25&#8243; custom_padding=&#8221;|||&#8221; custom_padding__hover=&#8221;|||&#8221;][et_pb_image src=&#8221;https:\/\/cetm-madrid.es\/web\/wp-content\/uploads\/2020\/07\/Captura-1-1.png&#8221; align_tablet=&#8221;center&#8221; align_last_edited=&#8221;on|desktop&#8221; admin_label=&#8221;Imagen&#8221; _builder_version=&#8221;4.4.8&#8243; animation_style=&#8221;slide&#8221; animation_direction=&#8221;left&#8221; animation_duration=&#8221;500ms&#8221; animation_intensity_slide=&#8221;10%&#8221; hover_enabled=&#8221;0&#8243; use_border_color=&#8221;off&#8221; border_color=&#8221;#ffffff&#8221; border_style=&#8221;solid&#8221; animation=&#8221;left&#8221; sticky=&#8221;off&#8221; always_center_on_mobile=&#8221;on&#8221; title_text=&#8221;Captura 1&#8243;][\/et_pb_image][\/et_pb_column][\/et_pb_row][\/et_pb_section]<\/p>\n","protected":false},"excerpt":{"rendered":"<p>La Junta Directiva de la Confederaci\u00f3n espa\u00f1ola de Organizaciones Empresariales de Transporte por Carretera (CONETRANS), la principal organizaci\u00f3n de la CETM, se reafirma en la celebraci\u00f3n del paro patronal convocado por el Comit\u00e9 Nacional de Transporte por Carretera (CNTC) los d\u00edas 27 y 28 de julio. Tras la reuni\u00f3n que mantuvo este martes el CNTC [&hellip;]<\/p>\n","protected":false},"author":1,"featured_media":5854,"comment_status":"closed","ping_status":"open","sticky":false,"template":"","format":"standard","meta":{"_et_pb_use_builder":"on","_et_pb_old_content":"","_et_gb_content_width":"","footnotes":""},"categories":[5,4],"tags":[],"class_list":["post-5851","post","type-post","status-publish","format-standard","has-post-thumbnail","hentry","category-general","category-organizacion"],"_links":{"self":[{"href":"https:\/\/cetm-madrid.es\/web\/wp-json\/wp\/v2\/posts\/5851","targetHints":{"allow":["GET"]}}],"collection":[{"href":"https:\/\/cetm-madrid.es\/web\/wp-json\/wp\/v2\/posts"}],"about":[{"href":"https:\/\/cetm-madrid.es\/web\/wp-json\/wp\/v2\/types\/post"}],"author":[{"embeddable":true,"href":"https:\/\/cetm-madrid.es\/web\/wp-json\/wp\/v2\/users\/1"}],"replies":[{"embeddable":true,"href":"https:\/\/cetm-madrid.es\/web\/wp-json\/wp\/v2\/comments?post=5851"}],"version-history":[{"count":2,"href":"https:\/\/cetm-madrid.es\/web\/wp-json\/wp\/v2\/posts\/5851\/revisions"}],"predecessor-version":[{"id":5855,"href":"https:\/\/cetm-madrid.es\/web\/wp-json\/wp\/v2\/posts\/5851\/revisions\/5855"}],"wp:featuredmedia":[{"embeddable":true,"href":"https:\/\/cetm-madrid.es\/web\/wp-json\/wp\/v2\/media\/5854"}],"wp:attachment":[{"href":"https:\/\/cetm-madrid.es\/web\/wp-json\/wp\/v2\/media?parent=5851"}],"wp:term":[{"taxonomy":"category","embeddable":true,"href":"https:\/\/cetm-madrid.es\/web\/wp-json\/wp\/v2\/categories?post=5851"},{"taxonomy":"post_tag","embeddable":true,"href":"https:\/\/cetm-madrid.es\/web\/wp-json\/wp\/v2\/tags?post=5851"}],"curies":[{"name":"wp","href":"https:\/\/api.w.org\/{rel}","templated":true}]}}