{"id":5847,"date":"2020-07-15T10:05:58","date_gmt":"2020-07-15T10:05:58","guid":{"rendered":"https:\/\/cetm-madrid.es\/web\/?p=5847"},"modified":"2020-07-16T10:11:13","modified_gmt":"2020-07-16T10:11:13","slug":"el-transporte-no-consentira-mas-abusos-de-los-cargadores-respecto-a-la-carga-y-descarga-de-mercancias","status":"publish","type":"post","link":"https:\/\/cetm-madrid.es\/web\/el-transporte-no-consentira-mas-abusos-de-los-cargadores-respecto-a-la-carga-y-descarga-de-mercancias\/","title":{"rendered":"EL TRANSPORTE NO CONSENTIR\u00c1 M\u00c1S ABUSOS DE LOS CARGADORES RESPECTO A LA CARGA Y DESCARGA DE MERCANC\u00cdAS"},"content":{"rendered":"<p>[et_pb_section fb_built=&#8221;1&#8243; admin_label=&#8221;section&#8221; _builder_version=&#8221;3.22&#8243;][et_pb_row admin_label=&#8221;row&#8221; _builder_version=&#8221;3.25&#8243; background_size=&#8221;initial&#8221; background_position=&#8221;top_left&#8221; background_repeat=&#8221;repeat&#8221; column_structure=&#8221;2_3,1_3&#8243;][et_pb_column type=&#8221;2_3&#8243; _builder_version=&#8221;3.25&#8243; custom_padding=&#8221;|||&#8221; custom_padding__hover=&#8221;|||&#8221;][et_pb_text admin_label=&#8221;Texto&#8221; _builder_version=&#8221;4.4.8&#8243; background_size=&#8221;initial&#8221; background_position=&#8221;top_left&#8221; background_repeat=&#8221;repeat&#8221; text_orientation=&#8221;justified&#8221; hover_enabled=&#8221;0&#8243; use_border_color=&#8221;off&#8221; border_color=&#8221;#ffffff&#8221; border_style=&#8221;solid&#8221;]<\/p>\n<p>Ante el anuncio de paro convocado por la pr\u00e1ctica totalidad del transporte de mercanc\u00edas por carretera, Jos\u00e9 Mar\u00eda Bonmat\u00ed, director general de la principal asociaci\u00f3n de cargadores del pa\u00eds, AECOC, se ha apresurado a rechazar uno de los puntos en los que se fundamenta la protesta: la obligaci\u00f3n de realizar la carga y descarga de la mercanc\u00eda, por parte de los conductores de nuestros veh\u00edculos, debido al elevado coste que supondr\u00eda para los operadores.<\/p>\n<p>En opini\u00f3n de la Confederaci\u00f3n Espa\u00f1ola de Transporte de Mercanc\u00edas (CETM) estas declaraciones son injustas, indignantes y velan, \u00fanicamente, por los intereses de las empresas cargadoras y sus clientes, sin importarles un bledo las consecuencias que esta medida supone para el transporte de mercanc\u00edas por carretera.<\/p>\n<p>Uno de los pocos aspectos positivos a destacar en los casi 100 d\u00edas de estado de alarma ha sido el trabajo realizado por los profesionales de la carretera, que una vez m\u00e1s han demostrado su compromiso social y el car\u00e1cter tan esencial de la actividad que desarrollan, pese a las enormes dificultades y riesgos a los que han tenido que enfrentarse durante esta pandemia. Esta labor tan<br \/>extraordinaria, que ha sido objeto de reconocimiento por la sociedad en general, se ha visto empa\u00f1ada, una vez m\u00e1s, por la actitud mostrada por una parte muy importante de nuestras empresas cargadoras, tanto por el trato inhumano que han dispensado a nuestros conductores en muchas plataformas log\u00edsticas y centros de carga de las mercanc\u00edas, donde se les ha negado hasta la posibilidad de acceder a los aseos y servicios m\u00e1s b\u00e1sicos, como por la imposici\u00f3n de realizar las labores de carga y descarga cuando no dispon\u00edamos de ning\u00fan tipo de protecci\u00f3n con el consiguiente riesgo de contagio.<\/p>\n<p>En la CETM no sabemos que nos molesta m\u00e1s, si que nuestros cargadores no hayan tenido la decencia de ser ellos mismos quienes desistan de que los conductores realicen estas operaciones, en aras de algo tan b\u00e1sico como es garantizar la seguridad de unos profesionales que lo han dando todo para cumplir con su responsabilidad en estos momentos tan dif\u00edciles, o que dichos cargadores solo se preocupen de proteger sus intereses econ\u00f3micos a base de abusar de la parte m\u00e1s d\u00e9bil de la cadena de suministro, como somos los transportistas, oblig\u00e1ndonos a que carguemos y descarguemos los camiones solo por ahorrarse el coste que ello supone y sin tener en cuenta las m\u00e1s m\u00ednimas medidas de protecci\u00f3n de los riesgos laborales.<\/p>\n<p>El sector del transporte de mercanc\u00edas por carretera no va a consentir m\u00e1s abusos por los intereses partidistas de nuestros cargadores. Como ya hemos puesto de manifiesto en repetidas ocasiones, estamos hartos de las presiones de nuestros clientes para que los conductores realicen un trabajo que no les corresponde y que pone en grave riesgo su seguridad personal. Hasta la Comisi\u00f3n Europea ha recomendado a las empresas de transporte que sus conductores se queden en las cabinas de sus camiones mientras que \u201cel personal local de la empresa que recibe\/env\u00eda la mercanc\u00eda realiza estas operaciones\u201d. En consecuencia, entendemos que cada parte de la cadena log\u00edstica debe asumir la responsabilidad que le corresponde y la de nuestros conductores es conducir. Mal van a poder prestar sus servicios a esta sociedad a quien sirven con toda su fuerza y dedicaci\u00f3n, ahora y hasta que logremos acabar con este maldito virus, si enferman o se accidentan.<\/p>\n<p>Con estas declaraciones, AECOC est\u00e1 entorpeciendo las negociaciones que el transporte de mercanc\u00edas mantiene con el Gobierno, con el objetivo de construir un marco normativo justo para nuestro sector y evitar as\u00ed que el servicio que prestamos, y que da vida a nuestra sociedad como ha quedado claramente demostrado durante esta pandemia, se detenga los pr\u00f3ximos d\u00edas 27 y 28 de julio para los que hay convocado un cese total de la actividad del transporte.<\/p>\n<p>[\/et_pb_text][\/et_pb_column][et_pb_column type=&#8221;1_3&#8243; _builder_version=&#8221;3.25&#8243; custom_padding=&#8221;|||&#8221; custom_padding__hover=&#8221;|||&#8221;][et_pb_image src=&#8221;https:\/\/cetm-madrid.es\/web\/wp-content\/uploads\/2020\/05\/Captura-2-.jpg&#8221; align_tablet=&#8221;center&#8221; align_last_edited=&#8221;on|desktop&#8221; admin_label=&#8221;Imagen&#8221; _builder_version=&#8221;4.4.8&#8243; animation_style=&#8221;slide&#8221; animation_direction=&#8221;left&#8221; animation_duration=&#8221;500ms&#8221; animation_intensity_slide=&#8221;10%&#8221; hover_enabled=&#8221;0&#8243; use_border_color=&#8221;off&#8221; border_color=&#8221;#ffffff&#8221; border_style=&#8221;solid&#8221; animation=&#8221;left&#8221; sticky=&#8221;off&#8221; always_center_on_mobile=&#8221;on&#8221; title_text=&#8221;Captura 2&#8243;][\/et_pb_image][\/et_pb_column][\/et_pb_row][\/et_pb_section]<\/p>\n","protected":false},"excerpt":{"rendered":"<p>Ante el anuncio de paro convocado por la pr\u00e1ctica totalidad del transporte de mercanc\u00edas por carretera, Jos\u00e9 Mar\u00eda Bonmat\u00ed, director general de la principal asociaci\u00f3n de cargadores del pa\u00eds, AECOC, se ha apresurado a rechazar uno de los puntos en los que se fundamenta la protesta: la obligaci\u00f3n de realizar la carga y descarga de [&hellip;]<\/p>\n","protected":false},"author":1,"featured_media":5300,"comment_status":"closed","ping_status":"open","sticky":false,"template":"","format":"standard","meta":{"_et_pb_use_builder":"on","_et_pb_old_content":"","_et_gb_content_width":"","footnotes":""},"categories":[5,4],"tags":[],"class_list":["post-5847","post","type-post","status-publish","format-standard","has-post-thumbnail","hentry","category-general","category-organizacion"],"_links":{"self":[{"href":"https:\/\/cetm-madrid.es\/web\/wp-json\/wp\/v2\/posts\/5847","targetHints":{"allow":["GET"]}}],"collection":[{"href":"https:\/\/cetm-madrid.es\/web\/wp-json\/wp\/v2\/posts"}],"about":[{"href":"https:\/\/cetm-madrid.es\/web\/wp-json\/wp\/v2\/types\/post"}],"author":[{"embeddable":true,"href":"https:\/\/cetm-madrid.es\/web\/wp-json\/wp\/v2\/users\/1"}],"replies":[{"embeddable":true,"href":"https:\/\/cetm-madrid.es\/web\/wp-json\/wp\/v2\/comments?post=5847"}],"version-history":[{"count":2,"href":"https:\/\/cetm-madrid.es\/web\/wp-json\/wp\/v2\/posts\/5847\/revisions"}],"predecessor-version":[{"id":5850,"href":"https:\/\/cetm-madrid.es\/web\/wp-json\/wp\/v2\/posts\/5847\/revisions\/5850"}],"wp:featuredmedia":[{"embeddable":true,"href":"https:\/\/cetm-madrid.es\/web\/wp-json\/wp\/v2\/media\/5300"}],"wp:attachment":[{"href":"https:\/\/cetm-madrid.es\/web\/wp-json\/wp\/v2\/media?parent=5847"}],"wp:term":[{"taxonomy":"category","embeddable":true,"href":"https:\/\/cetm-madrid.es\/web\/wp-json\/wp\/v2\/categories?post=5847"},{"taxonomy":"post_tag","embeddable":true,"href":"https:\/\/cetm-madrid.es\/web\/wp-json\/wp\/v2\/tags?post=5847"}],"curies":[{"name":"wp","href":"https:\/\/api.w.org\/{rel}","templated":true}]}}