{"id":5831,"date":"2020-07-10T16:04:14","date_gmt":"2020-07-10T16:04:14","guid":{"rendered":"https:\/\/cetm-madrid.es\/web\/?p=5831"},"modified":"2020-07-12T16:12:36","modified_gmt":"2020-07-12T16:12:36","slug":"la-dgt-en-la-rioja-empenada-en-mantener-el-desvio-obligatorio-de-camiones-a-la-ap-68-tras-el-tercer-fallo-judicial-que-lo-declara-nulo","status":"publish","type":"post","link":"https:\/\/cetm-madrid.es\/web\/la-dgt-en-la-rioja-empenada-en-mantener-el-desvio-obligatorio-de-camiones-a-la-ap-68-tras-el-tercer-fallo-judicial-que-lo-declara-nulo\/","title":{"rendered":"LA DGT EN LA RIOJA EMPE\u00d1ADA EN MANTENER EL DESV\u00cdO OBLIGATORIO DE CAMIONES A LA AP-68 TRAS EL TERCER FALLO JUDICIAL QUE LO  DECLARA NULO"},"content":{"rendered":"<p>[et_pb_section fb_built=&#8221;1&#8243; admin_label=&#8221;section&#8221; _builder_version=&#8221;3.22&#8243;][et_pb_row admin_label=&#8221;row&#8221; _builder_version=&#8221;3.25&#8243; background_size=&#8221;initial&#8221; background_position=&#8221;top_left&#8221; background_repeat=&#8221;repeat&#8221; column_structure=&#8221;2_3,1_3&#8243;][et_pb_column type=&#8221;2_3&#8243; _builder_version=&#8221;3.25&#8243; custom_padding=&#8221;|||&#8221; custom_padding__hover=&#8221;|||&#8221;][et_pb_text admin_label=&#8221;Texto&#8221; _builder_version=&#8221;4.4.8&#8243; background_size=&#8221;initial&#8221; background_position=&#8221;top_left&#8221; background_repeat=&#8221;repeat&#8221; text_orientation=&#8221;justified&#8221; hover_enabled=&#8221;0&#8243; use_border_color=&#8221;off&#8221; border_color=&#8221;#ffffff&#8221; border_style=&#8221;solid&#8221;]<\/p>\n<p>Despu\u00e9s que el Tribunal Supremo tumbara el pasado mes de julio el Real Decreto 1023\/2017 donde se recog\u00eda el convenio entre la Administraci\u00f3n General del Estado, el Gobierno de La Rioja y AVASA, concesionaria de la AP-68, para articular el desv\u00edo obligatorio de camiones de la N-232 a la AP-68, el Tribunal Superior de Justicia de Madrid (TSJM) ha fallado hasta en dos ocasiones a favor del sector del transporte de mercanc\u00edas por carretera, declarando nula la restricci\u00f3n al tr\u00e1fico pesado en la N-232 a su paso por La Rioja.<\/p>\n<p>A pesar de estas tres sentencias judiciales favorables a los transportistas, las diferentes administraciones implicadas en la puesta en marcha de este desv\u00edo obligatorio de camiones no parecen estar dispuestas a acatar las decisiones tomadas en los tribunales.<\/p>\n<p>Tras la \u00faltima sentencia del TSJM, conocida la semana pasada y que declaraba nula la citada restricci\u00f3n aduciendo a la falta de justificaci\u00f3n y proporcionalidad de la medida, as\u00ed como la vulneraci\u00f3n de los derechos a la libre circulaci\u00f3n de mercanc\u00edas y personas, las \u00fanicas declaraciones realizadas por la m\u00e1xima responsable de Tr\u00e1fico en La Rioja se han limitado a asegurar que \u201cno cambia nada y que los camiones no pueden circular por la N-232\u201d.<\/p>\n<p>En declaraciones recogidas por \u2018El D\u00eda de La Rioja\u2019, la directora de la Jefatura Provincial de Tr\u00e1fico de La Rioja mantiene que \u201ctodo cami\u00f3n que circule hoy por la N-232 en suelo riojano que pase de cuatro ejes puede ser sancionado por la Guardia Civil de Tr\u00e1fico\u201d. Esta responsable zanja sus declaraciones con un \u201cahora no se puede prohibir no circular en 2017\u201d.<\/p>\n<p>Desde la Confederaci\u00f3n Espa\u00f1ola de Transporte de Mercanc\u00edas (CETM), al igual que nuestra organizaci\u00f3n miembro CETM La Rioja, entendemos inadmisibles estas declaraciones de alguien que ostenta una responsabilidad p\u00fablica, ya que cualquier decisi\u00f3n que tome desde su cargo, adem\u00e1s de mejorar la vida de los ciudadanos se ha de ajustar a derecho, algo que aqu\u00ed, como la Justicia ha dado a conocer hasta en tres ocasiones, no ocurre. En este mismo sentido, tampoco entendemos c\u00f3mo en numerosas ocasiones se nos ha trasmitido la imposibilidad de flexibilizar este desv\u00edo para los transportistas riojanos, lo m\u00e1s perjudicados por la medida, pese a que<br \/>econ\u00f3micamente se sufraga con cargo a las cuentas p\u00fablicas de todos los riojanos, por poder incurrir en una inseguridad jur\u00eddica, y no se cumplen las sentencias firmes que echan por tierra el referido desv\u00edo de camiones.<\/p>\n<p>La responsable de la DGT en La Rioja insiste en que el desv\u00edo seguir\u00e1 vigente en 2021 y justifica esta decisi\u00f3n en que cuenta con estudios documentados que indican claramente un descenso de la siniestralidad en la N+232, pese a que como denunciamos desde CETM y CETM La Rioja, en 2019 esta carretera nacional se cobr\u00f3 la vida de 8 personas, una cifra inaceptable y superior a la media de fallecidos en esta v\u00eda durante a\u00f1os anteriores a la puesta en marcha de este desv\u00edo de camiones.<\/p>\n<p>En este mismo sentido, tampoco podemos entender c\u00f3mo la m\u00e1xima responsable de la DGT en La Rioja unas veces culpabiliza al tr\u00e1fico pesado de la alta siniestralidad de la N-232 y otras achaca la proliferaci\u00f3n de accidentes de tr\u00e1fico al descenso de los tr\u00e1nsitos de camiones por esta carretera, al influir en la relajaci\u00f3n de los conductores.<\/p>\n<p>Por todo ello, entendemos que pretender mantener este desv\u00edo de camiones en la actualidad de la misma manera que desde 2017, pese a las sentencias judiciales que tumban el fondo y la forma de esta medida, es incurrir en una irresponsabilidad de grav\u00edsimas y nefastas consecuencias para el conjunto de la sociedad riojana. Las sentencias que declaran nula esta restricci\u00f3n pueden abrir la puerta a importantes reclamaciones econ\u00f3micas por parte de los transportistas, quienes pueden reclamar los costes de peaje, as\u00ed como los gastos ocasionados por el aumento de kil\u00f3metros que se ven obligados a realizar para transitar lo menos posible por la N-232 y las<br \/>denuncias que les han sido impuestas por incumplir este desv\u00edo hoy declarado ilegal.<\/p>\n<p>Todo apunta a que los tribunales anular\u00e1n la restricci\u00f3n de 2018, 2019 y 2020 en un futuro no muy lejano, pese al empecinamiento de mantener esta medida vigente y no buscar ninguna soluci\u00f3n para esta medida injusta y desproporcionada a partes iguales.<\/p>\n<p>Estas declaraciones de la responsable de la DGT en La Rioja solo pueden responder a una huida hacia delante de quien sabe que, una vez m\u00e1s, est\u00e1 tomando decisiones equivocadas y contrarias a derecho, cuando la Justicia ya se ha pronunciado a tal efecto.<\/p>\n<p>Finalmente, de la misma manera que animamos a todos los transportistas a reclamar los costes que este desv\u00edo supuso para ellos en 2017, insistimos en que una flexibilizaci\u00f3n de la medida que permita a los transportistas abandonar la AP-68 en la salida m\u00e1s cercana a su destino en el sentido de la marcha podr\u00eda solucionar este problema.<\/p>\n<p>[\/et_pb_text][\/et_pb_column][et_pb_column type=&#8221;1_3&#8243; _builder_version=&#8221;3.25&#8243; custom_padding=&#8221;|||&#8221; custom_padding__hover=&#8221;|||&#8221;][et_pb_image src=&#8221;https:\/\/cetm-madrid.es\/web\/wp-content\/uploads\/2020\/07\/Captura-4.png&#8221; align_tablet=&#8221;center&#8221; align_last_edited=&#8221;on|desktop&#8221; admin_label=&#8221;Imagen&#8221; _builder_version=&#8221;4.4.8&#8243; animation_style=&#8221;slide&#8221; animation_direction=&#8221;left&#8221; animation_duration=&#8221;500ms&#8221; animation_intensity_slide=&#8221;10%&#8221; hover_enabled=&#8221;0&#8243; use_border_color=&#8221;off&#8221; border_color=&#8221;#ffffff&#8221; border_style=&#8221;solid&#8221; animation=&#8221;left&#8221; sticky=&#8221;off&#8221; always_center_on_mobile=&#8221;on&#8221; title_text=&#8221;Captura&#8221;][\/et_pb_image][\/et_pb_column][\/et_pb_row][\/et_pb_section]<\/p>\n","protected":false},"excerpt":{"rendered":"<p>Despu\u00e9s que el Tribunal Supremo tumbara el pasado mes de julio el Real Decreto 1023\/2017 donde se recog\u00eda el convenio entre la Administraci\u00f3n General del Estado, el Gobierno de La Rioja y AVASA, concesionaria de la AP-68, para articular el desv\u00edo obligatorio de camiones de la N-232 a la AP-68, el Tribunal Superior de Justicia [&hellip;]<\/p>\n","protected":false},"author":1,"featured_media":5834,"comment_status":"closed","ping_status":"open","sticky":false,"template":"","format":"standard","meta":{"_et_pb_use_builder":"on","_et_pb_old_content":"","_et_gb_content_width":"","footnotes":""},"categories":[5,4],"tags":[],"class_list":["post-5831","post","type-post","status-publish","format-standard","has-post-thumbnail","hentry","category-general","category-organizacion"],"_links":{"self":[{"href":"https:\/\/cetm-madrid.es\/web\/wp-json\/wp\/v2\/posts\/5831","targetHints":{"allow":["GET"]}}],"collection":[{"href":"https:\/\/cetm-madrid.es\/web\/wp-json\/wp\/v2\/posts"}],"about":[{"href":"https:\/\/cetm-madrid.es\/web\/wp-json\/wp\/v2\/types\/post"}],"author":[{"embeddable":true,"href":"https:\/\/cetm-madrid.es\/web\/wp-json\/wp\/v2\/users\/1"}],"replies":[{"embeddable":true,"href":"https:\/\/cetm-madrid.es\/web\/wp-json\/wp\/v2\/comments?post=5831"}],"version-history":[{"count":2,"href":"https:\/\/cetm-madrid.es\/web\/wp-json\/wp\/v2\/posts\/5831\/revisions"}],"predecessor-version":[{"id":5835,"href":"https:\/\/cetm-madrid.es\/web\/wp-json\/wp\/v2\/posts\/5831\/revisions\/5835"}],"wp:featuredmedia":[{"embeddable":true,"href":"https:\/\/cetm-madrid.es\/web\/wp-json\/wp\/v2\/media\/5834"}],"wp:attachment":[{"href":"https:\/\/cetm-madrid.es\/web\/wp-json\/wp\/v2\/media?parent=5831"}],"wp:term":[{"taxonomy":"category","embeddable":true,"href":"https:\/\/cetm-madrid.es\/web\/wp-json\/wp\/v2\/categories?post=5831"},{"taxonomy":"post_tag","embeddable":true,"href":"https:\/\/cetm-madrid.es\/web\/wp-json\/wp\/v2\/tags?post=5831"}],"curies":[{"name":"wp","href":"https:\/\/api.w.org\/{rel}","templated":true}]}}