{"id":5745,"date":"2020-06-30T18:25:29","date_gmt":"2020-06-30T18:25:29","guid":{"rendered":"https:\/\/cetm-madrid.es\/web\/?p=5745"},"modified":"2020-07-01T18:41:01","modified_gmt":"2020-07-01T18:41:01","slug":"la-iru-advierte-que-las-perdidas-del-transporte-de-mercancias-a-nivel-mundial-superaran-los-550-000-millones-de-euros-en-2020","status":"publish","type":"post","link":"https:\/\/cetm-madrid.es\/web\/la-iru-advierte-que-las-perdidas-del-transporte-de-mercancias-a-nivel-mundial-superaran-los-550-000-millones-de-euros-en-2020\/","title":{"rendered":"LA IRU ADVIERTE QUE LAS P\u00c9RDIDAS DEL TRANSPORTE DE MERCANC\u00cdAS A NIVEL MUNDIAL SUPERAR\u00c1N LOS 550.000 MILLONES DE EUROS EN 2020"},"content":{"rendered":"<p>[et_pb_section fb_built=&#8221;1&#8243; admin_label=&#8221;section&#8221; _builder_version=&#8221;3.22&#8243;][et_pb_row column_structure=&#8221;2_3,1_3&#8243; admin_label=&#8221;row&#8221; _builder_version=&#8221;3.25&#8243; background_size=&#8221;initial&#8221; background_position=&#8221;top_left&#8221; background_repeat=&#8221;repeat&#8221;][et_pb_column type=&#8221;2_3&#8243; _builder_version=&#8221;3.25&#8243; custom_padding=&#8221;|||&#8221; custom_padding__hover=&#8221;|||&#8221;][et_pb_text admin_label=&#8221;Texto&#8221; _builder_version=&#8221;4.4.8&#8243; background_size=&#8221;initial&#8221; background_position=&#8221;top_left&#8221; background_repeat=&#8221;repeat&#8221; text_orientation=&#8221;justified&#8221; use_border_color=&#8221;off&#8221; border_color=&#8221;#ffffff&#8221; border_style=&#8221;solid&#8221;]<\/p>\n<p>La Organizaci\u00f3n Internacional del Transporte (IRU), de la que es miembro la CETM, ha realizado un estudio para medir el impacto del COVID-19 en el sector del transporte.<\/p>\n<p>La investigaci\u00f3n de la IRU revela que la disminuci\u00f3n de la facturaci\u00f3n de las empresas de transporte de mercanc\u00edas a nivel mundial ser\u00e1 del 18% en 2020, alrededor de 550.000 millones de euros.<\/p>\n<p>El sector se ver\u00e1 m\u00e1s afectado en Oriente Medio y el norte de \u00c1frica, con una bajada del 22%, y en Asia, con una disminuci\u00f3n del 21%. En Europa la facturaci\u00f3n bajar\u00e1 en torno al 17%, unos 64.000 millones de euros. La organizaci\u00f3n se\u00f1ala que estos resultados se deben a las restricciones que se han impuesto al transporte y la recesi\u00f3n econ\u00f3mica causada por la pandemia.<\/p>\n<p>En este sentido, el secretario general de la IRU, Umberto de Pretto, ha criticado las medidas que han tomado los diferentes gobiernos para ayudar al sector del transporte de mercanc\u00edas, puesto que en muchas ocasiones han sido paquetes \u201cgeneralmente vagos\u201d.<\/p>\n<p>Por ello, de Pretto hace un llamamiento para que los diferentes pa\u00edses tomen medidas dirigidas al sector del transporte de mercanc\u00edas por carretera. \u201cIncluso en el pico de la crisis el transporte se mantuvo flexible, operativo y continu\u00f3 desempe\u00f1ando su papel \u00fanico. Ahora, sin una acci\u00f3n clara del Gobierno, los esfuerzos de recuperaci\u00f3n global est\u00e1n en peligro\u201d, advierte.<\/p>\n<p>Adjuntamos informe de la IRU para su consulta.<\/p>\n<p>[\/et_pb_text][\/et_pb_column][et_pb_column type=&#8221;1_3&#8243; _builder_version=&#8221;3.25&#8243; custom_padding=&#8221;|||&#8221; custom_padding__hover=&#8221;|||&#8221;][et_pb_image src=&#8221;https:\/\/cetm-madrid.es\/web\/wp-content\/uploads\/2020\/07\/Captura.png&#8221; title_text=&#8221;Captura&#8221; align_tablet=&#8221;center&#8221; align_phone=&#8221;&#8221; align_last_edited=&#8221;on|desktop&#8221; admin_label=&#8221;Imagen&#8221; _builder_version=&#8221;4.4.8&#8243; animation_style=&#8221;slide&#8221; animation_direction=&#8221;left&#8221; animation_duration=&#8221;500ms&#8221; animation_intensity_slide=&#8221;10%&#8221; use_border_color=&#8221;off&#8221; border_color=&#8221;#ffffff&#8221; border_style=&#8221;solid&#8221; animation=&#8221;left&#8221; sticky=&#8221;off&#8221; always_center_on_mobile=&#8221;on&#8221;][\/et_pb_image][et_pb_button button_url=&#8221;https:\/\/cetm-madrid.es\/web\/wp-content\/uploads\/2020\/07\/COVID-19-Impacts-on-the-Road-Transport-Industry-Executive-summary.pdf&#8221; url_new_window=&#8221;on&#8221; button_text=&#8221;PDF&#8221; _builder_version=&#8221;4.4.8&#8243;][\/et_pb_button][\/et_pb_column][\/et_pb_row][\/et_pb_section]<\/p>\n","protected":false},"excerpt":{"rendered":"<p>La Organizaci\u00f3n Internacional del Transporte (IRU), de la que es miembro la CETM, ha realizado un estudio para medir el impacto del COVID-19 en el sector del transporte. La investigaci\u00f3n de la IRU revela que la disminuci\u00f3n de la facturaci\u00f3n de las empresas de transporte de mercanc\u00edas a nivel mundial ser\u00e1 del 18% en 2020, [&hellip;]<\/p>\n","protected":false},"author":1,"featured_media":5749,"comment_status":"closed","ping_status":"open","sticky":false,"template":"","format":"standard","meta":{"_et_pb_use_builder":"on","_et_pb_old_content":"","_et_gb_content_width":"","footnotes":""},"categories":[5,4],"tags":[],"class_list":["post-5745","post","type-post","status-publish","format-standard","has-post-thumbnail","hentry","category-general","category-organizacion"],"_links":{"self":[{"href":"https:\/\/cetm-madrid.es\/web\/wp-json\/wp\/v2\/posts\/5745","targetHints":{"allow":["GET"]}}],"collection":[{"href":"https:\/\/cetm-madrid.es\/web\/wp-json\/wp\/v2\/posts"}],"about":[{"href":"https:\/\/cetm-madrid.es\/web\/wp-json\/wp\/v2\/types\/post"}],"author":[{"embeddable":true,"href":"https:\/\/cetm-madrid.es\/web\/wp-json\/wp\/v2\/users\/1"}],"replies":[{"embeddable":true,"href":"https:\/\/cetm-madrid.es\/web\/wp-json\/wp\/v2\/comments?post=5745"}],"version-history":[{"count":4,"href":"https:\/\/cetm-madrid.es\/web\/wp-json\/wp\/v2\/posts\/5745\/revisions"}],"predecessor-version":[{"id":5756,"href":"https:\/\/cetm-madrid.es\/web\/wp-json\/wp\/v2\/posts\/5745\/revisions\/5756"}],"wp:featuredmedia":[{"embeddable":true,"href":"https:\/\/cetm-madrid.es\/web\/wp-json\/wp\/v2\/media\/5749"}],"wp:attachment":[{"href":"https:\/\/cetm-madrid.es\/web\/wp-json\/wp\/v2\/media?parent=5745"}],"wp:term":[{"taxonomy":"category","embeddable":true,"href":"https:\/\/cetm-madrid.es\/web\/wp-json\/wp\/v2\/categories?post=5745"},{"taxonomy":"post_tag","embeddable":true,"href":"https:\/\/cetm-madrid.es\/web\/wp-json\/wp\/v2\/tags?post=5745"}],"curies":[{"name":"wp","href":"https:\/\/api.w.org\/{rel}","templated":true}]}}