{"id":5736,"date":"2020-06-29T21:26:17","date_gmt":"2020-06-29T21:26:17","guid":{"rendered":"https:\/\/cetm-madrid.es\/web\/?p=5736"},"modified":"2020-06-29T21:26:22","modified_gmt":"2020-06-29T21:26:22","slug":"restricciones-por-obras-en-la-ap-8-bypass-zaldivar","status":"publish","type":"post","link":"https:\/\/cetm-madrid.es\/web\/restricciones-por-obras-en-la-ap-8-bypass-zaldivar\/","title":{"rendered":"RESTRICCIONES POR OBRAS EN LA AP-8 (BYPASS ZALDIVAR"},"content":{"rendered":"<p>[et_pb_section fb_built=&#8221;1&#8243; admin_label=&#8221;section&#8221; _builder_version=&#8221;3.22&#8243;][et_pb_row admin_label=&#8221;row&#8221; _builder_version=&#8221;3.25&#8243; background_size=&#8221;initial&#8221; background_position=&#8221;top_left&#8221; background_repeat=&#8221;repeat&#8221; column_structure=&#8221;2_3,1_3&#8243;][et_pb_column type=&#8221;2_3&#8243; _builder_version=&#8221;3.25&#8243; custom_padding=&#8221;|||&#8221; custom_padding__hover=&#8221;|||&#8221;][et_pb_text admin_label=&#8221;Texto&#8221; _builder_version=&#8221;4.4.8&#8243; background_size=&#8221;initial&#8221; background_position=&#8221;top_left&#8221; background_repeat=&#8221;repeat&#8221; text_orientation=&#8221;justified&#8221; hover_enabled=&#8221;0&#8243; use_border_color=&#8221;off&#8221; border_color=&#8221;#ffffff&#8221; border_style=&#8221;solid&#8221;]<\/p>\n<p>Seg\u00fan nos informa la Direcci\u00f3n de Tr\u00e1fico del Gobierno Vasco, se van a producir los siguientes cortes de carreteras con motivo de las obras que se van a realizar en la AP-8 en la zona de Zaldibar:<\/p>\n<p>\u2022 Desde las 23:00 horas del 29 de Junio a las 6:00 horas del 30 de junio: corte de calzada sentido Gipuzkoa. Se instalar\u00e1 un desv\u00edo en el PK 77, sentido Gipuzkoa, hacia el peaje de Ermua.<\/p>\n<p>\u2022 Todas las noches desde el martes 30 de Junio hasta el domingo d\u00eda 5 de Julio (ambos incluidos) entre las 23:00 y las 6:00 horas: corte de calzada sentido Cantabria. Se instalar\u00e1 un desv\u00edo el PK 71, sentido Cantabria, hacia el peaje de Azitain.<\/p>\n<p>\u2022 El d\u00eda 30, a las 6:00 horas se reabrir\u00e1 al tr\u00e1fico la calzada sentido Gipuzkoa afectada por el derrumbe del vertedero.<\/p>\n<p>En consecuencia, los tr\u00e1nsitos que deban realizarse por la zona afectada por el corte se efectuar\u00e1n por la BI-625, AP-68, N-622, A-1 y N-1, v\u00edas que tambi\u00e9n conforman la Red de Itinerarios de Mercanc\u00edas Peligrosas (RIMP), establecida en el Anexo V de la Resoluci\u00f3n de 20 de diciembre de 2019, de la Directora de Tr\u00e1fico por la que se establecen medidas especiales de regulaci\u00f3n de tr\u00e1fico durante el a\u00f1o 2020 en la Comunidad Aut\u00f3noma del Pa\u00eds Vasco.<\/p>\n<p>&nbsp;<\/p>\n<p>[\/et_pb_text][\/et_pb_column][et_pb_column type=&#8221;1_3&#8243; _builder_version=&#8221;3.25&#8243; custom_padding=&#8221;|||&#8221; custom_padding__hover=&#8221;|||&#8221;][et_pb_image src=&#8221;https:\/\/cetm-madrid.es\/web\/wp-content\/uploads\/2020\/05\/LOGO-dgt-1-.jpg&#8221; align_tablet=&#8221;center&#8221; align_last_edited=&#8221;on|desktop&#8221; admin_label=&#8221;Imagen&#8221; _builder_version=&#8221;4.4.8&#8243; animation_style=&#8221;slide&#8221; animation_direction=&#8221;left&#8221; animation_duration=&#8221;500ms&#8221; animation_intensity_slide=&#8221;10%&#8221; hover_enabled=&#8221;0&#8243; use_border_color=&#8221;off&#8221; border_color=&#8221;#ffffff&#8221; border_style=&#8221;solid&#8221; animation=&#8221;left&#8221; sticky=&#8221;off&#8221; always_center_on_mobile=&#8221;on&#8221; title_text=&#8221;LOGO-dgt-1-&#8220;][\/et_pb_image][\/et_pb_column][\/et_pb_row][\/et_pb_section]<\/p>\n","protected":false},"excerpt":{"rendered":"<p>Seg\u00fan nos informa la Direcci\u00f3n de Tr\u00e1fico del Gobierno Vasco, se van a producir los siguientes cortes de carreteras con motivo de las obras que se van a realizar en la AP-8 en la zona de Zaldibar: \u2022 Desde las 23:00 horas del 29 de Junio a las 6:00 horas del 30 de junio: corte [&hellip;]<\/p>\n","protected":false},"author":1,"featured_media":5290,"comment_status":"closed","ping_status":"open","sticky":false,"template":"","format":"standard","meta":{"_et_pb_use_builder":"on","_et_pb_old_content":"","_et_gb_content_width":"","footnotes":""},"categories":[5,4],"tags":[],"class_list":["post-5736","post","type-post","status-publish","format-standard","has-post-thumbnail","hentry","category-general","category-organizacion"],"_links":{"self":[{"href":"https:\/\/cetm-madrid.es\/web\/wp-json\/wp\/v2\/posts\/5736","targetHints":{"allow":["GET"]}}],"collection":[{"href":"https:\/\/cetm-madrid.es\/web\/wp-json\/wp\/v2\/posts"}],"about":[{"href":"https:\/\/cetm-madrid.es\/web\/wp-json\/wp\/v2\/types\/post"}],"author":[{"embeddable":true,"href":"https:\/\/cetm-madrid.es\/web\/wp-json\/wp\/v2\/users\/1"}],"replies":[{"embeddable":true,"href":"https:\/\/cetm-madrid.es\/web\/wp-json\/wp\/v2\/comments?post=5736"}],"version-history":[{"count":2,"href":"https:\/\/cetm-madrid.es\/web\/wp-json\/wp\/v2\/posts\/5736\/revisions"}],"predecessor-version":[{"id":5739,"href":"https:\/\/cetm-madrid.es\/web\/wp-json\/wp\/v2\/posts\/5736\/revisions\/5739"}],"wp:featuredmedia":[{"embeddable":true,"href":"https:\/\/cetm-madrid.es\/web\/wp-json\/wp\/v2\/media\/5290"}],"wp:attachment":[{"href":"https:\/\/cetm-madrid.es\/web\/wp-json\/wp\/v2\/media?parent=5736"}],"wp:term":[{"taxonomy":"category","embeddable":true,"href":"https:\/\/cetm-madrid.es\/web\/wp-json\/wp\/v2\/categories?post=5736"},{"taxonomy":"post_tag","embeddable":true,"href":"https:\/\/cetm-madrid.es\/web\/wp-json\/wp\/v2\/tags?post=5736"}],"curies":[{"name":"wp","href":"https:\/\/api.w.org\/{rel}","templated":true}]}}