{"id":5730,"date":"2020-06-29T21:21:18","date_gmt":"2020-06-29T21:21:18","guid":{"rendered":"https:\/\/cetm-madrid.es\/web\/?p=5730"},"modified":"2020-06-29T21:23:44","modified_gmt":"2020-06-29T21:23:44","slug":"el-transporte-sigue-sin-recibir-una-respuesta-del-gobierno","status":"publish","type":"post","link":"https:\/\/cetm-madrid.es\/web\/el-transporte-sigue-sin-recibir-una-respuesta-del-gobierno\/","title":{"rendered":"EL TRANSPORTE SIGUE SIN RECIBIR UNA RESPUESTA DEL GOBIERNO"},"content":{"rendered":"<p>[et_pb_section fb_built=&#8221;1&#8243; admin_label=&#8221;section&#8221; _builder_version=&#8221;3.22&#8243;][et_pb_row column_structure=&#8221;2_3,1_3&#8243; admin_label=&#8221;row&#8221; _builder_version=&#8221;3.25&#8243; background_size=&#8221;initial&#8221; background_position=&#8221;top_left&#8221; background_repeat=&#8221;repeat&#8221;][et_pb_column type=&#8221;2_3&#8243; _builder_version=&#8221;3.25&#8243; custom_padding=&#8221;|||&#8221; custom_padding__hover=&#8221;|||&#8221;][et_pb_text admin_label=&#8221;Texto&#8221; _builder_version=&#8221;4.4.8&#8243; background_size=&#8221;initial&#8221; background_position=&#8221;top_left&#8221; background_repeat=&#8221;repeat&#8221; text_orientation=&#8221;justified&#8221; use_border_color=&#8221;off&#8221; border_color=&#8221;#ffffff&#8221; border_style=&#8221;solid&#8221;]<\/p>\n<p>El pasado viernes, en la rueda de prensa posterior al Consejo de Ministros, la Ministra de Hacienda y portavoz del Gobierno, Mar\u00eda Jes\u00fas Montero, respondi\u00f3 a una pregunta de un medio de comunicaci\u00f3n especializado en transporte sobre las reclamaciones planteadas al Gobierno por el transporte de mercanc\u00edas por carretera que, de no ser atendidas, derivar\u00e1n en un paro empresarial de transporte los pr\u00f3ximos d\u00edas 27 y 28 de julio, afirmando que el Real Decreto-ley 24\/2020, de 26 de junio, de medidas sociales de reactivaci\u00f3n del empleo y protecci\u00f3n del trabajo aut\u00f3nomo y de competitividad del sector industrial, \u201cdar\u00eda respuesta a la gran parte de las demandas del sector\u201d.<\/p>\n<p>Ante estas declaraciones, y una vez estudiado el contenido de dicho Real Decreto-ley, queremos aclarar que si bien se atienden de manera global algunas de las medidas solicitadas, como el mantenimiento de los Ertes o el aplazamiento de las cotizaciones a la Seguridad Social para empresas y aut\u00f3nomos, lo cierto es que, en contra de lo expuesto por la Ministra portavoz del Gobierno, seguimos sin recibir una respuesta a la inmensa mayor\u00eda de las reivindicaciones espec\u00edficas para el transporte de mercanc\u00edas por carretera que presentamos hace casi un mes, a trav\u00e9s del Comit\u00e9 Nacional de Transporte (CNTC), al Ministro de Transporte, Movilidad y Agenda Urbana, Jos\u00e9 Luis \u00c1valos, y que este se comprometi\u00f3 a abordar de manera inmediata.<\/p>\n<p>[\/et_pb_text][\/et_pb_column][et_pb_column type=&#8221;1_3&#8243; _builder_version=&#8221;3.25&#8243; custom_padding=&#8221;|||&#8221; custom_padding__hover=&#8221;|||&#8221;][et_pb_image src=&#8221;https:\/\/cetm-madrid.es\/web\/wp-content\/uploads\/2020\/05\/Captura-2-.jpg&#8221; title_text=&#8221;Captura 2&#8243; align_tablet=&#8221;center&#8221; align_phone=&#8221;&#8221; align_last_edited=&#8221;on|desktop&#8221; admin_label=&#8221;Imagen&#8221; _builder_version=&#8221;4.4.8&#8243; animation_style=&#8221;slide&#8221; animation_direction=&#8221;left&#8221; animation_duration=&#8221;500ms&#8221; animation_intensity_slide=&#8221;10%&#8221; use_border_color=&#8221;off&#8221; border_color=&#8221;#ffffff&#8221; border_style=&#8221;solid&#8221; animation=&#8221;left&#8221; sticky=&#8221;off&#8221; always_center_on_mobile=&#8221;on&#8221;][\/et_pb_image][\/et_pb_column][\/et_pb_row][\/et_pb_section]<\/p>\n","protected":false},"excerpt":{"rendered":"<p>El pasado viernes, en la rueda de prensa posterior al Consejo de Ministros, la Ministra de Hacienda y portavoz del Gobierno, Mar\u00eda Jes\u00fas Montero, respondi\u00f3 a una pregunta de un medio de comunicaci\u00f3n especializado en transporte sobre las reclamaciones planteadas al Gobierno por el transporte de mercanc\u00edas por carretera que, de no ser atendidas, derivar\u00e1n [&hellip;]<\/p>\n","protected":false},"author":1,"featured_media":5300,"comment_status":"closed","ping_status":"open","sticky":false,"template":"","format":"standard","meta":{"_et_pb_use_builder":"on","_et_pb_old_content":"","_et_gb_content_width":"","footnotes":""},"categories":[5,4],"tags":[],"class_list":["post-5730","post","type-post","status-publish","format-standard","has-post-thumbnail","hentry","category-general","category-organizacion"],"_links":{"self":[{"href":"https:\/\/cetm-madrid.es\/web\/wp-json\/wp\/v2\/posts\/5730","targetHints":{"allow":["GET"]}}],"collection":[{"href":"https:\/\/cetm-madrid.es\/web\/wp-json\/wp\/v2\/posts"}],"about":[{"href":"https:\/\/cetm-madrid.es\/web\/wp-json\/wp\/v2\/types\/post"}],"author":[{"embeddable":true,"href":"https:\/\/cetm-madrid.es\/web\/wp-json\/wp\/v2\/users\/1"}],"replies":[{"embeddable":true,"href":"https:\/\/cetm-madrid.es\/web\/wp-json\/wp\/v2\/comments?post=5730"}],"version-history":[{"count":3,"href":"https:\/\/cetm-madrid.es\/web\/wp-json\/wp\/v2\/posts\/5730\/revisions"}],"predecessor-version":[{"id":5735,"href":"https:\/\/cetm-madrid.es\/web\/wp-json\/wp\/v2\/posts\/5730\/revisions\/5735"}],"wp:featuredmedia":[{"embeddable":true,"href":"https:\/\/cetm-madrid.es\/web\/wp-json\/wp\/v2\/media\/5300"}],"wp:attachment":[{"href":"https:\/\/cetm-madrid.es\/web\/wp-json\/wp\/v2\/media?parent=5730"}],"wp:term":[{"taxonomy":"category","embeddable":true,"href":"https:\/\/cetm-madrid.es\/web\/wp-json\/wp\/v2\/categories?post=5730"},{"taxonomy":"post_tag","embeddable":true,"href":"https:\/\/cetm-madrid.es\/web\/wp-json\/wp\/v2\/tags?post=5730"}],"curies":[{"name":"wp","href":"https:\/\/api.w.org\/{rel}","templated":true}]}}