{"id":5693,"date":"2020-06-25T16:34:10","date_gmt":"2020-06-25T16:34:10","guid":{"rendered":"https:\/\/cetm-madrid.es\/web\/?p=5693"},"modified":"2020-06-25T16:34:41","modified_gmt":"2020-06-25T16:34:41","slug":"los-resultados-de-la-revision-de-la-rte-t-se-publicaran-en-noviembre-de-202","status":"publish","type":"post","link":"https:\/\/cetm-madrid.es\/web\/los-resultados-de-la-revision-de-la-rte-t-se-publicaran-en-noviembre-de-202\/","title":{"rendered":"LOS RESULTADOS DE LA REVISI\u00d3N DE LA RTE-T SE PUBLICAR\u00c1N EN NOVIEMBRE DE 202"},"content":{"rendered":"<p>[et_pb_section fb_built=&#8221;1&#8243; admin_label=&#8221;section&#8221; _builder_version=&#8221;3.22&#8243;][et_pb_row column_structure=&#8221;2_3,1_3&#8243; admin_label=&#8221;row&#8221; _builder_version=&#8221;3.25&#8243; background_size=&#8221;initial&#8221; background_position=&#8221;top_left&#8221; background_repeat=&#8221;repeat&#8221;][et_pb_column type=&#8221;2_3&#8243; _builder_version=&#8221;3.25&#8243; custom_padding=&#8221;|||&#8221; custom_padding__hover=&#8221;|||&#8221;][et_pb_text admin_label=&#8221;Texto&#8221; _builder_version=&#8221;4.4.8&#8243; background_size=&#8221;initial&#8221; background_position=&#8221;top_left&#8221; background_repeat=&#8221;repeat&#8221; text_orientation=&#8221;justified&#8221; use_border_color=&#8221;off&#8221; border_color=&#8221;#ffffff&#8221; border_style=&#8221;solid&#8221;]<\/p>\n<p>Este martes el Comit\u00e9 de Transporte y Turismo del Parlamento Europeo se reuni\u00f3 con la comisaria de Transporte, Adina Valean, para intercambiar impresiones ante la revisi\u00f3n de la Red Transeuropea de Transporte (RTE-T).<\/p>\n<p>En su intervenci\u00f3n, la comisaria indic\u00f3 que en dicha evaluaci\u00f3n han participado m\u00e1s de 600 organizaciones y ciudadanos particulares. Tras haber realizado la segunda parte de la consulta, dichas organizaciones profesionales comparten ahora su visi\u00f3n sobre el funcionamiento del Reglamento. Adem\u00e1s, la Comisi\u00f3n Europea tambi\u00e9n ha pedido opini\u00f3n a cerca de 1.500 expertos.<\/p>\n<p>Valean comparti\u00f3 con el Comit\u00e9 TRAN algunos de los puntos en los que la mayor\u00eda de las partes est\u00e1n de acuerdo. Consideran que la RTE-T impulsar\u00e1 una movilidad transfronteriza m\u00e1s fluida y segura y, adem\u00e1s, servir\u00e1 para continuar en el camino del progreso tecnol\u00f3gico. Asimismo, los encuestados han mostrado su apoyo al enfoque del corredor de la red central y reclaman que la Uni\u00f3n Europea refuerce sus instrumentos para que dicha red se haya completado en 2030.<\/p>\n<p>La revisi\u00f3n de la RTE-T se llevar\u00e1 a cabo en conjunto con la Directiva de Infraestructura de Combustible Alternativo y Reglamento del Corredor de Carga Ferroviaria y est\u00e1 previsto que, una vez que dicho estudio est\u00e9 completo, los resultados se publiquen en noviembre de 2020. Valean anunci\u00f3 que el dise\u00f1o de la red central permanecer\u00e1 como est\u00e1 y, aunque se ha progresado, hay proyectos que se est\u00e1n retrasando. Por este motivo, la comisaria de Transportes anunci\u00f3 que la extensi\u00f3n del plazo no es una opci\u00f3n e hizo hincapi\u00e9 en la necesidad de actualizar la red.<\/p>\n<p>En cuanto a las infraestructuras, la integraci\u00f3n de infraestructuras de combustible alternativo es uno de los requisitos obligatorios de la Red Transeuropea de Transporte, as\u00ed como la necesidad de impulsar soluciones tecnol\u00f3gicas orientadas al futuro y reducir los procedimientos abandonando el uso de documentos en papel.<\/p>\n<p>Valean declar\u00f3 que no hay alternativas en infraestructuras clave como los t\u00faneles alpinos o el proyecto Seine-Scheldt, pero el objetivo sigue siendo combinar infraestructuras tradicionales con proyectos nuevos que faciliten el acceso a terminales o a los flujos de informaci\u00f3n. <\/p>\n<p>Otro de los puntos clave de la revisi\u00f3n de la RTE-T es garantizar la conectividad de todas las regiones, apoy\u00e1ndose en el ferrocarril, y prestar atenci\u00f3n a zonas rurales y perif\u00e9ricas que no pueden quedar desatendidas.<\/p>\n<p>Asimismo, algunos requisitos y est\u00e1ndares de la red ser\u00e1n reevaluados y otro de los puntos que se deber\u00e1n tener en cuenta es la adaptaci\u00f3n a nuevos riesgos como la crisis del Covid-19.<\/p>\n<p>La comisaria de Transporte destac\u00f3 que la crisis sanitaria ha servido para demostrar la importancia del transporte para la econom\u00eda y los mercados y finaliz\u00f3 su intervenci\u00f3n apuntando que el \u00e9xito de la RTE-T depender\u00e1 en gran medida del apoyo financiero de las instituciones de la UE.<\/p>\n<p>[\/et_pb_text][\/et_pb_column][et_pb_column type=&#8221;1_3&#8243; _builder_version=&#8221;3.25&#8243; custom_padding=&#8221;|||&#8221; custom_padding__hover=&#8221;|||&#8221;][et_pb_image src=&#8221;https:\/\/cetm-madrid.es\/web\/wp-content\/uploads\/2020\/05\/Captura-2-.jpg&#8221; title_text=&#8221;Captura 2&#8243; align_tablet=&#8221;center&#8221; align_phone=&#8221;&#8221; align_last_edited=&#8221;on|desktop&#8221; admin_label=&#8221;Imagen&#8221; _builder_version=&#8221;4.4.8&#8243; animation_style=&#8221;slide&#8221; animation_direction=&#8221;left&#8221; animation_duration=&#8221;500ms&#8221; animation_intensity_slide=&#8221;10%&#8221; use_border_color=&#8221;off&#8221; border_color=&#8221;#ffffff&#8221; border_style=&#8221;solid&#8221; animation=&#8221;left&#8221; sticky=&#8221;off&#8221; always_center_on_mobile=&#8221;on&#8221;][\/et_pb_image][\/et_pb_column][\/et_pb_row][\/et_pb_section]<\/p>\n","protected":false},"excerpt":{"rendered":"<p>Este martes el Comit\u00e9 de Transporte y Turismo del Parlamento Europeo se reuni\u00f3 con la comisaria de Transporte, Adina Valean, para intercambiar impresiones ante la revisi\u00f3n de la Red Transeuropea de Transporte (RTE-T). En su intervenci\u00f3n, la comisaria indic\u00f3 que en dicha evaluaci\u00f3n han participado m\u00e1s de 600 organizaciones y ciudadanos particulares. Tras haber realizado [&hellip;]<\/p>\n","protected":false},"author":1,"featured_media":5300,"comment_status":"closed","ping_status":"open","sticky":false,"template":"","format":"standard","meta":{"_et_pb_use_builder":"on","_et_pb_old_content":"","_et_gb_content_width":"","footnotes":""},"categories":[5,4],"tags":[],"class_list":["post-5693","post","type-post","status-publish","format-standard","has-post-thumbnail","hentry","category-general","category-organizacion"],"_links":{"self":[{"href":"https:\/\/cetm-madrid.es\/web\/wp-json\/wp\/v2\/posts\/5693","targetHints":{"allow":["GET"]}}],"collection":[{"href":"https:\/\/cetm-madrid.es\/web\/wp-json\/wp\/v2\/posts"}],"about":[{"href":"https:\/\/cetm-madrid.es\/web\/wp-json\/wp\/v2\/types\/post"}],"author":[{"embeddable":true,"href":"https:\/\/cetm-madrid.es\/web\/wp-json\/wp\/v2\/users\/1"}],"replies":[{"embeddable":true,"href":"https:\/\/cetm-madrid.es\/web\/wp-json\/wp\/v2\/comments?post=5693"}],"version-history":[{"count":3,"href":"https:\/\/cetm-madrid.es\/web\/wp-json\/wp\/v2\/posts\/5693\/revisions"}],"predecessor-version":[{"id":5697,"href":"https:\/\/cetm-madrid.es\/web\/wp-json\/wp\/v2\/posts\/5693\/revisions\/5697"}],"wp:featuredmedia":[{"embeddable":true,"href":"https:\/\/cetm-madrid.es\/web\/wp-json\/wp\/v2\/media\/5300"}],"wp:attachment":[{"href":"https:\/\/cetm-madrid.es\/web\/wp-json\/wp\/v2\/media?parent=5693"}],"wp:term":[{"taxonomy":"category","embeddable":true,"href":"https:\/\/cetm-madrid.es\/web\/wp-json\/wp\/v2\/categories?post=5693"},{"taxonomy":"post_tag","embeddable":true,"href":"https:\/\/cetm-madrid.es\/web\/wp-json\/wp\/v2\/tags?post=5693"}],"curies":[{"name":"wp","href":"https:\/\/api.w.org\/{rel}","templated":true}]}}