{"id":5610,"date":"2020-06-19T07:02:17","date_gmt":"2020-06-19T07:02:17","guid":{"rendered":"https:\/\/cetm-madrid.es\/web\/?p=5610"},"modified":"2020-06-22T07:16:35","modified_gmt":"2020-06-22T07:16:35","slug":"la-dgt-restablece-las-restricciones-al-transporte-de-mercancias-a-partir-del-domingo","status":"publish","type":"post","link":"https:\/\/cetm-madrid.es\/web\/la-dgt-restablece-las-restricciones-al-transporte-de-mercancias-a-partir-del-domingo\/","title":{"rendered":"LA DGT RESTABLECE LAS RESTRICCIONES AL TRANSPORTE DE MERCANC\u00cdAS A PARTIR DEL DOMINGO"},"content":{"rendered":"<p>[et_pb_section fb_built=&#8221;1&#8243; admin_label=&#8221;section&#8221; _builder_version=&#8221;3.22&#8243;][et_pb_row column_structure=&#8221;2_3,1_3&#8243; admin_label=&#8221;row&#8221; _builder_version=&#8221;3.25&#8243; background_size=&#8221;initial&#8221; background_position=&#8221;top_left&#8221; background_repeat=&#8221;repeat&#8221;][et_pb_column type=&#8221;2_3&#8243; _builder_version=&#8221;3.25&#8243; custom_padding=&#8221;|||&#8221; custom_padding__hover=&#8221;|||&#8221;][et_pb_text admin_label=&#8221;Texto&#8221; _builder_version=&#8221;4.4.8&#8243; background_size=&#8221;initial&#8221; background_position=&#8221;top_left&#8221; background_repeat=&#8221;repeat&#8221; text_orientation=&#8221;justified&#8221; use_border_color=&#8221;off&#8221; border_color=&#8221;#ffffff&#8221; border_style=&#8221;solid&#8221;]<\/p>\n<p>Coincidiendo con el fin del estado de alarma, vuelven las restricciones a la circulaci\u00f3n de veh\u00edculos de transporte de mercanc\u00edas. De esta manera, se habr\u00e1n recuperado las restricciones a la circulaci\u00f3n de camiones en todo el pa\u00eds, puesto que el Servei Catal\u00e1 de Tr\u00e1nsit y la Direcci\u00f3n de Tr\u00e1fico del Pa\u00eds Vasco ya hab\u00edan tomado esta decisi\u00f3n en su \u00e1mbito competencial.<\/p>\n<p>La Direcci\u00f3n General de Tr\u00e1fico ha informado de que ser\u00e1, a partir de las 00:00 horas del 21 de junio, cuando volver\u00e1n a estar vigentes las restricciones que hab\u00edan dejado de tener efecto como consecuencia de la declaraci\u00f3n del estado de alarma y la publicaci\u00f3n de la Orden Ministerial INT\/262\/2020.<\/p>\n<p>Los veh\u00edculos a los cuales se restablecen las restricciones son:<\/p>\n<p>\u2022 Transporte de mercanc\u00edas en general<\/p>\n<p>\u2022 Mercanc\u00edas peligrosas por calendario y tramos de v\u00eda (apartado 1\u00ba del Anexo V de la resoluci\u00f3n)<\/p>\n<p>\u2022 Veh\u00edculos especiales y veh\u00edculos que precisan de autorizaci\u00f3n complementaria de circulaci\u00f3n, al superar, por sus caracter\u00edsticas t\u00e9cnicas o por raz\u00f3n de carga indivisible transportada, los calores de masas o dimensiones m\u00e1ximas permitidas.<\/p>\n<p>En un comunicado de prensa la DGT ha agradecido al sector del transporte de mercanc\u00edas \u201cel trabajo esencial\u201d que ha desarrollado durante el estado de alarma, destacando que en muchas ocasiones los transportistas han antepuesto su trabajo a la posibilidad de estar con su familia.<\/p>\n<p>Por parte de la Confederaci\u00f3n Espa\u00f1ola de Transporte de Mercanc\u00edas (CETM), seguimos considerando indispensable un cambio filos\u00f3fico respecto al establecimiento de las restricciones de tr\u00e1fico, las cuales deber\u00e1n basarse en el concepto de RESTRICCIONES M\u00cdNIMAS, y que deber\u00edan tener en cuenta los siguientes aspectos:<\/p>\n<p>\u2022 Supresi\u00f3n de todas las restricciones al tr\u00e1fico de car\u00e1cter gen\u00e9rico, ya que introducen de forma injustificada elementos de rigidez que impiden la libre circulaci\u00f3n de las mercanc\u00edas, al tiempo que dificultan tremendamente la mejora de las condiciones sociales de los conductores. Deber\u00eda de establecerse restricciones \u00fanicamente en fechas, horarios y carreteras muy determinados.<\/p>\n<p>\u2022 No se establecer\u00e1n restricciones en las franjas horarias de menor intensidad circulatoria como son las nocturnas, ya que de esta manera se reducir\u00eda el caos circulatorio que se ocasiona con motivo de la salida en bloque de todos los veh\u00edculos que se han acumulado tras un per\u00edodo prolongado de restricci\u00f3n.<\/p>\n<p>\u2022 Ampliaci\u00f3n de las exenciones a todos los productos alimenticios, en l\u00ednea de lo que ocurre en la mayor\u00eda de los pa\u00edses de la Uni\u00f3n Europe (UE).\u00a0<\/p>\n<p>\u2022 Creaci\u00f3n de corredores Norte-Sur y Este-Oeste, que permitan la libre circulaci\u00f3n de todos los veh\u00edculos las 24 horas del d\u00eda y durante los 365 d\u00edas del a\u00f1o.<\/p>\n<p>\u2022 Las prohibiciones para la circulaci\u00f3n establecidas en las distintas Resoluciones solo afectar\u00e1n a los veh\u00edculos con una MMA superior a los 20.000 kilos.<\/p>\n<p>[\/et_pb_text][\/et_pb_column][et_pb_column type=&#8221;1_3&#8243; _builder_version=&#8221;3.25&#8243; custom_padding=&#8221;|||&#8221; custom_padding__hover=&#8221;|||&#8221;][et_pb_image src=&#8221;https:\/\/cetm-madrid.es\/web\/wp-content\/uploads\/2020\/05\/Captura-11.jpg&#8221; title_text=&#8221;Captura&#8221; align_tablet=&#8221;center&#8221; align_phone=&#8221;&#8221; align_last_edited=&#8221;on|desktop&#8221; admin_label=&#8221;Imagen&#8221; _builder_version=&#8221;4.4.8&#8243; animation_style=&#8221;slide&#8221; animation_direction=&#8221;left&#8221; animation_duration=&#8221;500ms&#8221; animation_intensity_slide=&#8221;10%&#8221; use_border_color=&#8221;off&#8221; border_color=&#8221;#ffffff&#8221; border_style=&#8221;solid&#8221; animation=&#8221;left&#8221; sticky=&#8221;off&#8221; always_center_on_mobile=&#8221;on&#8221;][\/et_pb_image][\/et_pb_column][\/et_pb_row][\/et_pb_section]<\/p>\n","protected":false},"excerpt":{"rendered":"<p>Coincidiendo con el fin del estado de alarma, vuelven las restricciones a la circulaci\u00f3n de veh\u00edculos de transporte de mercanc\u00edas. De esta manera, se habr\u00e1n recuperado las restricciones a la circulaci\u00f3n de camiones en todo el pa\u00eds, puesto que el Servei Catal\u00e1 de Tr\u00e1nsit y la Direcci\u00f3n de Tr\u00e1fico del Pa\u00eds Vasco ya hab\u00edan tomado [&hellip;]<\/p>\n","protected":false},"author":1,"featured_media":5295,"comment_status":"closed","ping_status":"open","sticky":false,"template":"","format":"standard","meta":{"_et_pb_use_builder":"on","_et_pb_old_content":"","_et_gb_content_width":"","footnotes":""},"categories":[5,4],"tags":[],"class_list":["post-5610","post","type-post","status-publish","format-standard","has-post-thumbnail","hentry","category-general","category-organizacion"],"_links":{"self":[{"href":"https:\/\/cetm-madrid.es\/web\/wp-json\/wp\/v2\/posts\/5610","targetHints":{"allow":["GET"]}}],"collection":[{"href":"https:\/\/cetm-madrid.es\/web\/wp-json\/wp\/v2\/posts"}],"about":[{"href":"https:\/\/cetm-madrid.es\/web\/wp-json\/wp\/v2\/types\/post"}],"author":[{"embeddable":true,"href":"https:\/\/cetm-madrid.es\/web\/wp-json\/wp\/v2\/users\/1"}],"replies":[{"embeddable":true,"href":"https:\/\/cetm-madrid.es\/web\/wp-json\/wp\/v2\/comments?post=5610"}],"version-history":[{"count":3,"href":"https:\/\/cetm-madrid.es\/web\/wp-json\/wp\/v2\/posts\/5610\/revisions"}],"predecessor-version":[{"id":5619,"href":"https:\/\/cetm-madrid.es\/web\/wp-json\/wp\/v2\/posts\/5610\/revisions\/5619"}],"wp:featuredmedia":[{"embeddable":true,"href":"https:\/\/cetm-madrid.es\/web\/wp-json\/wp\/v2\/media\/5295"}],"wp:attachment":[{"href":"https:\/\/cetm-madrid.es\/web\/wp-json\/wp\/v2\/media?parent=5610"}],"wp:term":[{"taxonomy":"category","embeddable":true,"href":"https:\/\/cetm-madrid.es\/web\/wp-json\/wp\/v2\/categories?post=5610"},{"taxonomy":"post_tag","embeddable":true,"href":"https:\/\/cetm-madrid.es\/web\/wp-json\/wp\/v2\/tags?post=5610"}],"curies":[{"name":"wp","href":"https:\/\/api.w.org\/{rel}","templated":true}]}}