{"id":5603,"date":"2020-06-19T06:50:46","date_gmt":"2020-06-19T06:50:46","guid":{"rendered":"https:\/\/cetm-madrid.es\/web\/?p=5603"},"modified":"2020-06-22T06:57:57","modified_gmt":"2020-06-22T06:57:57","slug":"business-europe-traslada-al-consejo-europeo-la-urgencia-de-alcanzar-un-acuerdo-sobre-el-plan-europeo-de-recuperacion","status":"publish","type":"post","link":"https:\/\/cetm-madrid.es\/web\/business-europe-traslada-al-consejo-europeo-la-urgencia-de-alcanzar-un-acuerdo-sobre-el-plan-europeo-de-recuperacion\/","title":{"rendered":"BUSINESS EUROPE TRASLADA AL CONSEJO EUROPEO LA URGENCIA DE ALCANZAR UN ACUERDO SOBRE EL PLAN EUROPEO DE RECUPERACI\u00d3N"},"content":{"rendered":"<p>[et_pb_section fb_built=&#8221;1&#8243; admin_label=&#8221;section&#8221; _builder_version=&#8221;3.22&#8243;][et_pb_row admin_label=&#8221;row&#8221; _builder_version=&#8221;3.25&#8243; background_size=&#8221;initial&#8221; background_position=&#8221;top_left&#8221; background_repeat=&#8221;repeat&#8221; column_structure=&#8221;2_3,1_3&#8243;][et_pb_column type=&#8221;2_3&#8243; _builder_version=&#8221;3.25&#8243; custom_padding=&#8221;|||&#8221; custom_padding__hover=&#8221;|||&#8221;][et_pb_text admin_label=&#8221;Texto&#8221; _builder_version=&#8221;4.4.8&#8243; background_size=&#8221;initial&#8221; background_position=&#8221;top_left&#8221; background_repeat=&#8221;repeat&#8221; text_orientation=&#8221;justified&#8221; hover_enabled=&#8221;0&#8243; use_border_color=&#8221;off&#8221; border_color=&#8221;#ffffff&#8221; border_style=&#8221;solid&#8221;]<\/p>\n<p>Business Europe, la organizaci\u00f3n empresarial que agrupa las principales patronales de toda Europa entre ellas la CEOE, de la que es miembro la CETM, ha enviado un mensaje al Consejo Europeo para reclamar medidas urgentes ante la reuni\u00f3n que mantendr\u00e1n hoy los Estados miembro por videoconferencia.<\/p>\n<p>La organizaci\u00f3n ha trasladado al Consejo Europeo la necesidad de alcanzar un acuerdo con rapidez para que, de una vez por todas, se establezca el Plan Europeo de Recuperaci\u00f3n, de manera que los Estados m\u00e1s afectados puedan hacer frente a los estragos causados por la crisis del Covid-19.<\/p>\n<p>Desde Business Europe reclaman una \u201ccooperaci\u00f3n estrecha\u201d entre los 27 y recuerdan que no es el momento de aumentar impuestos, puesto que sonmuchas las empresas que no podr\u00e1n afrontar m\u00e1s costes.<\/p>\n<p>Asimismo, aseguran que la crisis debe verse como \u201cuna oportunidad para relanzar\u201d el mercado interior europeo y eliminar barreras fortaleciendo el di\u00e1logo estrecho y coherente entre la Comisi\u00f3n y los Estados miembro.<\/p>\n<p>Entre las medidas que proponen desde la patronal europea, se encuentra la creaci\u00f3n de un portal europeo de contrataci\u00f3n p\u00fablica, para garantizar f\u00e1cil acceso a la informaci\u00f3n relevante sobre los mercados nacionales de contratos p\u00fablicos y el desarrollo de gu\u00edas o plantillas que aporte mayor transparencia.<\/p>\n<p>Otro de los puntos que destacan es la apuesta por una estrategia de crecimiento que se base en el entorno digital y la consecuci\u00f3n de los Objetivos de Desarrollo Sostenible de la Agenda 2030.<\/p>\n<p>Los jefes de Estado y Gobierno de los pa\u00edses de la UE hoy debatir\u00e1n en una cumbre telem\u00e1tica la puesta en marcha del Plan Europeo de Recuperaci\u00f3n, que implicar\u00eda la distribuci\u00f3n de pr\u00e9stamos y ayudas directas a los pa\u00edses m\u00e1s afectados por la pandemia. Sin embargo, los pa\u00edses del norte (Austria, Suecia, Dinamarca y Pa\u00edses Bajos) ven con recelo que se tramiten pr\u00e9stamos a pa\u00edses como Italia o Espa\u00f1a, por lo que previsiblemente hoy tampoco se alcanzar\u00e1 un acuerdo.<\/p>\n<p>[\/et_pb_text][\/et_pb_column][et_pb_column type=&#8221;1_3&#8243; _builder_version=&#8221;3.25&#8243; custom_padding=&#8221;|||&#8221; custom_padding__hover=&#8221;|||&#8221;][et_pb_image src=&#8221;https:\/\/cetm-madrid.es\/web\/wp-content\/uploads\/2020\/06\/Captura-4.jpg&#8221; align_tablet=&#8221;center&#8221; align_last_edited=&#8221;on|desktop&#8221; admin_label=&#8221;Imagen&#8221; _builder_version=&#8221;4.4.8&#8243; animation_style=&#8221;slide&#8221; animation_direction=&#8221;left&#8221; animation_duration=&#8221;500ms&#8221; animation_intensity_slide=&#8221;10%&#8221; hover_enabled=&#8221;0&#8243; use_border_color=&#8221;off&#8221; border_color=&#8221;#ffffff&#8221; border_style=&#8221;solid&#8221; animation=&#8221;left&#8221; sticky=&#8221;off&#8221; always_center_on_mobile=&#8221;on&#8221; title_text=&#8221;Captura&#8221;][\/et_pb_image][et_pb_button _builder_version=&#8221;4.4.8&#8243; button_text=&#8221;Mensaje BusinessEurope &#8211; Consejo Europeo&#8221; button_url=&#8221;https:\/\/cetm-madrid.es\/web\/wp-content\/uploads\/2020\/06\/19.06.2020-Mensaje-BusinessEurope-Consejo-Europeo.pdf&#8221; hover_enabled=&#8221;0&#8243;][\/et_pb_button][et_pb_button _builder_version=&#8221;4.4.8&#8243; button_text=&#8221;BusinessEurope position paper Single Market governance package&#8221; button_url=&#8221;https:\/\/cetm-madrid.es\/web\/wp-content\/uploads\/2020\/06\/10.06.2020-BusinessEurope-position-paper-Single-Market-governance-package.pdf&#8221; hover_enabled=&#8221;0&#8243;][\/et_pb_button][\/et_pb_column][\/et_pb_row][\/et_pb_section]<\/p>\n","protected":false},"excerpt":{"rendered":"<p>Business Europe, la organizaci\u00f3n empresarial que agrupa las principales patronales de toda Europa entre ellas la CEOE, de la que es miembro la CETM, ha enviado un mensaje al Consejo Europeo para reclamar medidas urgentes ante la reuni\u00f3n que mantendr\u00e1n hoy los Estados miembro por videoconferencia. La organizaci\u00f3n ha trasladado al Consejo Europeo la necesidad [&hellip;]<\/p>\n","protected":false},"author":1,"featured_media":5606,"comment_status":"closed","ping_status":"open","sticky":false,"template":"","format":"standard","meta":{"_et_pb_use_builder":"on","_et_pb_old_content":"","_et_gb_content_width":"","footnotes":""},"categories":[5,4],"tags":[],"class_list":["post-5603","post","type-post","status-publish","format-standard","has-post-thumbnail","hentry","category-general","category-organizacion"],"_links":{"self":[{"href":"https:\/\/cetm-madrid.es\/web\/wp-json\/wp\/v2\/posts\/5603","targetHints":{"allow":["GET"]}}],"collection":[{"href":"https:\/\/cetm-madrid.es\/web\/wp-json\/wp\/v2\/posts"}],"about":[{"href":"https:\/\/cetm-madrid.es\/web\/wp-json\/wp\/v2\/types\/post"}],"author":[{"embeddable":true,"href":"https:\/\/cetm-madrid.es\/web\/wp-json\/wp\/v2\/users\/1"}],"replies":[{"embeddable":true,"href":"https:\/\/cetm-madrid.es\/web\/wp-json\/wp\/v2\/comments?post=5603"}],"version-history":[{"count":2,"href":"https:\/\/cetm-madrid.es\/web\/wp-json\/wp\/v2\/posts\/5603\/revisions"}],"predecessor-version":[{"id":5609,"href":"https:\/\/cetm-madrid.es\/web\/wp-json\/wp\/v2\/posts\/5603\/revisions\/5609"}],"wp:featuredmedia":[{"embeddable":true,"href":"https:\/\/cetm-madrid.es\/web\/wp-json\/wp\/v2\/media\/5606"}],"wp:attachment":[{"href":"https:\/\/cetm-madrid.es\/web\/wp-json\/wp\/v2\/media?parent=5603"}],"wp:term":[{"taxonomy":"category","embeddable":true,"href":"https:\/\/cetm-madrid.es\/web\/wp-json\/wp\/v2\/categories?post=5603"},{"taxonomy":"post_tag","embeddable":true,"href":"https:\/\/cetm-madrid.es\/web\/wp-json\/wp\/v2\/tags?post=5603"}],"curies":[{"name":"wp","href":"https:\/\/api.w.org\/{rel}","templated":true}]}}