{"id":5285,"date":"2020-05-28T17:44:08","date_gmt":"2020-05-28T17:44:08","guid":{"rendered":"https:\/\/cetm-madrid.es\/web\/?p=5285"},"modified":"2020-05-28T17:50:47","modified_gmt":"2020-05-28T17:50:47","slug":"cortada-la-c-17-en-montcada-i-reixac-en-sentido-barcelona","status":"publish","type":"post","link":"https:\/\/cetm-madrid.es\/web\/cortada-la-c-17-en-montcada-i-reixac-en-sentido-barcelona\/","title":{"rendered":"CORTADA LA C-17 EN MONTCADA I REIXAC EN SENTIDO BARCELONA"},"content":{"rendered":"<p>[et_pb_section fb_built=&#8221;1&#8243; admin_label=&#8221;section&#8221; _builder_version=&#8221;3.22&#8243;][et_pb_row column_structure=&#8221;2_3,1_3&#8243; admin_label=&#8221;row&#8221; _builder_version=&#8221;3.25&#8243; background_size=&#8221;initial&#8221; background_position=&#8221;top_left&#8221; background_repeat=&#8221;repeat&#8221;][et_pb_column type=&#8221;2_3&#8243; _builder_version=&#8221;3.25&#8243; custom_padding=&#8221;|||&#8221; custom_padding__hover=&#8221;|||&#8221;][et_pb_text admin_label=&#8221;Texto&#8221; _builder_version=&#8221;4.4.2&#8243; background_size=&#8221;initial&#8221; background_position=&#8221;top_left&#8221; background_repeat=&#8221;repeat&#8221; text_orientation=&#8221;justified&#8221; use_border_color=&#8221;off&#8221; border_color=&#8221;#ffffff&#8221; border_style=&#8221;solid&#8221;]<\/p>\n<p>Los trabajadores de Nissan han cortado la C-17 a la altura de Montcada i Reixac en sentido Barcelona. Protestan por el cierre que la multinacional nipona ha anunciado esta ma\u00f1ana de sus tres plantas en Catalu\u00f1a.<\/p>\n<p>Os recomendamos que para evitar incidencias consult\u00e9is, antes de viajar por la zona, el estado de las carreteras en la web de la DGT: <a href=\"http:\/\/infocar.dgt.es\/etraffic\/\" target=\"_blank\" rel=\"noopener noreferrer\">http:\/\/infocar.dgt.es\/etraffic\/<\/a> y\/o en nuestras redes sociales.<\/p>\n<p>La Confederaci\u00f3n Espa\u00f1ola de Transporte de Mercanc\u00edas (CETM) lamenta que el corte de carreteras vuelva a ser el recurso por el que optan todos aquellos que quieren manifestar su leg\u00edtimo descontento ante cualquier circunstancia, ya que afecta especialmente a una actividad como la del transporte de mercanc\u00edas que, tal y como hemos podido comprobar durante esta pandemia, es absolutamente esencial para el correcto funcionamiento de Espa\u00f1a.<\/p>\n<p>[\/et_pb_text][\/et_pb_column][et_pb_column type=&#8221;1_3&#8243; _builder_version=&#8221;3.25&#8243; custom_padding=&#8221;|||&#8221; custom_padding__hover=&#8221;|||&#8221;][et_pb_image src=&#8221;https:\/\/cetm-madrid.es\/web\/wp-content\/uploads\/2020\/05\/Captura-11.jpg&#8221; align_tablet=&#8221;center&#8221; align_phone=&#8221;&#8221; align_last_edited=&#8221;on|desktop&#8221; admin_label=&#8221;Imagen&#8221; _builder_version=&#8221;4.4.2&#8243; animation_style=&#8221;slide&#8221; animation_direction=&#8221;left&#8221; animation_duration=&#8221;500ms&#8221; animation_intensity_slide=&#8221;10%&#8221; hover_enabled=&#8221;0&#8243; use_border_color=&#8221;off&#8221; border_color=&#8221;#ffffff&#8221; border_style=&#8221;solid&#8221; animation=&#8221;left&#8221; sticky=&#8221;off&#8221; always_center_on_mobile=&#8221;on&#8221;][\/et_pb_image][\/et_pb_column][\/et_pb_row][\/et_pb_section]<\/p>\n","protected":false},"excerpt":{"rendered":"<p>Los trabajadores de Nissan han cortado la C-17 a la altura de Montcada i Reixac en sentido Barcelona. Protestan por el cierre que la multinacional nipona ha anunciado esta ma\u00f1ana de sus tres plantas en Catalu\u00f1a. Os recomendamos que para evitar incidencias consult\u00e9is, antes de viajar por la zona, el estado de las carreteras en [&hellip;]<\/p>\n","protected":false},"author":1,"featured_media":5295,"comment_status":"closed","ping_status":"open","sticky":false,"template":"","format":"standard","meta":{"_et_pb_use_builder":"on","_et_pb_old_content":"","_et_gb_content_width":"","footnotes":""},"categories":[5,4],"tags":[],"class_list":["post-5285","post","type-post","status-publish","format-standard","has-post-thumbnail","hentry","category-general","category-organizacion"],"_links":{"self":[{"href":"https:\/\/cetm-madrid.es\/web\/wp-json\/wp\/v2\/posts\/5285","targetHints":{"allow":["GET"]}}],"collection":[{"href":"https:\/\/cetm-madrid.es\/web\/wp-json\/wp\/v2\/posts"}],"about":[{"href":"https:\/\/cetm-madrid.es\/web\/wp-json\/wp\/v2\/types\/post"}],"author":[{"embeddable":true,"href":"https:\/\/cetm-madrid.es\/web\/wp-json\/wp\/v2\/users\/1"}],"replies":[{"embeddable":true,"href":"https:\/\/cetm-madrid.es\/web\/wp-json\/wp\/v2\/comments?post=5285"}],"version-history":[{"count":4,"href":"https:\/\/cetm-madrid.es\/web\/wp-json\/wp\/v2\/posts\/5285\/revisions"}],"predecessor-version":[{"id":5297,"href":"https:\/\/cetm-madrid.es\/web\/wp-json\/wp\/v2\/posts\/5285\/revisions\/5297"}],"wp:featuredmedia":[{"embeddable":true,"href":"https:\/\/cetm-madrid.es\/web\/wp-json\/wp\/v2\/media\/5295"}],"wp:attachment":[{"href":"https:\/\/cetm-madrid.es\/web\/wp-json\/wp\/v2\/media?parent=5285"}],"wp:term":[{"taxonomy":"category","embeddable":true,"href":"https:\/\/cetm-madrid.es\/web\/wp-json\/wp\/v2\/categories?post=5285"},{"taxonomy":"post_tag","embeddable":true,"href":"https:\/\/cetm-madrid.es\/web\/wp-json\/wp\/v2\/tags?post=5285"}],"curies":[{"name":"wp","href":"https:\/\/api.w.org\/{rel}","templated":true}]}}