{"id":5281,"date":"2020-05-28T17:39:27","date_gmt":"2020-05-28T17:39:27","guid":{"rendered":"https:\/\/cetm-madrid.es\/web\/?p=5281"},"modified":"2020-05-28T17:39:31","modified_gmt":"2020-05-28T17:39:31","slug":"la-normativa-de-tiempos-de-conduccion-y-descanso-estara-de-nuevo-en-vigor-en-su-totalidad-a-partir-del-1-de-junio","status":"publish","type":"post","link":"https:\/\/cetm-madrid.es\/web\/la-normativa-de-tiempos-de-conduccion-y-descanso-estara-de-nuevo-en-vigor-en-su-totalidad-a-partir-del-1-de-junio\/","title":{"rendered":"LA NORMATIVA DE TIEMPOS DE CONDUCCI\u00d3N Y DESCANSO ESTAR\u00c1 DE NUEVO EN VIGOR EN SU TOTALIDAD A PARTIR DEL 1 DE JUNIO"},"content":{"rendered":"<p>[et_pb_section fb_built=&#8221;1&#8243; admin_label=&#8221;section&#8221; _builder_version=&#8221;3.22&#8243;][et_pb_row admin_label=&#8221;row&#8221; _builder_version=&#8221;3.25&#8243; background_size=&#8221;initial&#8221; background_position=&#8221;top_left&#8221; background_repeat=&#8221;repeat&#8221; column_structure=&#8221;2_3,1_3&#8243;][et_pb_column type=&#8221;2_3&#8243; _builder_version=&#8221;3.25&#8243; custom_padding=&#8221;|||&#8221; custom_padding__hover=&#8221;|||&#8221;][et_pb_text admin_label=&#8221;Texto&#8221; _builder_version=&#8221;4.4.2&#8243; background_size=&#8221;initial&#8221; background_position=&#8221;top_left&#8221; background_repeat=&#8221;repeat&#8221; text_orientation=&#8221;justified&#8221; hover_enabled=&#8221;0&#8243; use_border_color=&#8221;off&#8221; border_color=&#8221;#ffffff&#8221; border_style=&#8221;solid&#8221;]<\/p>\n<p>El Ministerio de Transportes, Movilidad y Agenda Urbana acaba de informarnos de que la flexibilizaci\u00f3n de la aplicaci\u00f3n del Reglamento 561\/2006 sobre tiempos de conducci\u00f3n y descanso, que finaliza el pr\u00f3ximo domingo 31 de mayo del 2020, no podr\u00e1 prorrogarse puesto que la Comisi\u00f3n Europea ha trasladado a los Estados Miembros que no autorizar\u00e1 nuevas exenciones a dicho reglamento a partir de dicha fecha.<\/p>\n<p>Consecuentemente, a partir del pr\u00f3ximo lunes 1 de junio el Reglamento 561\/2006 es de aplicaci\u00f3n en su totalidad.<\/p>\n<p>[\/et_pb_text][\/et_pb_column][et_pb_column type=&#8221;1_3&#8243; _builder_version=&#8221;3.25&#8243; custom_padding=&#8221;|||&#8221; custom_padding__hover=&#8221;|||&#8221;][et_pb_image src=&#8221;https:\/\/cetm-madrid.es\/web\/wp-content\/uploads\/2020\/03\/Captura-22.jpg&#8221; align_tablet=&#8221;center&#8221; align_last_edited=&#8221;on|desktop&#8221; admin_label=&#8221;Imagen&#8221; _builder_version=&#8221;4.4.2&#8243; animation_style=&#8221;slide&#8221; animation_direction=&#8221;left&#8221; animation_duration=&#8221;500ms&#8221; animation_intensity_slide=&#8221;10%&#8221; hover_enabled=&#8221;0&#8243; use_border_color=&#8221;off&#8221; border_color=&#8221;#ffffff&#8221; border_style=&#8221;solid&#8221; animation=&#8221;left&#8221; sticky=&#8221;off&#8221; always_center_on_mobile=&#8221;on&#8221;][\/et_pb_image][\/et_pb_column][\/et_pb_row][\/et_pb_section]<\/p>\n","protected":false},"excerpt":{"rendered":"<p>El Ministerio de Transportes, Movilidad y Agenda Urbana acaba de informarnos de que la flexibilizaci\u00f3n de la aplicaci\u00f3n del Reglamento 561\/2006 sobre tiempos de conducci\u00f3n y descanso, que finaliza el pr\u00f3ximo domingo 31 de mayo del 2020, no podr\u00e1 prorrogarse puesto que la Comisi\u00f3n Europea ha trasladado a los Estados Miembros que no autorizar\u00e1 nuevas [&hellip;]<\/p>\n","protected":false},"author":1,"featured_media":3993,"comment_status":"closed","ping_status":"open","sticky":false,"template":"","format":"standard","meta":{"_et_pb_use_builder":"on","_et_pb_old_content":"","_et_gb_content_width":"","footnotes":""},"categories":[5,4],"tags":[],"class_list":["post-5281","post","type-post","status-publish","format-standard","has-post-thumbnail","hentry","category-general","category-organizacion"],"_links":{"self":[{"href":"https:\/\/cetm-madrid.es\/web\/wp-json\/wp\/v2\/posts\/5281","targetHints":{"allow":["GET"]}}],"collection":[{"href":"https:\/\/cetm-madrid.es\/web\/wp-json\/wp\/v2\/posts"}],"about":[{"href":"https:\/\/cetm-madrid.es\/web\/wp-json\/wp\/v2\/types\/post"}],"author":[{"embeddable":true,"href":"https:\/\/cetm-madrid.es\/web\/wp-json\/wp\/v2\/users\/1"}],"replies":[{"embeddable":true,"href":"https:\/\/cetm-madrid.es\/web\/wp-json\/wp\/v2\/comments?post=5281"}],"version-history":[{"count":2,"href":"https:\/\/cetm-madrid.es\/web\/wp-json\/wp\/v2\/posts\/5281\/revisions"}],"predecessor-version":[{"id":5284,"href":"https:\/\/cetm-madrid.es\/web\/wp-json\/wp\/v2\/posts\/5281\/revisions\/5284"}],"wp:featuredmedia":[{"embeddable":true,"href":"https:\/\/cetm-madrid.es\/web\/wp-json\/wp\/v2\/media\/3993"}],"wp:attachment":[{"href":"https:\/\/cetm-madrid.es\/web\/wp-json\/wp\/v2\/media?parent=5281"}],"wp:term":[{"taxonomy":"category","embeddable":true,"href":"https:\/\/cetm-madrid.es\/web\/wp-json\/wp\/v2\/categories?post=5281"},{"taxonomy":"post_tag","embeddable":true,"href":"https:\/\/cetm-madrid.es\/web\/wp-json\/wp\/v2\/tags?post=5281"}],"curies":[{"name":"wp","href":"https:\/\/api.w.org\/{rel}","templated":true}]}}