{"id":5225,"date":"2020-05-23T14:01:40","date_gmt":"2020-05-23T14:01:40","guid":{"rendered":"https:\/\/cetm-madrid.es\/web\/?p=5225"},"modified":"2020-05-25T14:04:12","modified_gmt":"2020-05-25T14:04:12","slug":"la-cetm-apoya-rotundamente-a-anet-y-rechaza-los-peajes-que-el-gobierno-de-navarra-pretende-imponer-a-los-camiones","status":"publish","type":"post","link":"https:\/\/cetm-madrid.es\/web\/la-cetm-apoya-rotundamente-a-anet-y-rechaza-los-peajes-que-el-gobierno-de-navarra-pretende-imponer-a-los-camiones\/","title":{"rendered":"LA CETM APOYA ROTUNDAMENTE A ANET Y RECHAZA LOS PEAJES QUE EL GOBIERNO DE NAVARRA PRETENDE IMPONER A LOS CAMIONES"},"content":{"rendered":"<p>[et_pb_section fb_built=&#8221;1&#8243; admin_label=&#8221;section&#8221; _builder_version=&#8221;3.22&#8243;][et_pb_row admin_label=&#8221;row&#8221; _builder_version=&#8221;3.25&#8243; background_size=&#8221;initial&#8221; background_position=&#8221;top_left&#8221; background_repeat=&#8221;repeat&#8221; column_structure=&#8221;2_3,1_3&#8243;][et_pb_column type=&#8221;2_3&#8243; _builder_version=&#8221;3.25&#8243; custom_padding=&#8221;|||&#8221; custom_padding__hover=&#8221;|||&#8221;][et_pb_text admin_label=&#8221;Texto&#8221; _builder_version=&#8221;4.4.2&#8243; background_size=&#8221;initial&#8221; background_position=&#8221;top_left&#8221; background_repeat=&#8221;repeat&#8221; text_orientation=&#8221;justified&#8221; hover_enabled=&#8221;0&#8243; use_border_color=&#8221;off&#8221; border_color=&#8221;#ffffff&#8221; border_style=&#8221;solid&#8221;]<\/p>\n<p>En un momento en el que muchas empresas de transporte de mercanc\u00edas viven con incertidumbre ante la crisis del COVID-19 y no saben c\u00f3mo podr\u00e1n seguir adelante con su actividad, el Gobierno de Navarra plantea implantar un peaje exclusivo para camiones en cinco v\u00edas diferentes.<\/p>\n<p>Como bien se\u00f1ala la asociaci\u00f3n de la CETM en Navarra, ANET, la circulaci\u00f3n de los veh\u00edculos pesados por la N-121 siempre ha sido objeto de controversia en la Comunidad Foral pero, ahora, no planean el desv\u00edo de camiones, sino el cobro de un peaje en esa v\u00eda. Adem\u00e1s, la nueva propuesta que el Departamento de Cohesi\u00f3n Territorial ha trasladado a los diferentes grupos parlamentarios incluye el cobro de dicho peaje en otras cuatro v\u00edas m\u00e1s, (A10, A-15, A-68 y A-1).<\/p>\n<p>Desde la Confederaci\u00f3n Espa\u00f1ola de Transporte de Mercanc\u00edas queremos manifestar nuestro profundo rechazo a esta propuesta que, adem\u00e1s, en un escenario como el que vivimos actualmente, cuando la supervivencia de muchas empresas de transporte de mercanc\u00edas peligra, nos parece deplorable.<\/p>\n<p>La propuesta del Ejecutivo navarro se plantea como alternativa para llevar a cabo el mantenimiento de las v\u00edas, excus\u00e1ndose en el concepto de \u201cqui\u00e9n contamina paga\u201d o \u201cqui\u00e9n usa paga\u201d. Como bien se\u00f1alan desde ANET, este principio no se puede trasladar solo a los veh\u00edculos pesados y, adem\u00e1s, las infraestructuras son un servicio p\u00fablico que debe financiarse con cargo a los presupuestos. De hecho, si se hubiera destinado la cuant\u00eda que establece el Plan de Carreteras, ahora no se pondr\u00eda encima de la mesa este plan que las asociaciones de transporte de mercanc\u00edas conocieron tan solo unas horas antes de que se anunciara a los medios de comunicaci\u00f3n.<\/p>\n<p>La pretensi\u00f3n de hacer pagar doble al transporte deja en evidencia la relevancia que el Gobierno Foral otorga a un sector que se est\u00e1 dejando la piel ante la crisis sanitaria que vive el pa\u00eds. Una vez m\u00e1s, el empe\u00f1o en castigar al transporte de mercanc\u00edas no cesa, a\u00fan a sabiendas de que los camiones ya pagan por los costes sociales a trav\u00e9s de varios impuestos.<\/p>\n<p>Este peaje discriminatorio \u00fanicamente servir\u00eda para obligar a los transportistas a contar con costes inasumibles y, por si no fuera suficiente, ciertas voces se atreven a acusarlos de \u201cdestroza carreteras\u201d, a pesar de que el problema radica en la falta de mantenimiento que ha existido durante los \u00faltimos doce a\u00f1os.<\/p>\n<p>Por ello, CETM apoya rotundamente lo expuesto por ANET, que se\u00f1ala que el sector contribuy\u00f3 a las arcas de la Hacienda Foral el pasado a\u00f1o con 275 millones, un 7.05% de la recaudaci\u00f3n, cifra con la que el Gobierno podr\u00eda en cinco a\u00f1os duplicar los t\u00faneles de Belate y Almandoz, establecer una autov\u00eda en la N-121 con salida directa a Francia y llevar a cabo el correcto mantenimiento de las carreteras.<\/p>\n<p>Tampoco podemos olvidarnos de que este peaje repercutir\u00e1 en la fabricaci\u00f3n y en el precio final al consumidor, de manera que supondr\u00e1 la p\u00e9rdida de competitividad de las empresas navarras. En definitiva, ante este \u00faltimo intento del Gobierno navarro por aminorar al transporte, esperamos que quede en eso, en una pretensi\u00f3n que no avance m\u00e1s all\u00e1 del papel, porque ante la crisis econ\u00f3mica y financiera que ya est\u00e1 comenzando a ahogar a las empresas navarras, hay que buscar medidas de protecci\u00f3n, no opciones debiliten y golpeen al tejido empresarial.<\/p>\n<p>[\/et_pb_text][\/et_pb_column][et_pb_column type=&#8221;1_3&#8243; _builder_version=&#8221;3.25&#8243; custom_padding=&#8221;|||&#8221; custom_padding__hover=&#8221;|||&#8221;][et_pb_image src=&#8221;https:\/\/cetm-madrid.es\/web\/wp-content\/uploads\/2020\/05\/Captura-9.jpg&#8221; align_tablet=&#8221;center&#8221; align_last_edited=&#8221;on|desktop&#8221; admin_label=&#8221;Imagen&#8221; _builder_version=&#8221;4.4.2&#8243; animation_style=&#8221;slide&#8221; animation_direction=&#8221;left&#8221; animation_duration=&#8221;500ms&#8221; animation_intensity_slide=&#8221;10%&#8221; hover_enabled=&#8221;0&#8243; use_border_color=&#8221;off&#8221; border_color=&#8221;#ffffff&#8221; border_style=&#8221;solid&#8221; animation=&#8221;left&#8221; sticky=&#8221;off&#8221; always_center_on_mobile=&#8221;on&#8221;][\/et_pb_image][\/et_pb_column][\/et_pb_row][\/et_pb_section]<\/p>\n","protected":false},"excerpt":{"rendered":"<p>En un momento en el que muchas empresas de transporte de mercanc\u00edas viven con incertidumbre ante la crisis del COVID-19 y no saben c\u00f3mo podr\u00e1n seguir adelante con su actividad, el Gobierno de Navarra plantea implantar un peaje exclusivo para camiones en cinco v\u00edas diferentes. Como bien se\u00f1ala la asociaci\u00f3n de la CETM en Navarra, [&hellip;]<\/p>\n","protected":false},"author":1,"featured_media":5228,"comment_status":"closed","ping_status":"open","sticky":false,"template":"","format":"standard","meta":{"_et_pb_use_builder":"on","_et_pb_old_content":"","_et_gb_content_width":"","footnotes":""},"categories":[5,4],"tags":[],"class_list":["post-5225","post","type-post","status-publish","format-standard","has-post-thumbnail","hentry","category-general","category-organizacion"],"_links":{"self":[{"href":"https:\/\/cetm-madrid.es\/web\/wp-json\/wp\/v2\/posts\/5225","targetHints":{"allow":["GET"]}}],"collection":[{"href":"https:\/\/cetm-madrid.es\/web\/wp-json\/wp\/v2\/posts"}],"about":[{"href":"https:\/\/cetm-madrid.es\/web\/wp-json\/wp\/v2\/types\/post"}],"author":[{"embeddable":true,"href":"https:\/\/cetm-madrid.es\/web\/wp-json\/wp\/v2\/users\/1"}],"replies":[{"embeddable":true,"href":"https:\/\/cetm-madrid.es\/web\/wp-json\/wp\/v2\/comments?post=5225"}],"version-history":[{"count":2,"href":"https:\/\/cetm-madrid.es\/web\/wp-json\/wp\/v2\/posts\/5225\/revisions"}],"predecessor-version":[{"id":5229,"href":"https:\/\/cetm-madrid.es\/web\/wp-json\/wp\/v2\/posts\/5225\/revisions\/5229"}],"wp:featuredmedia":[{"embeddable":true,"href":"https:\/\/cetm-madrid.es\/web\/wp-json\/wp\/v2\/media\/5228"}],"wp:attachment":[{"href":"https:\/\/cetm-madrid.es\/web\/wp-json\/wp\/v2\/media?parent=5225"}],"wp:term":[{"taxonomy":"category","embeddable":true,"href":"https:\/\/cetm-madrid.es\/web\/wp-json\/wp\/v2\/categories?post=5225"},{"taxonomy":"post_tag","embeddable":true,"href":"https:\/\/cetm-madrid.es\/web\/wp-json\/wp\/v2\/tags?post=5225"}],"curies":[{"name":"wp","href":"https:\/\/api.w.org\/{rel}","templated":true}]}}