{"id":5184,"date":"2020-05-21T09:28:54","date_gmt":"2020-05-21T09:28:54","guid":{"rendered":"https:\/\/cetm-madrid.es\/web\/?p=5184"},"modified":"2020-05-21T09:28:58","modified_gmt":"2020-05-21T09:28:58","slug":"las-mudanzas-de-madrid-respaldan-la-flexibilizacion-en-sus-trabajos-que-preve-el-ayuntamiento-de-madri","status":"publish","type":"post","link":"https:\/\/cetm-madrid.es\/web\/las-mudanzas-de-madrid-respaldan-la-flexibilizacion-en-sus-trabajos-que-preve-el-ayuntamiento-de-madri\/","title":{"rendered":"Las mudanzas de Madrid respaldan la flexibilizaci\u00f3n en sus trabajos que prev\u00e9 el Ayuntamiento de Madri"},"content":{"rendered":"<p>[et_pb_section fb_built=&#8221;1&#8243; admin_label=&#8221;section&#8221; _builder_version=&#8221;3.22&#8243;][et_pb_row admin_label=&#8221;row&#8221; _builder_version=&#8221;3.25&#8243; background_size=&#8221;initial&#8221; background_position=&#8221;top_left&#8221; background_repeat=&#8221;repeat&#8221; column_structure=&#8221;2_3,1_3&#8243;][et_pb_column type=&#8221;2_3&#8243; _builder_version=&#8221;3.25&#8243; custom_padding=&#8221;|||&#8221; custom_padding__hover=&#8221;|||&#8221;][et_pb_text admin_label=&#8221;Texto&#8221; _builder_version=&#8221;4.4.2&#8243; background_size=&#8221;initial&#8221; background_position=&#8221;top_left&#8221; background_repeat=&#8221;repeat&#8221; text_orientation=&#8221;justified&#8221; hover_enabled=&#8221;0&#8243; use_border_color=&#8221;off&#8221; border_color=&#8221;#ffffff&#8221; border_style=&#8221;solid&#8221;]<\/p>\n<p style=\"text-align: center;\"><em>El Consistorio madrile\u00f1o flexibiliza \u201clas autorizaciones de ocupaci\u00f3n de la v\u00eda p\u00fablica\u201d<\/em><\/p>\n<p><strong>Madrid, 21 de mayo de 2020.- CETM-Madrid,<\/strong> a trav\u00e9s de su grupo de mudanzas OCEM, muestra su respaldo y satisfacci\u00f3n una vez que se ha conocido la decisi\u00f3n del Ayuntamiento madrile\u00f1o de flexibilizar los trabajos de mudanzas que se pueden realizar en las pr\u00f3ximas fechas.<\/p>\n<p>En una nota aclaratoria emitida por la Directora General de Gesti\u00f3n y Vigilancia de la Circulaci\u00f3n del consistorio municipal, reconoce que habr\u00e1 mudanzas que podr\u00e1n ser autorizadas, aunque con condiciones. Hasta ahora, durante el estado de alarma, se hab\u00eda paralizado la emisi\u00f3n de permisos de ocupaci\u00f3n de la v\u00eda p\u00fablica para mudanzas en la ciudad de Madrid.<\/p>\n<p>Esta medida se dicta en el marco del paulatino levantamiento de las restricciones que se est\u00e1n adoptando a nivel nacional. Los servicios de mudanzas que prev\u00e9 en este nuevo criterio deben ser imprescindibles y proporcionadas, sin que supongan la suspensi\u00f3n de ning\u00fan derecho fundamental, pudi\u00e9ndose autorizar la ocupaci\u00f3n de un carril de la circulaci\u00f3n.<\/p>\n<p>En este sentido, prev\u00e9 las siguientes limitaciones:<\/p>\n<p>&#8211; En cualquier desplazamiento deber\u00e1n respetarse las recomendaciones y obligaciones dictadas por las autoridades sanitarias.<\/p>\n<p>&#8211; La realizaci\u00f3n de la mudanza se har\u00e1 bajo la exclusiva responsabilidad de la empresa que la solicite, con la advertencia de que en cualquier momento la autoridad gubernativa podr\u00e1 acordar la suspensi\u00f3n de la autorizaci\u00f3n municipal.<\/p>\n<p>&#8211; Se podr\u00e1 ocupar el carril de circulaci\u00f3n, siempre que la mudanza programada se vaya a realizar en calles o v\u00edas que dispongan de m\u00e1s de un carril en cada sentido o de dos carriles si fuera calle de una \u00fanica direcci\u00f3n.<\/p>\n<p>&#8211; No se garantizar\u00e1 la reserva de espacio en la v\u00eda p\u00fablica.<\/p>\n<p>&#8211; No se podr\u00e1n ocupar espacios reservados a las zonas de carga y descarga, ni espacios que cuenten con cualquier otro tipo de reserva.<\/p>\n<p>De esta manera, el Ayuntamiento flexibiliza \u201clas autorizaciones de ocupaci\u00f3n de la v\u00eda p\u00fablica\u201d y advierte de que \u201cla obligaci\u00f3n de no estacionar en un mismo lugar durante m\u00e1s de 5 d\u00edas consecutivos y la de comprobar cada 48 horas que el veh\u00edculo permanezca <br \/>debidamente estacionado resultan de imposible cumplimiento por la ciudadan\u00eda mientras permanezca vigente el estado de alarma y sus pr\u00f3rrogas\u201d.<\/p>\n<p>Para CETM-Madrid, a trav\u00e9s de su grupo de mudanzas OCEM, se trata de una decisi\u00f3n que llega despu\u00e9s de diferentes peticiones realizadas por esta organizaci\u00f3n empresarial y que facilitar\u00e1 el trabajo a las empresas de mudanzas de la Comunidad de Madrid.<\/p>\n<p>[\/et_pb_text][\/et_pb_column][et_pb_column type=&#8221;1_3&#8243; _builder_version=&#8221;3.25&#8243; custom_padding=&#8221;|||&#8221; custom_padding__hover=&#8221;|||&#8221;][et_pb_image src=&#8221;https:\/\/cetm-madrid.es\/web\/wp-content\/uploads\/2020\/05\/Captura-8.jpg&#8221; align_tablet=&#8221;center&#8221; align_last_edited=&#8221;on|desktop&#8221; admin_label=&#8221;Imagen&#8221; _builder_version=&#8221;4.4.2&#8243; animation_style=&#8221;slide&#8221; animation_direction=&#8221;left&#8221; animation_duration=&#8221;500ms&#8221; animation_intensity_slide=&#8221;10%&#8221; hover_enabled=&#8221;0&#8243; use_border_color=&#8221;off&#8221; border_color=&#8221;#ffffff&#8221; border_style=&#8221;solid&#8221; animation=&#8221;left&#8221; sticky=&#8221;off&#8221; always_center_on_mobile=&#8221;on&#8221;][\/et_pb_image][\/et_pb_column][\/et_pb_row][\/et_pb_section]<\/p>\n","protected":false},"excerpt":{"rendered":"<p>El Consistorio madrile\u00f1o flexibiliza \u201clas autorizaciones de ocupaci\u00f3n de la v\u00eda p\u00fablica\u201d Madrid, 21 de mayo de 2020.- CETM-Madrid, a trav\u00e9s de su grupo de mudanzas OCEM, muestra su respaldo y satisfacci\u00f3n una vez que se ha conocido la decisi\u00f3n del Ayuntamiento madrile\u00f1o de flexibilizar los trabajos de mudanzas que se pueden realizar en las [&hellip;]<\/p>\n","protected":false},"author":1,"featured_media":5187,"comment_status":"closed","ping_status":"open","sticky":false,"template":"","format":"standard","meta":{"_et_pb_use_builder":"on","_et_pb_old_content":"","_et_gb_content_width":"","footnotes":""},"categories":[5,4],"tags":[],"class_list":["post-5184","post","type-post","status-publish","format-standard","has-post-thumbnail","hentry","category-general","category-organizacion"],"_links":{"self":[{"href":"https:\/\/cetm-madrid.es\/web\/wp-json\/wp\/v2\/posts\/5184","targetHints":{"allow":["GET"]}}],"collection":[{"href":"https:\/\/cetm-madrid.es\/web\/wp-json\/wp\/v2\/posts"}],"about":[{"href":"https:\/\/cetm-madrid.es\/web\/wp-json\/wp\/v2\/types\/post"}],"author":[{"embeddable":true,"href":"https:\/\/cetm-madrid.es\/web\/wp-json\/wp\/v2\/users\/1"}],"replies":[{"embeddable":true,"href":"https:\/\/cetm-madrid.es\/web\/wp-json\/wp\/v2\/comments?post=5184"}],"version-history":[{"count":4,"href":"https:\/\/cetm-madrid.es\/web\/wp-json\/wp\/v2\/posts\/5184\/revisions"}],"predecessor-version":[{"id":5191,"href":"https:\/\/cetm-madrid.es\/web\/wp-json\/wp\/v2\/posts\/5184\/revisions\/5191"}],"wp:featuredmedia":[{"embeddable":true,"href":"https:\/\/cetm-madrid.es\/web\/wp-json\/wp\/v2\/media\/5187"}],"wp:attachment":[{"href":"https:\/\/cetm-madrid.es\/web\/wp-json\/wp\/v2\/media?parent=5184"}],"wp:term":[{"taxonomy":"category","embeddable":true,"href":"https:\/\/cetm-madrid.es\/web\/wp-json\/wp\/v2\/categories?post=5184"},{"taxonomy":"post_tag","embeddable":true,"href":"https:\/\/cetm-madrid.es\/web\/wp-json\/wp\/v2\/tags?post=5184"}],"curies":[{"name":"wp","href":"https:\/\/api.w.org\/{rel}","templated":true}]}}