{"id":5101,"date":"2020-05-14T16:39:05","date_gmt":"2020-05-14T16:39:05","guid":{"rendered":"https:\/\/cetm-madrid.es\/web\/?p=5101"},"modified":"2020-05-28T17:55:17","modified_gmt":"2020-05-28T17:55:17","slug":"webinar-el-transporte-ante-una-nueva-realidad-la-cetm-insiste-en-la-necesidad-de-prohibir-la-carga-y-la-descarga-por-parte-del-conductor","status":"publish","type":"post","link":"https:\/\/cetm-madrid.es\/web\/webinar-el-transporte-ante-una-nueva-realidad-la-cetm-insiste-en-la-necesidad-de-prohibir-la-carga-y-la-descarga-por-parte-del-conductor\/","title":{"rendered":"WEBINAR \u2018EL TRANSPORTE ANTE UNA NUEVA REALIDAD\u2019: LA CETM INSISTE EN LA NECESIDAD DE PROHIBIR LA CARGA Y LA DESCARGA POR PARTE DEL CONDUCTOR"},"content":{"rendered":"<p>[et_pb_section fb_built=&#8221;1&#8243; admin_label=&#8221;section&#8221; _builder_version=&#8221;3.22&#8243;][et_pb_row column_structure=&#8221;2_3,1_3&#8243; admin_label=&#8221;row&#8221; _builder_version=&#8221;3.25&#8243; background_size=&#8221;initial&#8221; background_position=&#8221;top_left&#8221; background_repeat=&#8221;repeat&#8221;][et_pb_column type=&#8221;2_3&#8243; _builder_version=&#8221;3.25&#8243; custom_padding=&#8221;|||&#8221; custom_padding__hover=&#8221;|||&#8221;][et_pb_text admin_label=&#8221;Texto&#8221; _builder_version=&#8221;4.4.2&#8243; background_size=&#8221;initial&#8221; background_position=&#8221;top_left&#8221; background_repeat=&#8221;repeat&#8221; text_orientation=&#8221;justified&#8221; use_border_color=&#8221;off&#8221; border_color=&#8221;#ffffff&#8221; border_style=&#8221;solid&#8221;]<\/p>\n<p>La Confederaci\u00f3n Espa\u00f1ola de Transporte de Mercanc\u00edas (CETM) ha estado presente en el webinar \u2018El Transporte ante una Nueva Realidad\u2019, organizado por Vrio Europe, con la participaci\u00f3n de su secretario general, Jos\u00e9 Mar\u00eda Quijano, y el secretario general de CETM Frigor\u00edficos y de FROET, Manuel P\u00e9rezcarro.<\/p>\n<p>El encuentro, moderado por el director de marketing de Vrio, Jacinto Llorca, tambi\u00e9n ha contado con la presencia de Nuria Lacaci, secretaria general de la Asociaci\u00f3n Espa\u00f1ola de Usuarios del Transporte de Mercanc\u00edas (Aeutransmer). Durante el webinar, los<br \/>participantes han podido mostrar su punto de vista sobre la situaci\u00f3n que vive en la actualidad el transporte y el futuro que le espera, ante la crisis econ\u00f3mica derivada de la emergencia sanitaria que se vive a nivel mundial por el COVID-19.<\/p>\n<p>Tanto el secretario general de CETM como el secretario general de FROET, han puesto encima de la mesa una demanda hist\u00f3rica de la Confederaci\u00f3n y del Comit\u00e9 Nacional de Transporte por Carretera (CNTC), la prohibici\u00f3n de la carga y descarga que, ahora, se hace<br \/>a\u00fan m\u00e1s necesaria si cabe, ante el riesgo de contagio que implica para los conductores. \u201cLo que tiene que hacer el conductor, como bien dice la palabra es conducir\u201d, ha se\u00f1alado Jos\u00e9 Mar\u00eda Quijano que, adem\u00e1s, ha recordado el maltrato que han recibido muchos transportistas en parte de los centros de carga y descarga, donde les han negado el acceso a sus instalaciones ante la dif\u00edcil situaci\u00f3n que han tenido que vivir con \u00e1reas y estaciones de servicio cerradas. En este sentido, Manuel P\u00e9rezcarro, ha planteado la necesidad de que los centros log\u00edsticos cuenten con una recepci\u00f3n para los conductores. \u201cHemos echado de menos un mejor trato\u201d, ha recalcado.<\/p>\n<p>Ante esta cuesti\u00f3n, la secretaria general de Aeutranmer, Nuria Lacaci, ha afirmado que la carga y la descarga deber\u00eda regularse y considera que, desde el punto de vista normativo, la Administraci\u00f3n tiene mucho por hacer.<\/p>\n<p>El secretario de CETM Frigor\u00edficos ha ahondado en el tema y ha recordado que en la mayor\u00eda de los casos no se paga esta tarea, tal y como tambi\u00e9n ocurre con la subida y la bajada de palets. \u201cEs una pr\u00e1ctica claramente abusiva. No queremos que se pague porque lo que no queremos es hacerlo, no es nuestra misi\u00f3n\u201d, ha insistido.<\/p>\n<p>Adem\u00e1s, P\u00e9rezcarro ha puesto de manifiesto que el intercambio de palets supone otro peligro para la salud de los conductores y se tiene que erradicar poniendo en marcha otros mecanismos.<\/p>\n<p>En relaci\u00f3n a la digitalizaci\u00f3n de las empresas en el escenario actual, Nuria Lacaci ha destacado que la digitalizaci\u00f3n ha permitido mantener la trazabilidad y el seguimiento en la cadena de suministro y cree que habr\u00e1 una aceleraci\u00f3n en el uso de las nuevas herramientas digitales. Jos\u00e9 Mar\u00eda Quijano ha recordado que la industria ha puesto freno al uso del eCMR ya que no ha habido inter\u00e9s por parte de los cargadores a la hora de ponerlo en funcionamiento. La CETM lleva m\u00e1s de un a\u00f1o trabajando para que extienda su uso y P\u00e9rezcarro ha recalcado que no se podr\u00e1 llevar a cabo si no existe colaboraci\u00f3n por parte de los cargadores.<\/p>\n<p>Lacaci ha afirmado \u201crecoger el guante\u201d y ha propuesto crear un grupo de trabajo para poner en marcha el uso del eCMR. Asimismo, la secretaria general de Aeutransmer ha se\u00f1alado que, entre las medidas que han propuesto recientemente a la Administraci\u00f3n para<br \/>salvaguardar la cadena de suministro, no han incorporado la petici\u00f3n de las \u201844 toneladas\u2019 porque ahora mismo no son necesarias ante la falta de carga. \u201cNo nos parece que sea el momento\u201d, ha destacado.\u00a0<\/p>\n<p>Por otra parte, el secretario general de FROET, Manuel P\u00e9rezcarro, ha expuesto que, si se permitiera la obtenci\u00f3n del carn\u00e9 de cami\u00f3n a los 18 a\u00f1os mediante la realizaci\u00f3n de un ciclo formativo, habr\u00eda m\u00e1s posibilidades de motivar a los j\u00f3venes e incrementar el inter\u00e9s por esta profesi\u00f3n.<\/p>\n<p>Por \u00faltimo, cabe destacar que ante la dif\u00edcil situaci\u00f3n que est\u00e1n viviendo muchas empresas de transporte en la actualidad, con una fuerte bajada de la actividad, Jos\u00e9 Mar\u00eda Quijano y Manuel P\u00e9rezcarro consideran que urge un plan de medidas econ\u00f3micas y financieras destinado a las empresas de transporte de mercanc\u00edas para que puedan hacer frente a la crisis. De no ser as\u00ed, \u201cser\u00e1n muchos los que se queden en el camino\u201d, ha sentenciado el secretario general de FROET.<\/p>\n<p>El webinar de Vrio, denominado \u2018El Transporte ante una Nueva Realidad\u2019, ha contado con m\u00e1s de 200 asistentes y se han tratado muchos de los temas que afectan al transporte en la situaci\u00f3n actual. Se puede visualizar al completo en el siguiente enlace:\u00a0<\/p>\n<p><a href=\"https:\/\/app.livestorm.co\/vrio\/futuro\/live?email=mserrano%40cetm.es&amp;key=3885&amp;s=9e985ee2-44ca-43fd-88b1-e197de2c79d6#\/chat\" target=\"_blank\" rel=\"noopener noreferrer\">https:\/\/app.livestorm.co\/vrio\/futuro\/live?email=mserrano%40cetm.es&amp;key=3885&amp;s=9e985ee2-44ca-43fd-88b1-e197de2c79d6#\/chat<\/a><\/p>\n<p>[\/et_pb_text][\/et_pb_column][et_pb_column type=&#8221;1_3&#8243; _builder_version=&#8221;3.25&#8243; custom_padding=&#8221;|||&#8221; custom_padding__hover=&#8221;|||&#8221;][et_pb_image src=&#8221;https:\/\/cetm-madrid.es\/web\/wp-content\/uploads\/2020\/05\/Captura-2-.jpg&#8221; align_tablet=&#8221;center&#8221; align_phone=&#8221;&#8221; align_last_edited=&#8221;on|desktop&#8221; admin_label=&#8221;Imagen&#8221; _builder_version=&#8221;4.4.2&#8243; animation_style=&#8221;slide&#8221; animation_direction=&#8221;left&#8221; animation_duration=&#8221;500ms&#8221; animation_intensity_slide=&#8221;10%&#8221; hover_enabled=&#8221;0&#8243; use_border_color=&#8221;off&#8221; border_color=&#8221;#ffffff&#8221; border_style=&#8221;solid&#8221; animation=&#8221;left&#8221; sticky=&#8221;off&#8221; always_center_on_mobile=&#8221;on&#8221;][\/et_pb_image][\/et_pb_column][\/et_pb_row][\/et_pb_section]<\/p>\n","protected":false},"excerpt":{"rendered":"<p>La Confederaci\u00f3n Espa\u00f1ola de Transporte de Mercanc\u00edas (CETM) ha estado presente en el webinar \u2018El Transporte ante una Nueva Realidad\u2019, organizado por Vrio Europe, con la participaci\u00f3n de su secretario general, Jos\u00e9 Mar\u00eda Quijano, y el secretario general de CETM Frigor\u00edficos y de FROET, Manuel P\u00e9rezcarro. El encuentro, moderado por el director de marketing de [&hellip;]<\/p>\n","protected":false},"author":1,"featured_media":5300,"comment_status":"closed","ping_status":"open","sticky":false,"template":"","format":"standard","meta":{"_et_pb_use_builder":"on","_et_pb_old_content":"","_et_gb_content_width":"","footnotes":""},"categories":[5,4],"tags":[],"class_list":["post-5101","post","type-post","status-publish","format-standard","has-post-thumbnail","hentry","category-general","category-organizacion"],"_links":{"self":[{"href":"https:\/\/cetm-madrid.es\/web\/wp-json\/wp\/v2\/posts\/5101","targetHints":{"allow":["GET"]}}],"collection":[{"href":"https:\/\/cetm-madrid.es\/web\/wp-json\/wp\/v2\/posts"}],"about":[{"href":"https:\/\/cetm-madrid.es\/web\/wp-json\/wp\/v2\/types\/post"}],"author":[{"embeddable":true,"href":"https:\/\/cetm-madrid.es\/web\/wp-json\/wp\/v2\/users\/1"}],"replies":[{"embeddable":true,"href":"https:\/\/cetm-madrid.es\/web\/wp-json\/wp\/v2\/comments?post=5101"}],"version-history":[{"count":6,"href":"https:\/\/cetm-madrid.es\/web\/wp-json\/wp\/v2\/posts\/5101\/revisions"}],"predecessor-version":[{"id":5303,"href":"https:\/\/cetm-madrid.es\/web\/wp-json\/wp\/v2\/posts\/5101\/revisions\/5303"}],"wp:featuredmedia":[{"embeddable":true,"href":"https:\/\/cetm-madrid.es\/web\/wp-json\/wp\/v2\/media\/5300"}],"wp:attachment":[{"href":"https:\/\/cetm-madrid.es\/web\/wp-json\/wp\/v2\/media?parent=5101"}],"wp:term":[{"taxonomy":"category","embeddable":true,"href":"https:\/\/cetm-madrid.es\/web\/wp-json\/wp\/v2\/categories?post=5101"},{"taxonomy":"post_tag","embeddable":true,"href":"https:\/\/cetm-madrid.es\/web\/wp-json\/wp\/v2\/tags?post=5101"}],"curies":[{"name":"wp","href":"https:\/\/api.w.org\/{rel}","templated":true}]}}