{"id":5081,"date":"2020-05-13T19:32:57","date_gmt":"2020-05-13T19:32:57","guid":{"rendered":"https:\/\/cetm-madrid.es\/web\/?p=5081"},"modified":"2020-05-13T19:33:01","modified_gmt":"2020-05-13T19:33:01","slug":"la-comision-europea-apuesta-por-el-acuerdo-verde-en-el-camino-hacia-la-recuperacion","status":"publish","type":"post","link":"https:\/\/cetm-madrid.es\/web\/la-comision-europea-apuesta-por-el-acuerdo-verde-en-el-camino-hacia-la-recuperacion\/","title":{"rendered":"LA COMISI\u00d3N EUROPEA APUESTA POR EL ACUERDO VERDE EN EL CAMINO HACIA LA RECUPERACI\u00d3N"},"content":{"rendered":"<p>[et_pb_section fb_built=&#8221;1&#8243; admin_label=&#8221;section&#8221; _builder_version=&#8221;3.22&#8243;][et_pb_row admin_label=&#8221;row&#8221; _builder_version=&#8221;3.25&#8243; background_size=&#8221;initial&#8221; background_position=&#8221;top_left&#8221; background_repeat=&#8221;repeat&#8221; column_structure=&#8221;2_3,1_3&#8243;][et_pb_column type=&#8221;2_3&#8243; _builder_version=&#8221;3.25&#8243; custom_padding=&#8221;|||&#8221; custom_padding__hover=&#8221;|||&#8221;][et_pb_text admin_label=&#8221;Texto&#8221; _builder_version=&#8221;4.4.2&#8243; background_size=&#8221;initial&#8221; background_position=&#8221;top_left&#8221; background_repeat=&#8221;repeat&#8221; text_orientation=&#8221;justified&#8221; hover_enabled=&#8221;0&#8243; use_border_color=&#8221;off&#8221; border_color=&#8221;#ffffff&#8221; border_style=&#8221;solid&#8221;]<\/p>\n<p>Este lunes el Comit\u00e9 de Transporte y Turismo del Parlamento Europeo (Comit\u00e9 TRAN) recibi\u00f3 al vicepresidente de la Comisi\u00f3n Europea, Frans Timmermans, para discutir sobre el Acuerdo Verde Europeo.<\/p>\n<p>El sector del transporte ha sido uno de los m\u00e1s afectados por la crisis del COVID-19 y Timmermans considera que la apuesta por la reducci\u00f3n de las emisiones y la digitalizaci\u00f3n ser\u00e1 clave para aumentar su capacidad de recuperaci\u00f3n y su rentabilidad en el futuro.<\/p>\n<p>En este sentido, el vicepresidente de la CE destac\u00f3 que el transporte es un sector clave en el Acuerdo Verde Europeo y, por ello, considera que es necesario el aumento de la inversi\u00f3n para que el transporte \u201cpueda mirar al futuro\u201d. Timmermans insisti\u00f3 en que se deben cumplir los objetivos impuestos para 2030, ya que cada a\u00f1o 400.000 europeos mueren de forma prematura debido a la calidad del aire.<\/p>\n<p>Se espera que la Comisi\u00f3n Europea presente en el mes de septiembre su Evaluaci\u00f3n de Impacto y ser\u00e1 entonces cuando decida si el objetivo para 2030 es reducir las emisiones en un 50% o en un 55%.<\/p>\n<p>Por otra parte, el vicepresidente de la Comisi\u00f3n Europea hizo hincapi\u00e9 en que la industria del autom\u00f3vil deber\u00e1 ser m\u00e1s sostenible y tendr\u00e1 que recibir el apoyo de Bruselas con un plan de recuperaci\u00f3n que evite la p\u00e9rdida de empleos, aumente la demanda y la capacidad de recarga el\u00e9ctrica con tres millones de estaciones de carga en la Uni\u00f3n Europea.<\/p>\n<p>En cuanto al ferrocarril, Timmermans apuesta por el tren como una manera \u201cconfiable\u201d de mover las cargas y la mejor forma para que los ciudadanos viajen en distancia cortas. Adem\u00e1s, el pr\u00f3ximo a\u00f1o ser\u00e1 el A\u00f1o Europeo del Ferrocarril y esto se reflejar\u00e1 en los planes de la comisaria de Transportes, Adina Valean.<\/p>\n<p>El vicepresidente de la Comisi\u00f3n Europea dej\u00f3 claro que la recuperaci\u00f3n econ\u00f3mica y el Acuerdo Verde Europeo deben ir de la mano y advierte que \u201cno podemos sucumbir a la tentaci\u00f3n de la conveniencia a largo plazo\u201d.<\/p>\n<p>Durante su intervenci\u00f3n, Frans Timmermans se mostr\u00f3 seguro de que \u201cel carb\u00f3n es la fuente de energ\u00eda del pasado\u201d y apuesta por el hidr\u00f3geno como la fuente de energ\u00eda del futuro. Sin embargo, es consciente de que la CE tendr\u00e1 que ayudar a los sectores m\u00e1s afectados a trav\u00e9s del Fondo de Transici\u00f3n Justa.<\/p>\n<p>Asimismo, el vicepresidente europeo no ve futuro para los motores de combusti\u00f3n y considera que deben desaparecer en la industria automotriz.<\/p>\n<p>En definitiva, Timmermans dej\u00f3 claro este lunes que la crisis del COVID-19 no supondr\u00e1 un retraso en la consecuci\u00f3n de los objetivos del Acuerdo Verde Europeo y no dud\u00f3 en recordar a los Estados miembros que la recuperaci\u00f3n deber\u00e1 afrontarse desde esa postura.<\/p>\n<p>[\/et_pb_text][\/et_pb_column][et_pb_column type=&#8221;1_3&#8243; _builder_version=&#8221;3.25&#8243; custom_padding=&#8221;|||&#8221; custom_padding__hover=&#8221;|||&#8221;][et_pb_image src=&#8221;https:\/\/cetm-madrid.es\/web\/wp-content\/uploads\/2020\/05\/Captura-6.jpg&#8221; align_tablet=&#8221;center&#8221; align_last_edited=&#8221;on|desktop&#8221; admin_label=&#8221;Imagen&#8221; _builder_version=&#8221;4.4.2&#8243; animation_style=&#8221;slide&#8221; animation_direction=&#8221;left&#8221; animation_duration=&#8221;500ms&#8221; animation_intensity_slide=&#8221;10%&#8221; hover_enabled=&#8221;0&#8243; use_border_color=&#8221;off&#8221; border_color=&#8221;#ffffff&#8221; border_style=&#8221;solid&#8221; animation=&#8221;left&#8221; sticky=&#8221;off&#8221; always_center_on_mobile=&#8221;on&#8221;][\/et_pb_image][\/et_pb_column][\/et_pb_row][\/et_pb_section]<\/p>\n","protected":false},"excerpt":{"rendered":"<p>Este lunes el Comit\u00e9 de Transporte y Turismo del Parlamento Europeo (Comit\u00e9 TRAN) recibi\u00f3 al vicepresidente de la Comisi\u00f3n Europea, Frans Timmermans, para discutir sobre el Acuerdo Verde Europeo. El sector del transporte ha sido uno de los m\u00e1s afectados por la crisis del COVID-19 y Timmermans considera que la apuesta por la reducci\u00f3n de [&hellip;]<\/p>\n","protected":false},"author":1,"featured_media":5084,"comment_status":"closed","ping_status":"open","sticky":false,"template":"","format":"standard","meta":{"_et_pb_use_builder":"on","_et_pb_old_content":"","_et_gb_content_width":"","footnotes":""},"categories":[5,4],"tags":[],"class_list":["post-5081","post","type-post","status-publish","format-standard","has-post-thumbnail","hentry","category-general","category-organizacion"],"_links":{"self":[{"href":"https:\/\/cetm-madrid.es\/web\/wp-json\/wp\/v2\/posts\/5081","targetHints":{"allow":["GET"]}}],"collection":[{"href":"https:\/\/cetm-madrid.es\/web\/wp-json\/wp\/v2\/posts"}],"about":[{"href":"https:\/\/cetm-madrid.es\/web\/wp-json\/wp\/v2\/types\/post"}],"author":[{"embeddable":true,"href":"https:\/\/cetm-madrid.es\/web\/wp-json\/wp\/v2\/users\/1"}],"replies":[{"embeddable":true,"href":"https:\/\/cetm-madrid.es\/web\/wp-json\/wp\/v2\/comments?post=5081"}],"version-history":[{"count":4,"href":"https:\/\/cetm-madrid.es\/web\/wp-json\/wp\/v2\/posts\/5081\/revisions"}],"predecessor-version":[{"id":5088,"href":"https:\/\/cetm-madrid.es\/web\/wp-json\/wp\/v2\/posts\/5081\/revisions\/5088"}],"wp:featuredmedia":[{"embeddable":true,"href":"https:\/\/cetm-madrid.es\/web\/wp-json\/wp\/v2\/media\/5084"}],"wp:attachment":[{"href":"https:\/\/cetm-madrid.es\/web\/wp-json\/wp\/v2\/media?parent=5081"}],"wp:term":[{"taxonomy":"category","embeddable":true,"href":"https:\/\/cetm-madrid.es\/web\/wp-json\/wp\/v2\/categories?post=5081"},{"taxonomy":"post_tag","embeddable":true,"href":"https:\/\/cetm-madrid.es\/web\/wp-json\/wp\/v2\/tags?post=5081"}],"curies":[{"name":"wp","href":"https:\/\/api.w.org\/{rel}","templated":true}]}}