{"id":4995,"date":"2020-05-08T14:22:48","date_gmt":"2020-05-08T14:22:48","guid":{"rendered":"https:\/\/cetm-madrid.es\/web\/?p=4995"},"modified":"2020-05-28T17:56:11","modified_gmt":"2020-05-28T17:56:11","slug":"la-cetm-reclama-un-plan-prioritario-para-que-los-vehiculos-de-transporte-tengan-prioridad-para-pasar-la-itv","status":"publish","type":"post","link":"https:\/\/cetm-madrid.es\/web\/la-cetm-reclama-un-plan-prioritario-para-que-los-vehiculos-de-transporte-tengan-prioridad-para-pasar-la-itv\/","title":{"rendered":"LA CETM RECLAMA UN PLAN PRIORITARIO PARA QUE LOS VEH\u00cdCULOS DE  TRANSPORTE TENGAN PRIORIDAD PARA PASAR LA ITV"},"content":{"rendered":"<p>[et_pb_section fb_built=&#8221;1&#8243; admin_label=&#8221;section&#8221; _builder_version=&#8221;3.22&#8243;][et_pb_row column_structure=&#8221;2_3,1_3&#8243; admin_label=&#8221;row&#8221; _builder_version=&#8221;3.25&#8243; background_size=&#8221;initial&#8221; background_position=&#8221;top_left&#8221; background_repeat=&#8221;repeat&#8221;][et_pb_column type=&#8221;2_3&#8243; _builder_version=&#8221;3.25&#8243; custom_padding=&#8221;|||&#8221; custom_padding__hover=&#8221;|||&#8221;][et_pb_text admin_label=&#8221;Texto&#8221; _builder_version=&#8221;4.4.2&#8243; background_size=&#8221;initial&#8221; background_position=&#8221;top_left&#8221; background_repeat=&#8221;repeat&#8221; text_orientation=&#8221;justified&#8221; use_border_color=&#8221;off&#8221; border_color=&#8221;#ffffff&#8221; border_style=&#8221;solid&#8221;]<\/p>\n<p>A falta de una orden ministerial que oficialice la medida, el Ministerio de Sanidad permitir\u00e1 que, en aquellas comunidades que pasen a la fase 1 del plan de desescalada el pr\u00f3ximo lunes 11 de mayo, abran las ITV a pesar de que, en la mayor\u00eda de los casos, sus instalaciones superan los 400 m2, al entenderse que su actividad se caracteriza por funcionar con cita previa y por ser espacios en los<br \/>que se puede garantizar las medidas de distanciamiento obligatorias de al menos dos metros.<\/p>\n<p>Como sab\u00e9is, desde que el estado de alarma fue decretado el pasado 14 de marzo, los periodos de vencimiento de la ITV quedaron autom\u00e1ticamente prolongados.<\/p>\n<p>Desde el sector (representado por ACECA-ITV), se ha lanzado al Gobierno un plan de puesta en marcha para tratar de no colapsar el sistema, pues seg\u00fan sus c\u00e1lculos a fecha 10 de mayo habr\u00e1 3,1 millones de veh\u00edculos pendientes de pasar la ITV. Una cifra que se elevar\u00e1 a 5 millones a 31 de mayo. Por este motivo, desde la asociaci\u00f3n insta a que el Gobierno ampl\u00ede la fecha de vencimiento de las ITV caducadas durante el estado de alarma hasta el 30 de septiembre.<\/p>\n<p>La Confederaci\u00f3n Espa\u00f1ola de Transporte de Mercanc\u00edas (CETM), adem\u00e1s de coincidir con ACECA-<br \/>ITV en la necesidad ampliar la fecha de vencimiento, entiende que es absolutamente imprescindible<\/p>\n<p>establecer un plan prioritario de renovaci\u00f3n para aquellos veh\u00edculos que prestan servicios esenciales como ambulancias y veh\u00edculos de transporte, especialmente, en este \u00faltimo caso, a aquellos cuyo \u00e1mbito de actividad sea internacional.<\/p>\n<p>Finalmente, debemos tener en cuenta que no todas las comunidades aut\u00f3nomas pasar\u00e1n a la fase 1 al mismo tiempo, por lo que la reapertura de las ITV no ser\u00e1 uniforme.<\/p>\n<p>[\/et_pb_text][\/et_pb_column][et_pb_column type=&#8221;1_3&#8243; _builder_version=&#8221;3.25&#8243; custom_padding=&#8221;|||&#8221; custom_padding__hover=&#8221;|||&#8221;][et_pb_image src=&#8221;https:\/\/cetm-madrid.es\/web\/wp-content\/uploads\/2020\/05\/Captura-2-.jpg&#8221; align_tablet=&#8221;center&#8221; align_phone=&#8221;&#8221; align_last_edited=&#8221;on|desktop&#8221; admin_label=&#8221;Imagen&#8221; _builder_version=&#8221;4.4.2&#8243; animation_style=&#8221;slide&#8221; animation_direction=&#8221;left&#8221; animation_duration=&#8221;500ms&#8221; animation_intensity_slide=&#8221;10%&#8221; hover_enabled=&#8221;0&#8243; use_border_color=&#8221;off&#8221; border_color=&#8221;#ffffff&#8221; border_style=&#8221;solid&#8221; animation=&#8221;left&#8221; sticky=&#8221;off&#8221; always_center_on_mobile=&#8221;on&#8221;][\/et_pb_image][\/et_pb_column][\/et_pb_row][\/et_pb_section]<\/p>\n","protected":false},"excerpt":{"rendered":"<p>A falta de una orden ministerial que oficialice la medida, el Ministerio de Sanidad permitir\u00e1 que, en aquellas comunidades que pasen a la fase 1 del plan de desescalada el pr\u00f3ximo lunes 11 de mayo, abran las ITV a pesar de que, en la mayor\u00eda de los casos, sus instalaciones superan los 400 m2, al [&hellip;]<\/p>\n","protected":false},"author":1,"featured_media":5300,"comment_status":"closed","ping_status":"open","sticky":false,"template":"","format":"standard","meta":{"_et_pb_use_builder":"on","_et_pb_old_content":"","_et_gb_content_width":"","footnotes":""},"categories":[5,4],"tags":[],"class_list":["post-4995","post","type-post","status-publish","format-standard","has-post-thumbnail","hentry","category-general","category-organizacion"],"_links":{"self":[{"href":"https:\/\/cetm-madrid.es\/web\/wp-json\/wp\/v2\/posts\/4995","targetHints":{"allow":["GET"]}}],"collection":[{"href":"https:\/\/cetm-madrid.es\/web\/wp-json\/wp\/v2\/posts"}],"about":[{"href":"https:\/\/cetm-madrid.es\/web\/wp-json\/wp\/v2\/types\/post"}],"author":[{"embeddable":true,"href":"https:\/\/cetm-madrid.es\/web\/wp-json\/wp\/v2\/users\/1"}],"replies":[{"embeddable":true,"href":"https:\/\/cetm-madrid.es\/web\/wp-json\/wp\/v2\/comments?post=4995"}],"version-history":[{"count":5,"href":"https:\/\/cetm-madrid.es\/web\/wp-json\/wp\/v2\/posts\/4995\/revisions"}],"predecessor-version":[{"id":5304,"href":"https:\/\/cetm-madrid.es\/web\/wp-json\/wp\/v2\/posts\/4995\/revisions\/5304"}],"wp:featuredmedia":[{"embeddable":true,"href":"https:\/\/cetm-madrid.es\/web\/wp-json\/wp\/v2\/media\/5300"}],"wp:attachment":[{"href":"https:\/\/cetm-madrid.es\/web\/wp-json\/wp\/v2\/media?parent=4995"}],"wp:term":[{"taxonomy":"category","embeddable":true,"href":"https:\/\/cetm-madrid.es\/web\/wp-json\/wp\/v2\/categories?post=4995"},{"taxonomy":"post_tag","embeddable":true,"href":"https:\/\/cetm-madrid.es\/web\/wp-json\/wp\/v2\/tags?post=4995"}],"curies":[{"name":"wp","href":"https:\/\/api.w.org\/{rel}","templated":true}]}}