{"id":4932,"date":"2020-05-05T18:50:00","date_gmt":"2020-05-05T18:50:00","guid":{"rendered":"https:\/\/cetm-madrid.es\/web\/?p=4932"},"modified":"2020-05-05T18:50:04","modified_gmt":"2020-05-05T18:50:04","slug":"no-se-esperan-cortes-de-trafico-el-7-de-mayo-en-francia-a-pesar-de-la-convocatoria-de-huelga-realizada-por-cfdt","status":"publish","type":"post","link":"https:\/\/cetm-madrid.es\/web\/no-se-esperan-cortes-de-trafico-el-7-de-mayo-en-francia-a-pesar-de-la-convocatoria-de-huelga-realizada-por-cfdt\/","title":{"rendered":"NO SE ESPERAN CORTES DE TR\u00c1FICO EL 7 DE MAYO EN FRANCIA, A PESAR DE LA CONVOCATORIA DE HUELGA REALIZADA POR CFDT"},"content":{"rendered":"<p>[et_pb_section fb_built=&#8221;1&#8243; admin_label=&#8221;section&#8221; _builder_version=&#8221;3.22&#8243;][et_pb_row admin_label=&#8221;row&#8221; _builder_version=&#8221;3.25&#8243; background_size=&#8221;initial&#8221; background_position=&#8221;top_left&#8221; background_repeat=&#8221;repeat&#8221; column_structure=&#8221;2_3,1_3&#8243;][et_pb_column type=&#8221;2_3&#8243; _builder_version=&#8221;3.25&#8243; custom_padding=&#8221;|||&#8221; custom_padding__hover=&#8221;|||&#8221;][et_pb_text admin_label=&#8221;Texto&#8221; _builder_version=&#8221;4.4.2&#8243; background_size=&#8221;initial&#8221; background_position=&#8221;top_left&#8221; background_repeat=&#8221;repeat&#8221; text_orientation=&#8221;justified&#8221; hover_enabled=&#8221;0&#8243; use_border_color=&#8221;off&#8221; border_color=&#8221;#ffffff&#8221; border_style=&#8221;solid&#8221;]<\/p>\n<p>El sindicato franc\u00e9s CFDT emiti\u00f3 un comunicado el pasado 24 de abril en el que instaba a los trabajadores del sector del transporte de mercanc\u00edas a secundar una huelga el pr\u00f3ximo jueves 7 de mayo.<\/p>\n<p>Desde el sindicato, piden a los transportistas que ese d\u00eda porten brazaletes negros y banderas del mismo color en sus veh\u00edculos en se\u00f1al de luto ante el n\u00famero de transportistas contagiados, al menos 5.500, y de la cifra fallecidos, 35 en total.<\/p>\n<p>Asimismo, la delegaci\u00f3n de transporte de CFDT ha realizado un llamamiento para que los trabajadores de FedEx secunden una huelga a partir del jueves para reclamar una bonificaci\u00f3n por su trabajo ante la crisis del COVID-19.<\/p>\n<p>Sin embargo, no se espera que la convocatoria de huelga para este jueves 7 de mayo tenga un gran seguimiento y la principal asociaci\u00f3n de las empresas de transporte de mercanc\u00edas en Francia, FNTR, ha trasladado a la CETM que no se prev\u00e9 la interrupci\u00f3n del tr\u00e1fico, ni que esta acci\u00f3n se alargue en el tiempo.<\/p>\n<p>En cualquier caso, desde la CETM recomendamos a las empresas de transporte que el jueves consulten el tr\u00e1fico por si pudiera surgir cualquier incidencia, sobre todo alrededor de los principales centros log\u00edsticos. <\/p>\n<p>Para consultar el estado de las carreteras en Francia, pod\u00e9is hacerlo a trav\u00e9s del siguiente enlace: <a href=\"https:\/\/www.bison-fute.gouv.fr\/maintenant.html\" target=\"_blank\" rel=\"noopener noreferrer\">https:\/\/www.bison-fute.gouv.fr\/maintenant.html<\/a><\/p>\n<p>[\/et_pb_text][\/et_pb_column][et_pb_column type=&#8221;1_3&#8243; _builder_version=&#8221;3.25&#8243; custom_padding=&#8221;|||&#8221; custom_padding__hover=&#8221;|||&#8221;][et_pb_image src=&#8221;https:\/\/cetm-madrid.es\/web\/wp-content\/uploads\/2020\/05\/Captura-3.jpg&#8221; align_tablet=&#8221;center&#8221; align_last_edited=&#8221;on|desktop&#8221; admin_label=&#8221;Imagen&#8221; _builder_version=&#8221;4.4.2&#8243; animation_style=&#8221;slide&#8221; animation_direction=&#8221;left&#8221; animation_duration=&#8221;500ms&#8221; animation_intensity_slide=&#8221;10%&#8221; hover_enabled=&#8221;0&#8243; use_border_color=&#8221;off&#8221; border_color=&#8221;#ffffff&#8221; border_style=&#8221;solid&#8221; animation=&#8221;left&#8221; sticky=&#8221;off&#8221; always_center_on_mobile=&#8221;on&#8221;][\/et_pb_image][\/et_pb_column][\/et_pb_row][\/et_pb_section]<\/p>\n","protected":false},"excerpt":{"rendered":"<p>El sindicato franc\u00e9s CFDT emiti\u00f3 un comunicado el pasado 24 de abril en el que instaba a los trabajadores del sector del transporte de mercanc\u00edas a secundar una huelga el pr\u00f3ximo jueves 7 de mayo. Desde el sindicato, piden a los transportistas que ese d\u00eda porten brazaletes negros y banderas del mismo color en sus [&hellip;]<\/p>\n","protected":false},"author":1,"featured_media":4935,"comment_status":"closed","ping_status":"open","sticky":false,"template":"","format":"standard","meta":{"_et_pb_use_builder":"on","_et_pb_old_content":"","_et_gb_content_width":"","footnotes":""},"categories":[5,4],"tags":[],"class_list":["post-4932","post","type-post","status-publish","format-standard","has-post-thumbnail","hentry","category-general","category-organizacion"],"_links":{"self":[{"href":"https:\/\/cetm-madrid.es\/web\/wp-json\/wp\/v2\/posts\/4932","targetHints":{"allow":["GET"]}}],"collection":[{"href":"https:\/\/cetm-madrid.es\/web\/wp-json\/wp\/v2\/posts"}],"about":[{"href":"https:\/\/cetm-madrid.es\/web\/wp-json\/wp\/v2\/types\/post"}],"author":[{"embeddable":true,"href":"https:\/\/cetm-madrid.es\/web\/wp-json\/wp\/v2\/users\/1"}],"replies":[{"embeddable":true,"href":"https:\/\/cetm-madrid.es\/web\/wp-json\/wp\/v2\/comments?post=4932"}],"version-history":[{"count":4,"href":"https:\/\/cetm-madrid.es\/web\/wp-json\/wp\/v2\/posts\/4932\/revisions"}],"predecessor-version":[{"id":4938,"href":"https:\/\/cetm-madrid.es\/web\/wp-json\/wp\/v2\/posts\/4932\/revisions\/4938"}],"wp:featuredmedia":[{"embeddable":true,"href":"https:\/\/cetm-madrid.es\/web\/wp-json\/wp\/v2\/media\/4935"}],"wp:attachment":[{"href":"https:\/\/cetm-madrid.es\/web\/wp-json\/wp\/v2\/media?parent=4932"}],"wp:term":[{"taxonomy":"category","embeddable":true,"href":"https:\/\/cetm-madrid.es\/web\/wp-json\/wp\/v2\/categories?post=4932"},{"taxonomy":"post_tag","embeddable":true,"href":"https:\/\/cetm-madrid.es\/web\/wp-json\/wp\/v2\/tags?post=4932"}],"curies":[{"name":"wp","href":"https:\/\/api.w.org\/{rel}","templated":true}]}}