{"id":4903,"date":"2020-05-02T18:40:01","date_gmt":"2020-05-02T18:40:01","guid":{"rendered":"https:\/\/cetm-madrid.es\/web\/?p=4903"},"modified":"2020-05-04T18:42:03","modified_gmt":"2020-05-04T18:42:03","slug":"encuesta-de-la-cetm-para-conocer-la-situacion-de-las-empresas-de-transporte-de-mercancias-durante-la-crisis-del-covid-19","status":"publish","type":"post","link":"https:\/\/cetm-madrid.es\/web\/encuesta-de-la-cetm-para-conocer-la-situacion-de-las-empresas-de-transporte-de-mercancias-durante-la-crisis-del-covid-19\/","title":{"rendered":"ENCUESTA DE LA CETM PARA CONOCER LA SITUACI\u00d3N DE LAS EMPRESAS DE TRANSPORTE DE MERCANC\u00cdAS DURANTE LA CRISIS DEL COVID-19"},"content":{"rendered":"<p>[et_pb_section fb_built=&#8221;1&#8243; admin_label=&#8221;section&#8221; _builder_version=&#8221;3.22&#8243;][et_pb_row admin_label=&#8221;row&#8221; _builder_version=&#8221;3.25&#8243; background_size=&#8221;initial&#8221; background_position=&#8221;top_left&#8221; background_repeat=&#8221;repeat&#8221; column_structure=&#8221;2_3,1_3&#8243;][et_pb_column type=&#8221;2_3&#8243; _builder_version=&#8221;3.25&#8243; custom_padding=&#8221;|||&#8221; custom_padding__hover=&#8221;|||&#8221;][et_pb_text admin_label=&#8221;Texto&#8221; _builder_version=&#8221;4.4.2&#8243; background_size=&#8221;initial&#8221; background_position=&#8221;top_left&#8221; background_repeat=&#8221;repeat&#8221; text_orientation=&#8221;justified&#8221; hover_enabled=&#8221;0&#8243; use_border_color=&#8221;off&#8221; border_color=&#8221;#ffffff&#8221; border_style=&#8221;solid&#8221;]<\/p>\n<p>Os recordamos que la Confederaci\u00f3n Espa\u00f1ola de Transporte de Mercanc\u00edas (CETM) ha puesto en marcha una encuesta para conocer la situaci\u00f3n que viven las empresas de transporte y log\u00edstica de mercanc\u00edas por carretera ante la crisis del COVID-19.<\/p>\n<p>Nuestro objetivo es averiguar cu\u00e1ntas empresas han tenido que tomar medidas de regulaci\u00f3n de empleo y en qu\u00e9 medida se ha visto reducida su actividad. De esta manera, podremos calcular el impacto del coronavirus y tendremos los datos necesarios para demostrar a las Administraciones que las empresas de transporte de mercanc\u00edas por carretera necesitan con urgencia un plan que para garantizar su recuperaci\u00f3n econ\u00f3mica o, de lo contrario, nuestro sector no podr\u00e1 resistir y, por ende, tampoco el conjunto de la econom\u00eda espa\u00f1ola.<\/p>\n<p>La encuesta es an\u00f3nima y estar\u00e1 disponible en nuestra p\u00e1gina web hasta el pr\u00f3ximo 5 de mayo. Os animamos a que particip\u00e9is y la distribuy\u00e1is a trav\u00e9s de todos los canales posibles. <\/p>\n<p>Esperamos contar con vuestra colaboraci\u00f3n y os damos las gracias de antemano. <\/p>\n<p>\u2022 Contesta la encuesta pinchando AQU\u00cd:<\/p>\n<p><a href=\"http:\/\/w2.cetm.es\/encuestas\/covid19\/encuesta.asp\" target=\"_blank\" rel=\"noopener noreferrer\">http:\/\/w2.cetm.es\/encuestas\/covid19\/encuesta.asp<\/a><\/p>\n<p>[\/et_pb_text][\/et_pb_column][et_pb_column type=&#8221;1_3&#8243; _builder_version=&#8221;3.25&#8243; custom_padding=&#8221;|||&#8221; custom_padding__hover=&#8221;|||&#8221;][et_pb_image src=&#8221;https:\/\/cetm-madrid.es\/web\/wp-content\/uploads\/2020\/05\/Captura-2.jpg&#8221; align_tablet=&#8221;center&#8221; align_last_edited=&#8221;on|desktop&#8221; admin_label=&#8221;Imagen&#8221; _builder_version=&#8221;4.4.2&#8243; animation_style=&#8221;slide&#8221; animation_direction=&#8221;left&#8221; animation_duration=&#8221;500ms&#8221; animation_intensity_slide=&#8221;10%&#8221; hover_enabled=&#8221;0&#8243; use_border_color=&#8221;off&#8221; border_color=&#8221;#ffffff&#8221; border_style=&#8221;solid&#8221; animation=&#8221;left&#8221; sticky=&#8221;off&#8221; always_center_on_mobile=&#8221;on&#8221;][\/et_pb_image][\/et_pb_column][\/et_pb_row][\/et_pb_section]<\/p>\n","protected":false},"excerpt":{"rendered":"<p>Os recordamos que la Confederaci\u00f3n Espa\u00f1ola de Transporte de Mercanc\u00edas (CETM) ha puesto en marcha una encuesta para conocer la situaci\u00f3n que viven las empresas de transporte y log\u00edstica de mercanc\u00edas por carretera ante la crisis del COVID-19. Nuestro objetivo es averiguar cu\u00e1ntas empresas han tenido que tomar medidas de regulaci\u00f3n de empleo y en [&hellip;]<\/p>\n","protected":false},"author":1,"featured_media":4906,"comment_status":"closed","ping_status":"open","sticky":false,"template":"","format":"standard","meta":{"_et_pb_use_builder":"on","_et_pb_old_content":"","_et_gb_content_width":"","footnotes":""},"categories":[5,4],"tags":[],"class_list":["post-4903","post","type-post","status-publish","format-standard","has-post-thumbnail","hentry","category-general","category-organizacion"],"_links":{"self":[{"href":"https:\/\/cetm-madrid.es\/web\/wp-json\/wp\/v2\/posts\/4903","targetHints":{"allow":["GET"]}}],"collection":[{"href":"https:\/\/cetm-madrid.es\/web\/wp-json\/wp\/v2\/posts"}],"about":[{"href":"https:\/\/cetm-madrid.es\/web\/wp-json\/wp\/v2\/types\/post"}],"author":[{"embeddable":true,"href":"https:\/\/cetm-madrid.es\/web\/wp-json\/wp\/v2\/users\/1"}],"replies":[{"embeddable":true,"href":"https:\/\/cetm-madrid.es\/web\/wp-json\/wp\/v2\/comments?post=4903"}],"version-history":[{"count":2,"href":"https:\/\/cetm-madrid.es\/web\/wp-json\/wp\/v2\/posts\/4903\/revisions"}],"predecessor-version":[{"id":4907,"href":"https:\/\/cetm-madrid.es\/web\/wp-json\/wp\/v2\/posts\/4903\/revisions\/4907"}],"wp:featuredmedia":[{"embeddable":true,"href":"https:\/\/cetm-madrid.es\/web\/wp-json\/wp\/v2\/media\/4906"}],"wp:attachment":[{"href":"https:\/\/cetm-madrid.es\/web\/wp-json\/wp\/v2\/media?parent=4903"}],"wp:term":[{"taxonomy":"category","embeddable":true,"href":"https:\/\/cetm-madrid.es\/web\/wp-json\/wp\/v2\/categories?post=4903"},{"taxonomy":"post_tag","embeddable":true,"href":"https:\/\/cetm-madrid.es\/web\/wp-json\/wp\/v2\/tags?post=4903"}],"curies":[{"name":"wp","href":"https:\/\/api.w.org\/{rel}","templated":true}]}}