{"id":4880,"date":"2020-04-30T07:54:56","date_gmt":"2020-04-30T07:54:56","guid":{"rendered":"https:\/\/cetm-madrid.es\/web\/?p=4880"},"modified":"2020-05-01T08:01:44","modified_gmt":"2020-05-01T08:01:44","slug":"los-ministros-de-transporte-de-la-ue-acuerdan-garantizar-la-coordinacion-entre-los-estados-miembros-a-la-hora-de-tomar-medidas-que-afecten-al-sector","status":"publish","type":"post","link":"https:\/\/cetm-madrid.es\/web\/los-ministros-de-transporte-de-la-ue-acuerdan-garantizar-la-coordinacion-entre-los-estados-miembros-a-la-hora-de-tomar-medidas-que-afecten-al-sector\/","title":{"rendered":"LOS MINISTROS DE TRANSPORTE DE LA UE ACUERDAN GARANTIZAR LA COORDINACI\u00d3N ENTRE LOS ESTADOS MIEMBROS A LA HORA DE TOMAR MEDIDAS QUE AFECTEN AL  SECTOR"},"content":{"rendered":"<p>[et_pb_section fb_built=&#8221;1&#8243; admin_label=&#8221;section&#8221; _builder_version=&#8221;3.22&#8243;][et_pb_row admin_label=&#8221;row&#8221; _builder_version=&#8221;3.25&#8243; background_size=&#8221;initial&#8221; background_position=&#8221;top_left&#8221; background_repeat=&#8221;repeat&#8221; column_structure=&#8221;2_3,1_3&#8243;][et_pb_column type=&#8221;2_3&#8243; _builder_version=&#8221;3.25&#8243; custom_padding=&#8221;|||&#8221; custom_padding__hover=&#8221;|||&#8221;][et_pb_text admin_label=&#8221;Texto&#8221; _builder_version=&#8221;4.4.2&#8243; background_size=&#8221;initial&#8221; background_position=&#8221;top_left&#8221; background_repeat=&#8221;repeat&#8221; text_orientation=&#8221;justified&#8221; hover_enabled=&#8221;0&#8243; use_border_color=&#8221;off&#8221; border_color=&#8221;#ffffff&#8221; border_style=&#8221;solid&#8221;]<\/p>\n<p>Los ministros de Transporte de la Uni\u00f3n Europea se reunieron en la tarde de este mi\u00e9rcoles por videoconferencia, para tratar las posibles medidas adicionales y los desaf\u00edos que surgir\u00e1n ante la suavizaci\u00f3n de las medidas de contenci\u00f3n en la mayor\u00eda de los Estados miembros.<\/p>\n<p>En la reuni\u00f3n, que tambi\u00e9n cont\u00f3 con la participaci\u00f3n de la comisaria de Transporte, Adina Valean, y estuvo presidida por el ministro croata Oleg Butkovic, los ministros expresaron la necesidad de tomar medidas coordinadas, que sean proporcionadas y no discriminatorias.<\/p>\n<p>Como resultado de la reuni\u00f3n, los ministros europeos acordaron establecer \u201cpuntos focales nacionales\u201d que sirvan como plataforma para compartir informaci\u00f3n sobre los flujos de tr\u00e1fico.<\/p>\n<p>En cuanto al transporte de mercanc\u00edas por carretera, destacaron la necesidad de extender la validez de las licencias y otros documentos y la falta de armonizaci\u00f3n en cuanto a las excepciones a los tiempos de conducci\u00f3n y descanso. Es importante destacar que los ministros acordaron garantizar una coordinaci\u00f3n \u00f3ptima de las prohibiciones de conducir y otras restricciones al respecto.<\/p>\n<p>Asimismo, los ministros reivindicaron los denominados \u201ccarriles verdes\u201d, ya que consideran que son fundamentales para preservar el flujo de la cadena de suministro, y su mantenimiento ante el aumento de los vol\u00famenes de mercanc\u00edas, pasajeros y transporte privado una vez que los distintos Estados miembros liberen sus normas. Si bien, algunos ministros consideran que las medidas deben ser limitadas en el tiempo.<\/p>\n<p>En materia econ\u00f3mica, reconocieron que las futuras discusiones sobre el Marco Financiero Plurianual y el Fondo de Recuperaci\u00f3n deber\u00edan reflejar plenamente las necesidades del sector del transporte de la UE, especialmente en t\u00e9rminos de liquidez e inversiones necesarias para la recuperaci\u00f3n de todos los actores del sector.<\/p>\n<p>En consecuencia, los ministros europeos de Transporte pidieron a la Comisi\u00f3n que presente las directrices sectoriales espec\u00edficas lo antes posible.<\/p>\n<p>[\/et_pb_text][\/et_pb_column][et_pb_column type=&#8221;1_3&#8243; _builder_version=&#8221;3.25&#8243; custom_padding=&#8221;|||&#8221; custom_padding__hover=&#8221;|||&#8221;][et_pb_image src=&#8221;https:\/\/cetm-madrid.es\/web\/wp-content\/uploads\/2020\/05\/Captura-1.jpg&#8221; align_tablet=&#8221;center&#8221; align_last_edited=&#8221;on|desktop&#8221; admin_label=&#8221;Imagen&#8221; _builder_version=&#8221;4.4.2&#8243; animation_style=&#8221;slide&#8221; animation_direction=&#8221;left&#8221; animation_duration=&#8221;500ms&#8221; animation_intensity_slide=&#8221;10%&#8221; hover_enabled=&#8221;0&#8243; use_border_color=&#8221;off&#8221; border_color=&#8221;#ffffff&#8221; border_style=&#8221;solid&#8221; animation=&#8221;left&#8221; sticky=&#8221;off&#8221; always_center_on_mobile=&#8221;on&#8221;][\/et_pb_image][\/et_pb_column][\/et_pb_row][\/et_pb_section]<\/p>\n","protected":false},"excerpt":{"rendered":"<p>Los ministros de Transporte de la Uni\u00f3n Europea se reunieron en la tarde de este mi\u00e9rcoles por videoconferencia, para tratar las posibles medidas adicionales y los desaf\u00edos que surgir\u00e1n ante la suavizaci\u00f3n de las medidas de contenci\u00f3n en la mayor\u00eda de los Estados miembros. En la reuni\u00f3n, que tambi\u00e9n cont\u00f3 con la participaci\u00f3n de la [&hellip;]<\/p>\n","protected":false},"author":1,"featured_media":4883,"comment_status":"closed","ping_status":"open","sticky":false,"template":"","format":"standard","meta":{"_et_pb_use_builder":"on","_et_pb_old_content":"","_et_gb_content_width":"","footnotes":""},"categories":[5,4],"tags":[],"class_list":["post-4880","post","type-post","status-publish","format-standard","has-post-thumbnail","hentry","category-general","category-organizacion"],"_links":{"self":[{"href":"https:\/\/cetm-madrid.es\/web\/wp-json\/wp\/v2\/posts\/4880","targetHints":{"allow":["GET"]}}],"collection":[{"href":"https:\/\/cetm-madrid.es\/web\/wp-json\/wp\/v2\/posts"}],"about":[{"href":"https:\/\/cetm-madrid.es\/web\/wp-json\/wp\/v2\/types\/post"}],"author":[{"embeddable":true,"href":"https:\/\/cetm-madrid.es\/web\/wp-json\/wp\/v2\/users\/1"}],"replies":[{"embeddable":true,"href":"https:\/\/cetm-madrid.es\/web\/wp-json\/wp\/v2\/comments?post=4880"}],"version-history":[{"count":4,"href":"https:\/\/cetm-madrid.es\/web\/wp-json\/wp\/v2\/posts\/4880\/revisions"}],"predecessor-version":[{"id":4886,"href":"https:\/\/cetm-madrid.es\/web\/wp-json\/wp\/v2\/posts\/4880\/revisions\/4886"}],"wp:featuredmedia":[{"embeddable":true,"href":"https:\/\/cetm-madrid.es\/web\/wp-json\/wp\/v2\/media\/4883"}],"wp:attachment":[{"href":"https:\/\/cetm-madrid.es\/web\/wp-json\/wp\/v2\/media?parent=4880"}],"wp:term":[{"taxonomy":"category","embeddable":true,"href":"https:\/\/cetm-madrid.es\/web\/wp-json\/wp\/v2\/categories?post=4880"},{"taxonomy":"post_tag","embeddable":true,"href":"https:\/\/cetm-madrid.es\/web\/wp-json\/wp\/v2\/tags?post=4880"}],"curies":[{"name":"wp","href":"https:\/\/api.w.org\/{rel}","templated":true}]}}