{"id":4851,"date":"2020-04-29T06:51:25","date_gmt":"2020-04-29T06:51:25","guid":{"rendered":"https:\/\/cetm-madrid.es\/web\/?p=4851"},"modified":"2020-05-01T07:07:31","modified_gmt":"2020-05-01T07:07:31","slug":"el-ministerio-de-industria-comercio-y-turismo-entiende-que-se-puede-circular-con-itv-caducada-fuera-de-espana","status":"publish","type":"post","link":"https:\/\/cetm-madrid.es\/web\/el-ministerio-de-industria-comercio-y-turismo-entiende-que-se-puede-circular-con-itv-caducada-fuera-de-espana\/","title":{"rendered":"EL MINISTERIO DE INDUSTRIA, COMERCIO Y TURISMO ENTIENDE QUE SE PUEDE CIRCULAR CON ITV CADUCADA FUERA DE ESPA\u00d1A"},"content":{"rendered":"<p>[et_pb_section fb_built=&#8221;1&#8243; admin_label=&#8221;section&#8221; _builder_version=&#8221;3.22&#8243;][et_pb_row admin_label=&#8221;row&#8221; _builder_version=&#8221;3.25&#8243; background_size=&#8221;initial&#8221; background_position=&#8221;top_left&#8221; background_repeat=&#8221;repeat&#8221; column_structure=&#8221;2_3,1_3&#8243;][et_pb_column type=&#8221;2_3&#8243; _builder_version=&#8221;3.25&#8243; custom_padding=&#8221;|||&#8221; custom_padding__hover=&#8221;|||&#8221;][et_pb_text admin_label=&#8221;Texto&#8221; _builder_version=&#8221;4.4.2&#8243; background_size=&#8221;initial&#8221; background_position=&#8221;top_left&#8221; background_repeat=&#8221;repeat&#8221; text_orientation=&#8221;justified&#8221; hover_enabled=&#8221;0&#8243; use_border_color=&#8221;off&#8221; border_color=&#8221;#ffffff&#8221; border_style=&#8221;solid&#8221;]<\/p>\n<p>Como ya sab\u00e9is, las ITV est\u00e1n cerradas al p\u00fablico desde el pasado 17 de marzo como medida de contingencia ante la pandemia del coronavirus, por lo que el Gobierno suspendi\u00f3 los plazos interpuestos por la Administraci\u00f3n para efectuar la Inspecci\u00f3n T\u00e9cnica de Veh\u00edculos durante el tiempo que se prolongue el estado de alarma.<\/p>\n<p>Adem\u00e1s, es previsible y absolutamente necesario que este tiempo se prolongue para evitar colapsos, ya que la vuelta a la normalidad de las ITV tras el estado de alarma ser\u00e1 complicada ante las m\u00e1s de 3 millones de revisiones que estar\u00e1n pendientes cuando retomen su actividad, presumiblemente desde el 11 de mayo. De hecho, la asociaci\u00f3n que integra a las ITV, AECA-ITV, ha reclamado que el nuevo calendario para pasar la ITV a todos estos veh\u00edculos se extienda hasta el 30 de septiembre, propuesta que secundamos.<\/p>\n<p>En consecuencia, y ante la creciente preocupaci\u00f3n que existe entre los transportistas espa\u00f1oles para salir de Espa\u00f1a con la ITV de sus veh\u00edculos caducada, y la posibilidad m\u00e1s que evidente de que su renovaci\u00f3n se prolongue en el tiempo, hemos vuelto a reclamar una aclaraci\u00f3n a este respecto al MINISTERIO DE INDUSTRIA, COMERCIO Y TURISMO, que nos ha informado de lo siguiente:<\/p>\n<p>\u2022 El Gobierno de Espa\u00f1a ha notificado oficialmente, a trav\u00e9s de la Comisi\u00f3n Europea, al resto de pa\u00edses que las ITV de los veh\u00edculos espa\u00f1oles que vencieran durante el estado de alarma han quedado prorrogadas hasta el fin del mismo. De hecho, podr\u00e1s encontrar las distintas medidas excepcionales adoptadas por los pa\u00edses de la Uni\u00f3n Europea en el siguiente enlace de la p\u00e1gina web de la DGMOVE: <a href=\"https:\/\/ec.europa.eu\/transport\/news\/2020-03-27-exceptional-measures-inabilitycomply-legislation_en.\" target=\"_blank\" rel=\"noopener noreferrer\">https:\/\/ec.europa.eu\/transport\/news\/2020-03-27-exceptional-measures-inabilitycomply-legislation_en.<\/a><\/p>\n<p>\u2022 En consecuencia, y aunque no haya ninguna medida com\u00fan a nivel comunitario, desde el MINISTERIO DE INDUSTRIA, COMERCIO Y TURISMO \u201centienden que no habr\u00e1 sanciones a veh\u00edculos espa\u00f1oles aunque no haya expl\u00edcitamente nada al respecto\u201d.<\/p>\n<p>[\/et_pb_text][\/et_pb_column][et_pb_column type=&#8221;1_3&#8243; _builder_version=&#8221;3.25&#8243; custom_padding=&#8221;|||&#8221; custom_padding__hover=&#8221;|||&#8221;][et_pb_image src=&#8221;https:\/\/cetm-madrid.es\/web\/wp-content\/uploads\/2020\/03\/Captura-21.jpg&#8221; align_tablet=&#8221;center&#8221; align_last_edited=&#8221;on|desktop&#8221; admin_label=&#8221;Imagen&#8221; _builder_version=&#8221;4.4.2&#8243; animation_style=&#8221;slide&#8221; animation_direction=&#8221;left&#8221; animation_duration=&#8221;500ms&#8221; animation_intensity_slide=&#8221;10%&#8221; hover_enabled=&#8221;0&#8243; use_border_color=&#8221;off&#8221; border_color=&#8221;#ffffff&#8221; border_style=&#8221;solid&#8221; animation=&#8221;left&#8221; sticky=&#8221;off&#8221; always_center_on_mobile=&#8221;on&#8221;][\/et_pb_image][\/et_pb_column][\/et_pb_row][\/et_pb_section]<\/p>\n","protected":false},"excerpt":{"rendered":"<p>Como ya sab\u00e9is, las ITV est\u00e1n cerradas al p\u00fablico desde el pasado 17 de marzo como medida de contingencia ante la pandemia del coronavirus, por lo que el Gobierno suspendi\u00f3 los plazos interpuestos por la Administraci\u00f3n para efectuar la Inspecci\u00f3n T\u00e9cnica de Veh\u00edculos durante el tiempo que se prolongue el estado de alarma. Adem\u00e1s, es [&hellip;]<\/p>\n","protected":false},"author":1,"featured_media":3951,"comment_status":"closed","ping_status":"open","sticky":false,"template":"","format":"standard","meta":{"_et_pb_use_builder":"on","_et_pb_old_content":"","_et_gb_content_width":"","footnotes":""},"categories":[5,4],"tags":[],"class_list":["post-4851","post","type-post","status-publish","format-standard","has-post-thumbnail","hentry","category-general","category-organizacion"],"_links":{"self":[{"href":"https:\/\/cetm-madrid.es\/web\/wp-json\/wp\/v2\/posts\/4851","targetHints":{"allow":["GET"]}}],"collection":[{"href":"https:\/\/cetm-madrid.es\/web\/wp-json\/wp\/v2\/posts"}],"about":[{"href":"https:\/\/cetm-madrid.es\/web\/wp-json\/wp\/v2\/types\/post"}],"author":[{"embeddable":true,"href":"https:\/\/cetm-madrid.es\/web\/wp-json\/wp\/v2\/users\/1"}],"replies":[{"embeddable":true,"href":"https:\/\/cetm-madrid.es\/web\/wp-json\/wp\/v2\/comments?post=4851"}],"version-history":[{"count":4,"href":"https:\/\/cetm-madrid.es\/web\/wp-json\/wp\/v2\/posts\/4851\/revisions"}],"predecessor-version":[{"id":4856,"href":"https:\/\/cetm-madrid.es\/web\/wp-json\/wp\/v2\/posts\/4851\/revisions\/4856"}],"wp:featuredmedia":[{"embeddable":true,"href":"https:\/\/cetm-madrid.es\/web\/wp-json\/wp\/v2\/media\/3951"}],"wp:attachment":[{"href":"https:\/\/cetm-madrid.es\/web\/wp-json\/wp\/v2\/media?parent=4851"}],"wp:term":[{"taxonomy":"category","embeddable":true,"href":"https:\/\/cetm-madrid.es\/web\/wp-json\/wp\/v2\/categories?post=4851"},{"taxonomy":"post_tag","embeddable":true,"href":"https:\/\/cetm-madrid.es\/web\/wp-json\/wp\/v2\/tags?post=4851"}],"curies":[{"name":"wp","href":"https:\/\/api.w.org\/{rel}","templated":true}]}}