{"id":4791,"date":"2020-04-28T19:39:48","date_gmt":"2020-04-28T19:39:48","guid":{"rendered":"https:\/\/cetm-madrid.es\/web\/?p=4791"},"modified":"2020-04-28T19:39:52","modified_gmt":"2020-04-28T19:39:52","slug":"la-solidaridad-no-pasa-por-las-44-toneladas","status":"publish","type":"post","link":"https:\/\/cetm-madrid.es\/web\/la-solidaridad-no-pasa-por-las-44-toneladas\/","title":{"rendered":"LA SOLIDARIDAD NO PASA POR LAS 44 TONELADAS"},"content":{"rendered":"<p>[et_pb_section fb_built=&#8221;1&#8243; admin_label=&#8221;section&#8221; _builder_version=&#8221;3.22&#8243;][et_pb_row admin_label=&#8221;row&#8221; _builder_version=&#8221;3.25&#8243; background_size=&#8221;initial&#8221; background_position=&#8221;top_left&#8221; background_repeat=&#8221;repeat&#8221; column_structure=&#8221;2_3,1_3&#8243;][et_pb_column type=&#8221;2_3&#8243; _builder_version=&#8221;3.25&#8243; custom_padding=&#8221;|||&#8221; custom_padding__hover=&#8221;|||&#8221;][et_pb_text admin_label=&#8221;Texto&#8221; _builder_version=&#8221;4.4.2&#8243; background_size=&#8221;initial&#8221; background_position=&#8221;top_left&#8221; background_repeat=&#8221;repeat&#8221; text_orientation=&#8221;justified&#8221; hover_enabled=&#8221;0&#8243; use_border_color=&#8221;off&#8221; border_color=&#8221;#ffffff&#8221; border_style=&#8221;solid&#8221;]<\/p>\n<p>Ampar\u00e1ndose en la reactivaci\u00f3n del tejido industrial, la denominada Alianza por la Competitividad de la Industria Espa\u00f1ola, ha realizado una propuesta para que el Gobierno legisle la ampliaci\u00f3n de la Masa M\u00e1xima Autorizada (MMA) de los veh\u00edculos pesados hasta las 44 toneladas, en lugar de las 40 toneladas permitidas como m\u00e1ximo en estos momentos.<\/p>\n<p>Es de suponer que las siete grandes corporaciones que componen esta Alianza, en las que est\u00e1n integradas muchas de las m\u00e1s importantes empresas de nuestro pa\u00eds, velan por sus intereses, sin importarles un bledo las consecuencias que acarrear\u00eda esta medida para el sector del transporte de mercanc\u00edas por carretera, que supone casi un 5% del PIB y es considerado, al menos sobre el papel, como estrat\u00e9gico en nuestra econom\u00eda.<\/p>\n<p>Sin duda, en la que ya parece una \u2018carrera\u2019 por entrar en los pactos que propugna el Gobierno para conseguir todas las ventajas posibles, la Alianza no ha contado ni con la opini\u00f3n ni con los intereses del transporte, quienes precisamente transportan cerca del 90% de sus productos, a precios, eso s\u00ed, muy ventajosos.<\/p>\n<p>En estos momentos tan dram\u00e1ticos, en los que toda la econom\u00eda nacional est\u00e1 en peligro, la Confederaci\u00f3n Espa\u00f1ola de Transporte de Mercanc\u00edas (CETM), considera que las soluciones para salir de esta crisis pasan por la consecuci\u00f3n de acuerdos globales que salvaguarden el empleo en todos los sectores.<\/p>\n<p>No existen estudios fidedignos, a pasar de lo que indica la Alianza por la Competitividad, de los que se pueda cuantificar las mejoras medioambientales que supondr\u00edan las 44 toneladas. Pero de lo que si podemos estar seguros en que esas 4 toneladas suplementarias provocar\u00edan un grave deterioro de las infraestructuras, as\u00ed como un amplio incremento de costes para la adquisici\u00f3n de camiones m\u00e1s potentes, que tendr\u00edan un mayor consumo de combustible -y por tanto, contaminar\u00edan m\u00e1s- y de neum\u00e1ticos, por no hablar de su negativa repercusi\u00f3n en la seguridad vial, aumentando la distancia de frenada y la p\u00e9rdida de adherencia de veh\u00edculos notablemente m\u00e1s pesados.<\/p>\n<p>Adem\u00e1s, y esto es a\u00fan m\u00e1s grave en una situaci\u00f3n como la actual, el paro se cebar\u00eda en los miles de conductores que deber\u00edan abandonar forzosamente la profesi\u00f3n.<\/p>\n<p>El transporte de mercanc\u00edas por carretera es un sector d\u00e9bil y atomizado, que sufre desde hace tiempo las subastas de cargas a la baja, a precios irrisorios y con plazos de pago abusivos. A muchos de nuestros cargadores integrados en esta Alianza parece no interesarles la mejora de las condiciones de trabajo de nuestros conductores, a quienes obligan, de forma indignante, a realizar las labores \u2013como venimos denunciando continuamente desde hace a\u00f1os- de la carga y descarga de sus veh\u00edculos, con los riesgos de contagio que ello comporta en los momentos actuales.<\/p>\n<p>Es preciso, por otra parte, denunciar que jam\u00e1s, salvo honrosas excepciones, se ha querido debatir en una mesa de negociaciones contraprestaci\u00f3n alguna a un hipot\u00e9tico aumento de la carga.<\/p>\n<p>Con esta postura, la Alianza y otros sectores implicados, como la patronal de los constructores Seopan que, con la que est\u00e1 cayendo, acaba de proponer nuevamente una tarificaci\u00f3n por el uso de las infraestructuras, est\u00e1n demostrando una absoluta falta de solidaridad, no solo referida al transporte, sino hacia todo el pa\u00eds.<\/p>\n<p>Si finalmente el Gobierno atiende esta postura, solo van a conseguir que las cargas se queden en sus almacenes, porque no habr\u00e1 camiones para transportarla. Es hora y tiempo de acuerdos para salir de esta crisis, en la que estamos todos y no sobra, o no deber\u00eda de sobrar, nadie.<\/p>\n<p>[\/et_pb_text][\/et_pb_column][et_pb_column type=&#8221;1_3&#8243; _builder_version=&#8221;3.25&#8243; custom_padding=&#8221;|||&#8221; custom_padding__hover=&#8221;|||&#8221;][et_pb_image src=&#8221;https:\/\/cetm-madrid.es\/web\/wp-content\/uploads\/2020\/03\/Captura-4.jpg&#8221; align_tablet=&#8221;center&#8221; align_last_edited=&#8221;on|desktop&#8221; admin_label=&#8221;Imagen&#8221; _builder_version=&#8221;4.4.2&#8243; animation_style=&#8221;slide&#8221; animation_direction=&#8221;left&#8221; animation_duration=&#8221;500ms&#8221; animation_intensity_slide=&#8221;10%&#8221; hover_enabled=&#8221;0&#8243; use_border_color=&#8221;off&#8221; border_color=&#8221;#ffffff&#8221; border_style=&#8221;solid&#8221; animation=&#8221;left&#8221; sticky=&#8221;off&#8221; always_center_on_mobile=&#8221;on&#8221;][\/et_pb_image][\/et_pb_column][\/et_pb_row][\/et_pb_section]<\/p>\n","protected":false},"excerpt":{"rendered":"<p>Ampar\u00e1ndose en la reactivaci\u00f3n del tejido industrial, la denominada Alianza por la Competitividad de la Industria Espa\u00f1ola, ha realizado una propuesta para que el Gobierno legisle la ampliaci\u00f3n de la Masa M\u00e1xima Autorizada (MMA) de los veh\u00edculos pesados hasta las 44 toneladas, en lugar de las 40 toneladas permitidas como m\u00e1ximo en estos momentos. Es [&hellip;]<\/p>\n","protected":false},"author":1,"featured_media":3245,"comment_status":"closed","ping_status":"open","sticky":false,"template":"","format":"standard","meta":{"_et_pb_use_builder":"on","_et_pb_old_content":"","_et_gb_content_width":"","footnotes":""},"categories":[5,4],"tags":[],"class_list":["post-4791","post","type-post","status-publish","format-standard","has-post-thumbnail","hentry","category-general","category-organizacion"],"_links":{"self":[{"href":"https:\/\/cetm-madrid.es\/web\/wp-json\/wp\/v2\/posts\/4791","targetHints":{"allow":["GET"]}}],"collection":[{"href":"https:\/\/cetm-madrid.es\/web\/wp-json\/wp\/v2\/posts"}],"about":[{"href":"https:\/\/cetm-madrid.es\/web\/wp-json\/wp\/v2\/types\/post"}],"author":[{"embeddable":true,"href":"https:\/\/cetm-madrid.es\/web\/wp-json\/wp\/v2\/users\/1"}],"replies":[{"embeddable":true,"href":"https:\/\/cetm-madrid.es\/web\/wp-json\/wp\/v2\/comments?post=4791"}],"version-history":[{"count":4,"href":"https:\/\/cetm-madrid.es\/web\/wp-json\/wp\/v2\/posts\/4791\/revisions"}],"predecessor-version":[{"id":4796,"href":"https:\/\/cetm-madrid.es\/web\/wp-json\/wp\/v2\/posts\/4791\/revisions\/4796"}],"wp:featuredmedia":[{"embeddable":true,"href":"https:\/\/cetm-madrid.es\/web\/wp-json\/wp\/v2\/media\/3245"}],"wp:attachment":[{"href":"https:\/\/cetm-madrid.es\/web\/wp-json\/wp\/v2\/media?parent=4791"}],"wp:term":[{"taxonomy":"category","embeddable":true,"href":"https:\/\/cetm-madrid.es\/web\/wp-json\/wp\/v2\/categories?post=4791"},{"taxonomy":"post_tag","embeddable":true,"href":"https:\/\/cetm-madrid.es\/web\/wp-json\/wp\/v2\/tags?post=4791"}],"curies":[{"name":"wp","href":"https:\/\/api.w.org\/{rel}","templated":true}]}}