{"id":4775,"date":"2020-04-24T17:56:11","date_gmt":"2020-04-24T17:56:11","guid":{"rendered":"https:\/\/cetm-madrid.es\/web\/?p=4775"},"modified":"2020-04-27T18:04:20","modified_gmt":"2020-04-27T18:04:20","slug":"la-cetm-aclara-la-situacion-en-la-que-se-encuentran-las-empresas-de-transporte","status":"publish","type":"post","link":"https:\/\/cetm-madrid.es\/web\/la-cetm-aclara-la-situacion-en-la-que-se-encuentran-las-empresas-de-transporte\/","title":{"rendered":"LA CETM ACLARA LA SITUACI\u00d3N EN LA QUE SE ENCUENTRAN LAS EMPRESAS DE TRANSPORTE"},"content":{"rendered":"<p>[et_pb_section fb_built=&#8221;1&#8243; admin_label=&#8221;section&#8221; _builder_version=&#8221;3.22&#8243;][et_pb_row admin_label=&#8221;row&#8221; _builder_version=&#8221;3.25&#8243; background_size=&#8221;initial&#8221; background_position=&#8221;top_left&#8221; background_repeat=&#8221;repeat&#8221; column_structure=&#8221;2_3,1_3&#8243;][et_pb_column type=&#8221;2_3&#8243; _builder_version=&#8221;3.25&#8243; custom_padding=&#8221;|||&#8221; custom_padding__hover=&#8221;|||&#8221;][et_pb_text admin_label=&#8221;Texto&#8221; _builder_version=&#8221;4.4.2&#8243; background_size=&#8221;initial&#8221; background_position=&#8221;top_left&#8221; background_repeat=&#8221;repeat&#8221; text_orientation=&#8221;justified&#8221; hover_enabled=&#8221;0&#8243; use_border_color=&#8221;off&#8221; border_color=&#8221;#ffffff&#8221; border_style=&#8221;solid&#8221;]<\/p>\n<p>La ministra de Asuntos Econ\u00f3micos y Transformaci\u00f3n Digital, Nadia Calvi\u00f1o, respondi\u00f3 el pasado martes, en la rueda de prensa del Comit\u00e9 de Gesti\u00f3n T\u00e9cnica del Coronavirus, a una pregunta de un medio de comunicaci\u00f3n especializado en transporte que \u201cen el caso del transporte por carretera no cree necesario medidas de impulso en el contexto actual\u201d, considerando incluso que \u201cel sector est\u00e1 funcionando con normalidad y no requiere de medidas normativas a\u00f1adidas\u201d.<\/p>\n<p>Ante estas declaraciones, y con el \u00e1nimo de aportar claridad e informaci\u00f3n sobre cu\u00e1l es la situaci\u00f3n actual del sector del transporte de mercanc\u00edas por carretera, desde la Confederaci\u00f3n Espa\u00f1ola de Transporte de Mercanc\u00edas (CETM) queremos hacer las siguientes apreciaciones:<\/p>\n<p>La actividad del transporte de mercanc\u00edas, a pesar de ser considerada como una actividad esencial por la declaraci\u00f3n del Estado de Alarma, est\u00e1 sufriendo notablemente las consecuencias de la paralizaci\u00f3n econ\u00f3mica que padecemos de manera paralela a la crisis sanitaria causada por el CoVid-19.<\/p>\n<p>La carga de trabajo de las empresas de transporte ha disminuido considerablemente por la falta de actividad de nuestros clientes, y aquellas que se dedican al transporte de veh\u00edculos; al suministro de piezas y recambios; a la distribuci\u00f3n de combustibles y productos qu\u00edmicos; al movimiento de contenedores; o las de mudanzas, por citar solo algunos ejemplos, han reducido tan dr\u00e1sticamente su actividad que la fuerte reducci\u00f3n de sus ingresos, por encima del 70% de media, est\u00e1 poniendo en riesgo su viabilidad y la continuidad de los negocios.<\/p>\n<p>No est\u00e1n en mucha mejor situaci\u00f3n aquellas empresas de transporte que est\u00e1n pudiendo trabajar porque sus servicios son indispensables para el tr\u00e1nsito de bienes de primera necesidad (material sanitario y de protecci\u00f3n, medicamentos, alimentaci\u00f3n, etc.), ya que lo hacen en condiciones extremas y al l\u00edmite de su aguante financiero, pues la imposibilidad de conseguir cargas de retorno est\u00e1 incrementando mucho los kil\u00f3metros recorridos en vac\u00edo y los tiempos de espera, lo que hacen que su actividad, ahora mismo, diste mucho de ser rentable.<\/p>\n<p>Esta dram\u00e1tica situaci\u00f3n por la que atraviesa nuestro pa\u00eds, probablemente la m\u00e1s grave de nuestra historia reciente, nos lleva a reclamar medidas excepcionales y de aplicaci\u00f3n inmediata, orientadas exclusivamente a proteger tanto al tejido empresarial y a los cerca de 600.000 puestos de trabajo del transporte de mercanc\u00edas por carretera, como a evitar que se pueda poner en peligro el buen funcionamiento de la cadena de suministro de sectores claramente estrat\u00e9gicos durante esta crisis.<\/p>\n<p>Las empresas de transporte de mercanc\u00edas son un elemento vital para el comercio, la industria y la vida cotidiana, y una vez que se haya acabado esta pandemia, las econom\u00edas de toda Europa necesitar\u00e1n que estas empresas reanuden las operaciones de inmediato para apoyar la recuperaci\u00f3n econ\u00f3mica. Por eso, el Gobierno debe brindar su apoyo a las empresas de transporte a la mayor brevedad posible, lo que requerir\u00e1 acciones en el \u00e1mbito laboral, financiero, tributario y europeo porque sin \u00e9l, ser\u00e1n muy pocos los transportistas que puedan permanecer operativos una vez que finalice esta crisis sanitaria.<\/p>\n<p>En este sentido, hemos ofrecido nuestro conocimiento y experiencia para trabajar conjuntamente en la puesta en funcionamiento de una serie de medidas que puedan servir de ayuda al sector del transporte y la log\u00edstica de mercanc\u00edas y que, junto con el resto de organizaciones del Comit\u00e9 Nacional de Transporte por Carretera (CNTC), ya hemos trasladado, por escrito, al Ministro de Transporte, Movilidad y Agenda Urbana, Jos\u00e9 Luis \u00c1balos.<\/p>\n<p>En nuestra opini\u00f3n, solo trabajando hombro con hombro, y de la mano de un transporte de mercanc\u00edas eficaz y solvente, que garantice el funcionamiento de la econom\u00eda, venceremos y saldremos m\u00e1s unidos de esta nueva crisis.<\/p>\n<p>[\/et_pb_text][\/et_pb_column][et_pb_column type=&#8221;1_3&#8243; _builder_version=&#8221;3.25&#8243; custom_padding=&#8221;|||&#8221; custom_padding__hover=&#8221;|||&#8221;][et_pb_image src=&#8221;https:\/\/cetm-madrid.es\/web\/wp-content\/uploads\/2020\/03\/Captura-4.jpg&#8221; align_tablet=&#8221;center&#8221; align_last_edited=&#8221;on|desktop&#8221; admin_label=&#8221;Imagen&#8221; _builder_version=&#8221;4.4.2&#8243; animation_style=&#8221;slide&#8221; animation_direction=&#8221;left&#8221; animation_duration=&#8221;500ms&#8221; animation_intensity_slide=&#8221;10%&#8221; hover_enabled=&#8221;0&#8243; use_border_color=&#8221;off&#8221; border_color=&#8221;#ffffff&#8221; border_style=&#8221;solid&#8221; animation=&#8221;left&#8221; sticky=&#8221;off&#8221; always_center_on_mobile=&#8221;on&#8221;][\/et_pb_image][\/et_pb_column][\/et_pb_row][\/et_pb_section]<\/p>\n","protected":false},"excerpt":{"rendered":"<p>La ministra de Asuntos Econ\u00f3micos y Transformaci\u00f3n Digital, Nadia Calvi\u00f1o, respondi\u00f3 el pasado martes, en la rueda de prensa del Comit\u00e9 de Gesti\u00f3n T\u00e9cnica del Coronavirus, a una pregunta de un medio de comunicaci\u00f3n especializado en transporte que \u201cen el caso del transporte por carretera no cree necesario medidas de impulso en el contexto actual\u201d, [&hellip;]<\/p>\n","protected":false},"author":1,"featured_media":3237,"comment_status":"closed","ping_status":"open","sticky":false,"template":"","format":"standard","meta":{"_et_pb_use_builder":"on","_et_pb_old_content":"","_et_gb_content_width":"","footnotes":""},"categories":[5,4],"tags":[],"class_list":["post-4775","post","type-post","status-publish","format-standard","has-post-thumbnail","hentry","category-general","category-organizacion"],"_links":{"self":[{"href":"https:\/\/cetm-madrid.es\/web\/wp-json\/wp\/v2\/posts\/4775","targetHints":{"allow":["GET"]}}],"collection":[{"href":"https:\/\/cetm-madrid.es\/web\/wp-json\/wp\/v2\/posts"}],"about":[{"href":"https:\/\/cetm-madrid.es\/web\/wp-json\/wp\/v2\/types\/post"}],"author":[{"embeddable":true,"href":"https:\/\/cetm-madrid.es\/web\/wp-json\/wp\/v2\/users\/1"}],"replies":[{"embeddable":true,"href":"https:\/\/cetm-madrid.es\/web\/wp-json\/wp\/v2\/comments?post=4775"}],"version-history":[{"count":5,"href":"https:\/\/cetm-madrid.es\/web\/wp-json\/wp\/v2\/posts\/4775\/revisions"}],"predecessor-version":[{"id":4781,"href":"https:\/\/cetm-madrid.es\/web\/wp-json\/wp\/v2\/posts\/4775\/revisions\/4781"}],"wp:featuredmedia":[{"embeddable":true,"href":"https:\/\/cetm-madrid.es\/web\/wp-json\/wp\/v2\/media\/3237"}],"wp:attachment":[{"href":"https:\/\/cetm-madrid.es\/web\/wp-json\/wp\/v2\/media?parent=4775"}],"wp:term":[{"taxonomy":"category","embeddable":true,"href":"https:\/\/cetm-madrid.es\/web\/wp-json\/wp\/v2\/categories?post=4775"},{"taxonomy":"post_tag","embeddable":true,"href":"https:\/\/cetm-madrid.es\/web\/wp-json\/wp\/v2\/tags?post=4775"}],"curies":[{"name":"wp","href":"https:\/\/api.w.org\/{rel}","templated":true}]}}