{"id":4750,"date":"2020-04-23T16:17:21","date_gmt":"2020-04-23T16:17:21","guid":{"rendered":"https:\/\/cetm-madrid.es\/web\/?p=4750"},"modified":"2020-04-25T16:20:20","modified_gmt":"2020-04-25T16:20:20","slug":"corte-en-la-ap-8-esta-madrugada-de-0500-a-0600-horas","status":"publish","type":"post","link":"https:\/\/cetm-madrid.es\/web\/corte-en-la-ap-8-esta-madrugada-de-0500-a-0600-horas\/","title":{"rendered":"CORTE EN LA AP-8 ESTA MADRUGADA DE 05:00 A 06:00 HORAS"},"content":{"rendered":"<p>[et_pb_section fb_built=&#8221;1&#8243; admin_label=&#8221;section&#8221; _builder_version=&#8221;3.22&#8243;][et_pb_row admin_label=&#8221;row&#8221; _builder_version=&#8221;3.25&#8243; background_size=&#8221;initial&#8221; background_position=&#8221;top_left&#8221; background_repeat=&#8221;repeat&#8221; column_structure=&#8221;2_3,1_3&#8243;][et_pb_column type=&#8221;2_3&#8243; _builder_version=&#8221;3.25&#8243; custom_padding=&#8221;|||&#8221; custom_padding__hover=&#8221;|||&#8221;][et_pb_text admin_label=&#8221;Texto&#8221; _builder_version=&#8221;4.4.2&#8243; background_size=&#8221;initial&#8221; background_position=&#8221;top_left&#8221; background_repeat=&#8221;repeat&#8221; text_orientation=&#8221;justified&#8221; hover_enabled=&#8221;0&#8243; use_border_color=&#8221;off&#8221; border_color=&#8221;#ffffff&#8221; border_style=&#8221;solid&#8221;]<\/p>\n<p>Seg\u00fan nos informa la Direcci\u00f3n de Tr\u00e1fico del Gobierno Vasco, con motivo de las obras de retirada de cable el\u00e9ctrico en la AP-8, Elgoibar (pks 66.8 \u2013 67.3) la pr\u00f3xima madrugada del 24 de abril, en horario de 05:00 a 06:00 horas, la calzada permanecer\u00e1 cortada en ambos sentidos.<\/p>\n<p>Itinerario alternativo: mientras dure este corte, el tr\u00e1fico direcci\u00f3n Bilbao puede salir en Elgoibar y proseguir por la N-634 hasta Eibar para reincorporarse a la Ap-8. Los que circulen sentido Donostia &#8211; San Sebasti\u00e1n deber\u00e1n hacerlo en sentido inverso. Los transportes de mercanc\u00edas peligrosas no podr\u00e1n circular por la zona de los desv\u00edos.<\/p>\n<p>[\/et_pb_text][\/et_pb_column][et_pb_column type=&#8221;1_3&#8243; _builder_version=&#8221;3.25&#8243; custom_padding=&#8221;|||&#8221; custom_padding__hover=&#8221;|||&#8221;][et_pb_image src=&#8221;https:\/\/cetm-madrid.es\/web\/wp-content\/uploads\/2020\/04\/Captura-18.jpg&#8221; align_tablet=&#8221;center&#8221; align_last_edited=&#8221;on|desktop&#8221; admin_label=&#8221;Imagen&#8221; _builder_version=&#8221;4.4.2&#8243; animation_style=&#8221;slide&#8221; animation_direction=&#8221;left&#8221; animation_duration=&#8221;500ms&#8221; animation_intensity_slide=&#8221;10%&#8221; hover_enabled=&#8221;0&#8243; use_border_color=&#8221;off&#8221; border_color=&#8221;#ffffff&#8221; border_style=&#8221;solid&#8221; animation=&#8221;left&#8221; sticky=&#8221;off&#8221; always_center_on_mobile=&#8221;on&#8221;][\/et_pb_image][\/et_pb_column][\/et_pb_row][\/et_pb_section]<\/p>\n","protected":false},"excerpt":{"rendered":"<p>Seg\u00fan nos informa la Direcci\u00f3n de Tr\u00e1fico del Gobierno Vasco, con motivo de las obras de retirada de cable el\u00e9ctrico en la AP-8, Elgoibar (pks 66.8 \u2013 67.3) la pr\u00f3xima madrugada del 24 de abril, en horario de 05:00 a 06:00 horas, la calzada permanecer\u00e1 cortada en ambos sentidos. Itinerario alternativo: mientras dure este corte, [&hellip;]<\/p>\n","protected":false},"author":1,"featured_media":4753,"comment_status":"closed","ping_status":"open","sticky":false,"template":"","format":"standard","meta":{"_et_pb_use_builder":"on","_et_pb_old_content":"","_et_gb_content_width":"","footnotes":""},"categories":[5,4],"tags":[],"class_list":["post-4750","post","type-post","status-publish","format-standard","has-post-thumbnail","hentry","category-general","category-organizacion"],"_links":{"self":[{"href":"https:\/\/cetm-madrid.es\/web\/wp-json\/wp\/v2\/posts\/4750","targetHints":{"allow":["GET"]}}],"collection":[{"href":"https:\/\/cetm-madrid.es\/web\/wp-json\/wp\/v2\/posts"}],"about":[{"href":"https:\/\/cetm-madrid.es\/web\/wp-json\/wp\/v2\/types\/post"}],"author":[{"embeddable":true,"href":"https:\/\/cetm-madrid.es\/web\/wp-json\/wp\/v2\/users\/1"}],"replies":[{"embeddable":true,"href":"https:\/\/cetm-madrid.es\/web\/wp-json\/wp\/v2\/comments?post=4750"}],"version-history":[{"count":4,"href":"https:\/\/cetm-madrid.es\/web\/wp-json\/wp\/v2\/posts\/4750\/revisions"}],"predecessor-version":[{"id":4756,"href":"https:\/\/cetm-madrid.es\/web\/wp-json\/wp\/v2\/posts\/4750\/revisions\/4756"}],"wp:featuredmedia":[{"embeddable":true,"href":"https:\/\/cetm-madrid.es\/web\/wp-json\/wp\/v2\/media\/4753"}],"wp:attachment":[{"href":"https:\/\/cetm-madrid.es\/web\/wp-json\/wp\/v2\/media?parent=4750"}],"wp:term":[{"taxonomy":"category","embeddable":true,"href":"https:\/\/cetm-madrid.es\/web\/wp-json\/wp\/v2\/categories?post=4750"},{"taxonomy":"post_tag","embeddable":true,"href":"https:\/\/cetm-madrid.es\/web\/wp-json\/wp\/v2\/tags?post=4750"}],"curies":[{"name":"wp","href":"https:\/\/api.w.org\/{rel}","templated":true}]}}