{"id":4724,"date":"2020-04-23T07:13:20","date_gmt":"2020-04-23T07:13:20","guid":{"rendered":"https:\/\/cetm-madrid.es\/web\/?p=4724"},"modified":"2020-04-24T07:26:22","modified_gmt":"2020-04-24T07:26:22","slug":"webinar-icex-marruecos-s-covid19-situacion-actual-y-perspectivas-para-la-empresa-espanola","status":"publish","type":"post","link":"https:\/\/cetm-madrid.es\/web\/webinar-icex-marruecos-s-covid19-situacion-actual-y-perspectivas-para-la-empresa-espanola\/","title":{"rendered":"WEBINAR ICEX: MARRUECOS S-COVID19. SITUACI\u00d3N ACTUAL Y PERSPECTIVAS PARA LA EMPRESA ESPA\u00d1OLA"},"content":{"rendered":"<p>[et_pb_section fb_built=&#8221;1&#8243; admin_label=&#8221;section&#8221; _builder_version=&#8221;3.22&#8243;][et_pb_row column_structure=&#8221;2_3,1_3&#8243; admin_label=&#8221;row&#8221; _builder_version=&#8221;3.25&#8243; background_size=&#8221;initial&#8221; background_position=&#8221;top_left&#8221; background_repeat=&#8221;repeat&#8221;][et_pb_column type=&#8221;2_3&#8243; _builder_version=&#8221;3.25&#8243; custom_padding=&#8221;|||&#8221; custom_padding__hover=&#8221;|||&#8221;][et_pb_text admin_label=&#8221;Texto&#8221; _builder_version=&#8221;4.4.2&#8243; background_size=&#8221;initial&#8221; background_position=&#8221;top_left&#8221; background_repeat=&#8221;repeat&#8221; text_orientation=&#8221;justified&#8221; use_border_color=&#8221;off&#8221; border_color=&#8221;#ffffff&#8221; border_style=&#8221;solid&#8221;]<\/p>\n<p>ICEX Espa\u00f1a Exportaci\u00f3n e Inversiones ha realizado este jueves una \u2018Webinar\u2019 sobre la situaci\u00f3n actual de Marruecos y las perspectivas para las empresas espa\u00f1olas en el pa\u00eds. <\/p>\n<p>Durante el encuentro en el que ha estado presente la CETM, Javier Fern\u00e1ndez, Consejero Econ\u00f3mico y Comercial en Rabat, ha sido el encargado de explicar la nueva realidad vive Marruecos ante la crisis del COVID-19. Al detectar los primeros casos en marzo, el pa\u00eds tuvo una intervenci\u00f3n r\u00e1pida y, por el momento, solo registra 3.446 contagios y 149 fallecidos. All\u00ed el confinamiento se extender\u00e1 hasta el pr\u00f3ximo 20 de mayo.<\/p>\n<p>Seg\u00fan ha explicado Fern\u00e1ndez, los expertos econ\u00f3micos sit\u00faan a Marruecos en distintos escenarios y, mientras que el Fondo Monetario Internacional prev\u00e9 una ca\u00edda del 3.7%, el Banco Mundial considera que la ca\u00edda ser\u00e1 menor. El Consejero Econ\u00f3mico y Comercial en Rabat, ha constatado que las medidas que est\u00e1 tomando el Gobierno est\u00e1n dirigidas en su mayor\u00eda a la protecci\u00f3n de la poblaci\u00f3n, puesto que existe un alto porcentaje de ciudadanos que vive en el umbral de la pobreza.<\/p>\n<p>En cuanto a las exportaciones que realiza el pa\u00eds, Fern\u00e1ndez ha se\u00f1alado que el 50% se realizan a Espa\u00f1a, Francia e Italia, por lo que Marruecos seguir\u00e1 apostando por mantener una estrecha relaci\u00f3n con estos pa\u00edses. Adem\u00e1s, ante el peligro de que se deteriore la cadena de valor tras la situaci\u00f3n que ha atravesado Asia, Marruecos pretende posicionarse por su situaci\u00f3n geogr\u00e1fica y as\u00ed acotar la cadena de valor.<\/p>\n<p>\u00c1lvaro L\u00f3pez Barcel\u00f3, Consejero Econ\u00f3mico y Comercial en Casablanca, ha sido el encargado de detallar algunas medidas econ\u00f3micas que pueden afectar a las empresas espa\u00f1olas. Ante la limitaci\u00f3n de las inversiones, L\u00f3pez Barcel\u00f3 ha destacado que, si Marruecos sigue la tendencia establecida hasta ahora, se prev\u00e9 que se fomenten sobre todo los contratos de Participaci\u00f3n P\u00fablico Privada (PPP) y que, cada vez m\u00e1s, exijan a las empresas espa\u00f1olas que la fabricaci\u00f3n y el suministro sea local.<\/p>\n<p>Por otra parte, el experto del ICEX ha destacado que el sector de la automoci\u00f3n est\u00e1 retomando la actividad de manera gradual y, sin embargo, el sector textil est\u00e1 sufriendo en mayor medida las consecuencias, porque ya hay peque\u00f1as empresas que se han visto abocadas al cierre.<\/p>\n<p>Asimismo, L\u00f3pez Barcel\u00f3 considera que la digitalizaci\u00f3n es una buena oportunidad para las empresas espa\u00f1olas, ya que tienen ventaja competitiva en esta materia y es ahora cuando Marruecos est\u00e1 simplificando sus procesos mediante el uso de las nuevas tecnolog\u00edas. Otro de los sectores donde detecta mayor oportunidad de negocio, es el agr\u00edcola, que tiene un papel importante para la econom\u00eda del pa\u00eds y urge maquinaria y equipos adaptados a las nuevas tecnolog\u00edas. Por \u00faltimo, ha facilitado las medidas que afectan a empresas y trabajadores a trav\u00e9s de dos cuadros de resumen que se adjuntan.<\/p>\n<p>La \u00faltima intervenci\u00f3n ha corrido a cargo de Mar\u00eda Josep Ball Papiol, Consejera Comercial en Rabat, para detallar algunas cuestiones en cuanto a log\u00edstica y tr\u00e1fico aduanero. La Consejera Comercial en Rabat ha detallado que, salvo alg\u00fan caso puntual en Algeciras y T\u00e1nger, el tr\u00e1fico de mercanc\u00edas en Marruecos es bastante fluido.<\/p>\n<p>En cuanto a los productos que se exportan de la Uni\u00f3n Europea a Marruecos, ha se\u00f1alado que se han alargado los plazos del periodo transitorio para la certificaci\u00f3n de productos industriales hasta el 20 de junio. Por tanto, hasta la fecha y salvo nueva orden, los certificados de conformidad se aportar\u00e1n de manera voluntaria.<\/p>\n<p>Por otra parte, la experta ha se\u00f1alado que los certificados de exportaci\u00f3n EUR.1 se admiten en formato electr\u00f3nico, pero la empresa se compromete a enviar el formato original, con el visado y el sello de la Aduana, en caso de que se lo requieran.<\/p>\n<p>Asimismo, Mar\u00eda Josep Ball ha destacado que muchas empresas textiles de Marruecos se est\u00e1n reconvirtiendo y han pasado a fabricar materiales sanitarios.<\/p>\n<p>Desde el ICEX han se\u00f1alado que en los pr\u00f3ximos d\u00edas subir\u00e1n el contenido de esta \u2018Webinar\u2019 y facilitar\u00e1n m\u00e1s datos al respecto. Desde CETM les haremos llegar m\u00e1s informaci\u00f3n en cuanto est\u00e9 disponible.<\/p>\n<p>Adem\u00e1s, ante cualquier duda, los expertos que han participado en el encuentro digital han facilitado las direcciones de contacto establecidas para ello: <br \/>&#8211; Rabat@comercio.mineco.es <\/p>\n<p>&#8211; Casablanca@comercio.mineco.es <\/p>\n<p>&#8211; Portal con las \u00faltimas noticias del ICEX: <a href=\"https:\/\/www.icex.es\/icex\/es\/navegacionprincipal\/todos-nuestros-servicios\/informacion-de-mercados\/paises\/navegacionprincipal\/noticias\/index.html?idPais=MA\" target=\"_blank\" rel=\"noopener noreferrer\">https:\/\/www.icex.es\/icex\/es\/navegacionprincipal\/todos-nuestros-servicios\/informacion-de-mercados\/paises\/navegacionprincipal\/noticias\/index.html?idPais=MA<\/a><\/p>\n<p>&#8211; Servicio \u2018Conecta2\u2019 que consiste en videoconferencias bilaterales con la Oficina Econ\u00f3mica y Comercial de Rabat\/ Casablanca para resolver dudas: <a href=\"https:\/\/www.icex.es\/icex\/es\/navegacion-principal\/todos-nuestrosservicios\/visitarmercados\/agenda\/SEM2020840393.html\" target=\"_blank\" rel=\"noopener noreferrer\">https:\/\/www.icex.es\/icex\/es\/navegacion-principal\/todos-nuestrosservicios\/visitarmercados\/agenda\/SEM2020840393.html<\/a><\/p>\n<p>&nbsp;<\/p>\n<p>&nbsp;<\/p>\n<p>&nbsp;<\/p>\n<p>&nbsp;<\/p>\n<p>&nbsp;<\/p>\n<p>[\/et_pb_text][\/et_pb_column][et_pb_column type=&#8221;1_3&#8243; _builder_version=&#8221;3.25&#8243; custom_padding=&#8221;|||&#8221; custom_padding__hover=&#8221;|||&#8221;][et_pb_image src=&#8221;https:\/\/cetm-madrid.es\/web\/wp-content\/uploads\/2020\/04\/Captura-2-1.jpg&#8221; align_tablet=&#8221;center&#8221; align_phone=&#8221;&#8221; align_last_edited=&#8221;on|desktop&#8221; admin_label=&#8221;Imagen&#8221; _builder_version=&#8221;4.4.2&#8243; animation_style=&#8221;slide&#8221; animation_direction=&#8221;left&#8221; animation_duration=&#8221;500ms&#8221; animation_intensity_slide=&#8221;10%&#8221; use_border_color=&#8221;off&#8221; border_color=&#8221;#ffffff&#8221; border_style=&#8221;solid&#8221; animation=&#8221;left&#8221; sticky=&#8221;off&#8221; always_center_on_mobile=&#8221;on&#8221;][\/et_pb_image][et_pb_image src=&#8221;https:\/\/cetm-madrid.es\/web\/wp-content\/uploads\/2020\/04\/medidas_empresas_en_Marruecos.png&#8221; align_tablet=&#8221;center&#8221; align_phone=&#8221;&#8221; align_last_edited=&#8221;on|desktop&#8221; admin_label=&#8221;Imagen&#8221; _builder_version=&#8221;4.4.2&#8243; animation_style=&#8221;slide&#8221; animation_direction=&#8221;left&#8221; animation_duration=&#8221;500ms&#8221; animation_intensity_slide=&#8221;10%&#8221; hover_enabled=&#8221;0&#8243; use_border_color=&#8221;off&#8221; border_color=&#8221;#ffffff&#8221; border_style=&#8221;solid&#8221; animation=&#8221;left&#8221; sticky=&#8221;off&#8221; always_center_on_mobile=&#8221;on&#8221; url=&#8221;https:\/\/cetm-madrid.es\/web\/wp-content\/uploads\/2020\/04\/medidas_empresas_en_Marruecos.png&#8221;][\/et_pb_image][et_pb_image src=&#8221;https:\/\/cetm-madrid.es\/web\/wp-content\/uploads\/2020\/04\/medidas_trabajadores_en_Marruecos.png&#8221; align_tablet=&#8221;center&#8221; align_phone=&#8221;&#8221; align_last_edited=&#8221;on|desktop&#8221; admin_label=&#8221;Imagen&#8221; _builder_version=&#8221;4.4.2&#8243; animation_style=&#8221;slide&#8221; animation_direction=&#8221;left&#8221; animation_duration=&#8221;500ms&#8221; animation_intensity_slide=&#8221;10%&#8221; hover_enabled=&#8221;0&#8243; use_border_color=&#8221;off&#8221; border_color=&#8221;#ffffff&#8221; border_style=&#8221;solid&#8221; animation=&#8221;left&#8221; sticky=&#8221;off&#8221; always_center_on_mobile=&#8221;on&#8221; url=&#8221;https:\/\/cetm-madrid.es\/web\/wp-content\/uploads\/2020\/04\/medidas_trabajadores_en_Marruecos.png&#8221;][\/et_pb_image][\/et_pb_column][\/et_pb_row][\/et_pb_section]<\/p>\n","protected":false},"excerpt":{"rendered":"<p>ICEX Espa\u00f1a Exportaci\u00f3n e Inversiones ha realizado este jueves una \u2018Webinar\u2019 sobre la situaci\u00f3n actual de Marruecos y las perspectivas para las empresas espa\u00f1olas en el pa\u00eds. Durante el encuentro en el que ha estado presente la CETM, Javier Fern\u00e1ndez, Consejero Econ\u00f3mico y Comercial en Rabat, ha sido el encargado de explicar la nueva realidad [&hellip;]<\/p>\n","protected":false},"author":1,"featured_media":4734,"comment_status":"closed","ping_status":"open","sticky":false,"template":"","format":"standard","meta":{"_et_pb_use_builder":"on","_et_pb_old_content":"","_et_gb_content_width":"","footnotes":""},"categories":[5,4],"tags":[],"class_list":["post-4724","post","type-post","status-publish","format-standard","has-post-thumbnail","hentry","category-general","category-organizacion"],"_links":{"self":[{"href":"https:\/\/cetm-madrid.es\/web\/wp-json\/wp\/v2\/posts\/4724","targetHints":{"allow":["GET"]}}],"collection":[{"href":"https:\/\/cetm-madrid.es\/web\/wp-json\/wp\/v2\/posts"}],"about":[{"href":"https:\/\/cetm-madrid.es\/web\/wp-json\/wp\/v2\/types\/post"}],"author":[{"embeddable":true,"href":"https:\/\/cetm-madrid.es\/web\/wp-json\/wp\/v2\/users\/1"}],"replies":[{"embeddable":true,"href":"https:\/\/cetm-madrid.es\/web\/wp-json\/wp\/v2\/comments?post=4724"}],"version-history":[{"count":6,"href":"https:\/\/cetm-madrid.es\/web\/wp-json\/wp\/v2\/posts\/4724\/revisions"}],"predecessor-version":[{"id":4738,"href":"https:\/\/cetm-madrid.es\/web\/wp-json\/wp\/v2\/posts\/4724\/revisions\/4738"}],"wp:featuredmedia":[{"embeddable":true,"href":"https:\/\/cetm-madrid.es\/web\/wp-json\/wp\/v2\/media\/4734"}],"wp:attachment":[{"href":"https:\/\/cetm-madrid.es\/web\/wp-json\/wp\/v2\/media?parent=4724"}],"wp:term":[{"taxonomy":"category","embeddable":true,"href":"https:\/\/cetm-madrid.es\/web\/wp-json\/wp\/v2\/categories?post=4724"},{"taxonomy":"post_tag","embeddable":true,"href":"https:\/\/cetm-madrid.es\/web\/wp-json\/wp\/v2\/tags?post=4724"}],"curies":[{"name":"wp","href":"https:\/\/api.w.org\/{rel}","templated":true}]}}