{"id":4620,"date":"2020-04-20T15:44:39","date_gmt":"2020-04-20T15:44:39","guid":{"rendered":"https:\/\/cetm-madrid.es\/web\/?p=4620"},"modified":"2020-04-20T15:44:44","modified_gmt":"2020-04-20T15:44:44","slug":"primero-fueron-las-mascarillas-y-ahora-los-guantes","status":"publish","type":"post","link":"https:\/\/cetm-madrid.es\/web\/primero-fueron-las-mascarillas-y-ahora-los-guantes\/","title":{"rendered":"PRIMERO FUERON LAS MASCARILLAS Y, AHORA, LOS GUANTES"},"content":{"rendered":"<p>[et_pb_section fb_built=&#8221;1&#8243; admin_label=&#8221;section&#8221; _builder_version=&#8221;3.22&#8243;][et_pb_row admin_label=&#8221;row&#8221; _builder_version=&#8221;3.25&#8243; background_size=&#8221;initial&#8221; background_position=&#8221;top_left&#8221; background_repeat=&#8221;repeat&#8221; column_structure=&#8221;2_3,1_3&#8243;][et_pb_column type=&#8221;2_3&#8243; _builder_version=&#8221;3.25&#8243; custom_padding=&#8221;|||&#8221; custom_padding__hover=&#8221;|||&#8221;][et_pb_text admin_label=&#8221;Texto&#8221; _builder_version=&#8221;4.4.2&#8243; background_size=&#8221;initial&#8221; background_position=&#8221;top_left&#8221; background_repeat=&#8221;repeat&#8221; text_orientation=&#8221;justified&#8221; hover_enabled=&#8221;0&#8243; use_border_color=&#8221;off&#8221; border_color=&#8221;#ffffff&#8221; border_style=&#8221;solid&#8221;]<\/p>\n<p>Primero fueron las mascarillas y, ahora, los guantes. Sin estos dos complementos de seguridad personal, cada vez son m\u00e1s los cargadores que rechazan la entrada a sus plataformas de distribuci\u00f3n a nuestros conductores. Quieren que vayan bien protegidos porque les obligan a realizar las labores de carga y descarga de los veh\u00edculos que conducen y no quieren que les puedan dejar tambi\u00e9n alg\u00fan contagio. Es humillante.<\/p>\n<p>Conseguir las tan ansiadas mascarillas no ha sido f\u00e1cil. Ha tenido que ser el Ministerio de Transportes, Movilidad y Agenda Urbana quien las repartiera, ante imposibilidad de encontrarlas en farmacias y otros centros. Lo mismo que ocurre ahora mismo con los guantes, que se han convertido en un codiciado objeto de deseo por el que, los pocos que tienen la suerte de encontrarlos, se ven obligados a pagar hasta diez veces su valor, si quieren adquirirlos.<\/p>\n<p>En su d\u00eda, el ministro de Transportes, Jos\u00e9 Luis \u00c1balos, recomend\u00f3 que \u201cse evite que el conductor baje del veh\u00edculo o que participe en las labores de carga y descarga\u201d, una sugerencia que tambi\u00e9n ha realizado la Comisi\u00f3n Europea. No podemos estar m\u00e1s de acuerdo con estas observaciones, porque constituyen una vieja y leg\u00edtima aspiraci\u00f3n del sector.<\/p>\n<p>Realizar las labores de carga y descarga, por parte del conductor, no es una obligaci\u00f3n que, por cierto, no figura en reglamento o norma alguna. Es, simplemente, un acto de prepotencia de los cargadores, la parte m\u00e1s fuerte de la cadena de suministro, quienes con total desverg\u00fcenza abusan de su posici\u00f3n de dominio. Es \u00e9sta una actitud absolutamente indeseable e indigna que se agrava en estos momentos en los que se pone en m\u00e1ximo riesgo la salud de nuestros conductores.<\/p>\n<p>Es cierto. Muchos de nuestros conductores no utilizan guantes, bien porque han destrozado los que ten\u00edan haciendo una labor que no les corresponde o porque les ha sido totalmente imposible encontrarlos. Nadie es tan simple como para no querer contar con esta medida de protecci\u00f3n.<\/p>\n<p>Exigimos a la Administraci\u00f3n, y m\u00e1s concretamente al MITMA, que promulgue un Real Decreto que, de una vez por todas, elimine de ra\u00edz esta exigencia de los cargadores.<\/p>\n<p>Si a nuestros conductores se les sigue exigiendo participar en las labores de carga y descarga y adem\u00e1s se les rechaza por no llevar guantes, acabaremos por impedirles realizar su labor, que no es otra que la de conducir y transportar las mercanc\u00edas, y la cadena de suministro se romper\u00e1 irremediablemente. Y no seremos nosotros, los transportistas, los culpables del posible desabastecimiento de medicamentos y suministros de primera necesidad que pueda producirse.<\/p>\n<p>Lo hemos hecho y lo seguiremos haciendo. El transporte lo est\u00e1 dando todo, en primera l\u00ednea de contagio, despu\u00e9s de los sanitarios, las fuerzas y cuerpos de seguridad del Estado y otras entidades, pero no se puede presionar tanto y de tan mala manera, a riesgo de que todos suframos las consecuencias.<\/p>\n<p>[\/et_pb_text][\/et_pb_column][et_pb_column type=&#8221;1_3&#8243; _builder_version=&#8221;3.25&#8243; custom_padding=&#8221;|||&#8221; custom_padding__hover=&#8221;|||&#8221;][et_pb_image src=&#8221;https:\/\/cetm-madrid.es\/web\/wp-content\/uploads\/2020\/04\/544384-PJVF2F-683-scaled.jpg&#8221; align_tablet=&#8221;center&#8221; align_last_edited=&#8221;on|desktop&#8221; admin_label=&#8221;Imagen&#8221; _builder_version=&#8221;4.4.2&#8243; animation_style=&#8221;slide&#8221; animation_direction=&#8221;left&#8221; animation_duration=&#8221;500ms&#8221; animation_intensity_slide=&#8221;10%&#8221; hover_enabled=&#8221;0&#8243; use_border_color=&#8221;off&#8221; border_color=&#8221;#ffffff&#8221; border_style=&#8221;solid&#8221; animation=&#8221;left&#8221; sticky=&#8221;off&#8221; always_center_on_mobile=&#8221;on&#8221;][\/et_pb_image][\/et_pb_column][\/et_pb_row][\/et_pb_section]<\/p>\n","protected":false},"excerpt":{"rendered":"<p>Primero fueron las mascarillas y, ahora, los guantes. Sin estos dos complementos de seguridad personal, cada vez son m\u00e1s los cargadores que rechazan la entrada a sus plataformas de distribuci\u00f3n a nuestros conductores. Quieren que vayan bien protegidos porque les obligan a realizar las labores de carga y descarga de los veh\u00edculos que conducen y [&hellip;]<\/p>\n","protected":false},"author":1,"featured_media":4623,"comment_status":"closed","ping_status":"open","sticky":false,"template":"","format":"standard","meta":{"_et_pb_use_builder":"on","_et_pb_old_content":"","_et_gb_content_width":"","footnotes":""},"categories":[5,4],"tags":[],"class_list":["post-4620","post","type-post","status-publish","format-standard","has-post-thumbnail","hentry","category-general","category-organizacion"],"_links":{"self":[{"href":"https:\/\/cetm-madrid.es\/web\/wp-json\/wp\/v2\/posts\/4620","targetHints":{"allow":["GET"]}}],"collection":[{"href":"https:\/\/cetm-madrid.es\/web\/wp-json\/wp\/v2\/posts"}],"about":[{"href":"https:\/\/cetm-madrid.es\/web\/wp-json\/wp\/v2\/types\/post"}],"author":[{"embeddable":true,"href":"https:\/\/cetm-madrid.es\/web\/wp-json\/wp\/v2\/users\/1"}],"replies":[{"embeddable":true,"href":"https:\/\/cetm-madrid.es\/web\/wp-json\/wp\/v2\/comments?post=4620"}],"version-history":[{"count":4,"href":"https:\/\/cetm-madrid.es\/web\/wp-json\/wp\/v2\/posts\/4620\/revisions"}],"predecessor-version":[{"id":4628,"href":"https:\/\/cetm-madrid.es\/web\/wp-json\/wp\/v2\/posts\/4620\/revisions\/4628"}],"wp:featuredmedia":[{"embeddable":true,"href":"https:\/\/cetm-madrid.es\/web\/wp-json\/wp\/v2\/media\/4623"}],"wp:attachment":[{"href":"https:\/\/cetm-madrid.es\/web\/wp-json\/wp\/v2\/media?parent=4620"}],"wp:term":[{"taxonomy":"category","embeddable":true,"href":"https:\/\/cetm-madrid.es\/web\/wp-json\/wp\/v2\/categories?post=4620"},{"taxonomy":"post_tag","embeddable":true,"href":"https:\/\/cetm-madrid.es\/web\/wp-json\/wp\/v2\/tags?post=4620"}],"curies":[{"name":"wp","href":"https:\/\/api.w.org\/{rel}","templated":true}]}}