{"id":4612,"date":"2020-04-17T15:26:49","date_gmt":"2020-04-17T15:26:49","guid":{"rendered":"https:\/\/cetm-madrid.es\/web\/?p=4612"},"modified":"2020-04-20T15:31:43","modified_gmt":"2020-04-20T15:31:43","slug":"borrador-automaticolos-prestamos-del-ico-avalados-por-el-estado-no-exigen-la-contratacion-de-polizas-de-seguros","status":"publish","type":"post","link":"https:\/\/cetm-madrid.es\/web\/borrador-automaticolos-prestamos-del-ico-avalados-por-el-estado-no-exigen-la-contratacion-de-polizas-de-seguros\/","title":{"rendered":"Borrador autom\u00e1ticoLOS PR\u00c9STAMOS DEL ICO AVALADOS POR EL ESTADO NO EXIGEN LA CONTRATACI\u00d3N DE POLIZAS DE SEGUROS"},"content":{"rendered":"<p>[et_pb_section fb_built=&#8221;1&#8243; admin_label=&#8221;section&#8221; _builder_version=&#8221;3.22&#8243;][et_pb_row admin_label=&#8221;row&#8221; _builder_version=&#8221;3.25&#8243; background_size=&#8221;initial&#8221; background_position=&#8221;top_left&#8221; background_repeat=&#8221;repeat&#8221; column_structure=&#8221;2_3,1_3&#8243;][et_pb_column type=&#8221;2_3&#8243; _builder_version=&#8221;3.25&#8243; custom_padding=&#8221;|||&#8221; custom_padding__hover=&#8221;|||&#8221;][et_pb_text admin_label=&#8221;Texto&#8221; _builder_version=&#8221;4.4.2&#8243; background_size=&#8221;initial&#8221; background_position=&#8221;top_left&#8221; background_repeat=&#8221;repeat&#8221; text_orientation=&#8221;justified&#8221; hover_enabled=&#8221;0&#8243; use_border_color=&#8221;off&#8221; border_color=&#8221;#ffffff&#8221; border_style=&#8221;solid&#8221;]<\/p>\n<p>Desde la corredur\u00eda de seguros Afersa, nos informan de que, seg\u00fan se establece en el Real Decreto 8\/2020 de 26 de marzo, los pr\u00e9stamos avalados por Estado para pymes y aut\u00f3nomos del Instituto del Cr\u00e9dito Oficial (ICO), no est\u00e1n condicionados a contratar p\u00f3lizas de seguros.<\/p>\n<p>Esta cuesti\u00f3n tambi\u00e9n se recoge en el art\u00edculo 192.02j del Real Decreto Ley 3\/2020. Por tanto, las entidades financieras no pueden imponer la contrataci\u00f3n de seguros para la tramitaci\u00f3n de dichos pr\u00e9stamos.<\/p>\n<p>La CETM, traslada a las empresas de transporte de mercanc\u00edas esta informaci\u00f3n, para que la tengan en cuenta si planean acceder a esta L\u00ednea de Avales que el Gobierno ha puesto en marcha ante la crisis del COVID-19.<\/p>\n<p>Si necesitan consultar las condiciones pueden hacerlo a trav\u00e9s del siguiente enlace: <a href=\"https:\/\/www.ico.es\/web\/ico\/lineas-ico\" target=\"_blank\" rel=\"noopener noreferrer\">https:\/\/www.ico.es\/web\/ico\/lineas-ico<\/a><\/p>\n<p>[\/et_pb_text][\/et_pb_column][et_pb_column type=&#8221;1_3&#8243; _builder_version=&#8221;3.25&#8243; custom_padding=&#8221;|||&#8221; custom_padding__hover=&#8221;|||&#8221;][et_pb_image src=&#8221;https:\/\/cetm-madrid.es\/web\/wp-content\/uploads\/2020\/04\/Captura-14.jpg&#8221; align_tablet=&#8221;center&#8221; align_last_edited=&#8221;on|desktop&#8221; admin_label=&#8221;Imagen&#8221; _builder_version=&#8221;4.4.2&#8243; animation_style=&#8221;slide&#8221; animation_direction=&#8221;left&#8221; animation_duration=&#8221;500ms&#8221; animation_intensity_slide=&#8221;10%&#8221; hover_enabled=&#8221;0&#8243; use_border_color=&#8221;off&#8221; border_color=&#8221;#ffffff&#8221; border_style=&#8221;solid&#8221; animation=&#8221;left&#8221; sticky=&#8221;off&#8221; always_center_on_mobile=&#8221;on&#8221;][\/et_pb_image][\/et_pb_column][\/et_pb_row][\/et_pb_section]<\/p>\n","protected":false},"excerpt":{"rendered":"<p>Desde la corredur\u00eda de seguros Afersa, nos informan de que, seg\u00fan se establece en el Real Decreto 8\/2020 de 26 de marzo, los pr\u00e9stamos avalados por Estado para pymes y aut\u00f3nomos del Instituto del Cr\u00e9dito Oficial (ICO), no est\u00e1n condicionados a contratar p\u00f3lizas de seguros. Esta cuesti\u00f3n tambi\u00e9n se recoge en el art\u00edculo 192.02j del [&hellip;]<\/p>\n","protected":false},"author":1,"featured_media":4615,"comment_status":"closed","ping_status":"open","sticky":false,"template":"","format":"standard","meta":{"_et_pb_use_builder":"on","_et_pb_old_content":"","_et_gb_content_width":"","footnotes":""},"categories":[5,4],"tags":[],"class_list":["post-4612","post","type-post","status-publish","format-standard","has-post-thumbnail","hentry","category-general","category-organizacion"],"_links":{"self":[{"href":"https:\/\/cetm-madrid.es\/web\/wp-json\/wp\/v2\/posts\/4612","targetHints":{"allow":["GET"]}}],"collection":[{"href":"https:\/\/cetm-madrid.es\/web\/wp-json\/wp\/v2\/posts"}],"about":[{"href":"https:\/\/cetm-madrid.es\/web\/wp-json\/wp\/v2\/types\/post"}],"author":[{"embeddable":true,"href":"https:\/\/cetm-madrid.es\/web\/wp-json\/wp\/v2\/users\/1"}],"replies":[{"embeddable":true,"href":"https:\/\/cetm-madrid.es\/web\/wp-json\/wp\/v2\/comments?post=4612"}],"version-history":[{"count":4,"href":"https:\/\/cetm-madrid.es\/web\/wp-json\/wp\/v2\/posts\/4612\/revisions"}],"predecessor-version":[{"id":4619,"href":"https:\/\/cetm-madrid.es\/web\/wp-json\/wp\/v2\/posts\/4612\/revisions\/4619"}],"wp:featuredmedia":[{"embeddable":true,"href":"https:\/\/cetm-madrid.es\/web\/wp-json\/wp\/v2\/media\/4615"}],"wp:attachment":[{"href":"https:\/\/cetm-madrid.es\/web\/wp-json\/wp\/v2\/media?parent=4612"}],"wp:term":[{"taxonomy":"category","embeddable":true,"href":"https:\/\/cetm-madrid.es\/web\/wp-json\/wp\/v2\/categories?post=4612"},{"taxonomy":"post_tag","embeddable":true,"href":"https:\/\/cetm-madrid.es\/web\/wp-json\/wp\/v2\/tags?post=4612"}],"curies":[{"name":"wp","href":"https:\/\/api.w.org\/{rel}","templated":true}]}}