{"id":4523,"date":"2020-04-15T07:54:48","date_gmt":"2020-04-15T07:54:48","guid":{"rendered":"https:\/\/cetm-madrid.es\/web\/?p=4523"},"modified":"2020-04-16T07:59:04","modified_gmt":"2020-04-16T07:59:04","slug":"el-ministerio-de-transportes-movilidad-y-agenda-urbana-entregara-cuatro-mascarillas-por-vehiculo","status":"publish","type":"post","link":"https:\/\/cetm-madrid.es\/web\/el-ministerio-de-transportes-movilidad-y-agenda-urbana-entregara-cuatro-mascarillas-por-vehiculo\/","title":{"rendered":"EL MINISTERIO DE TRANSPORTES, MOVILIDAD Y AGENDA URBANA ENTREGAR\u00c1 CUATRO MASCARILLAS POR VEH\u00cdCULO"},"content":{"rendered":"<p>[et_pb_section fb_built=&#8221;1&#8243; admin_label=&#8221;section&#8221; _builder_version=&#8221;3.22&#8243;][et_pb_row admin_label=&#8221;row&#8221; _builder_version=&#8221;3.25&#8243; background_size=&#8221;initial&#8221; background_position=&#8221;top_left&#8221; background_repeat=&#8221;repeat&#8221; column_structure=&#8221;2_3,1_3&#8243;][et_pb_column type=&#8221;2_3&#8243; _builder_version=&#8221;3.25&#8243; custom_padding=&#8221;|||&#8221; custom_padding__hover=&#8221;|||&#8221;][et_pb_text admin_label=&#8221;Texto&#8221; _builder_version=&#8221;4.4.2&#8243; background_size=&#8221;initial&#8221; background_position=&#8221;top_left&#8221; background_repeat=&#8221;repeat&#8221; text_orientation=&#8221;justified&#8221; hover_enabled=&#8221;0&#8243; use_border_color=&#8221;off&#8221; border_color=&#8221;#ffffff&#8221; border_style=&#8221;solid&#8221;]<\/p>\n<p>El Ministerio de Transportes, Movilidad y Agenda Urbana ha publicado una Resoluci\u00f3n Complementaria a la Resoluci\u00f3n 2 de abril de 2020, en la que se establecen las condiciones del segundo reparto de mascarillas.<\/p>\n<p>En cuanto al n\u00famero de mascarillas, la Direcci\u00f3n General de Transporte Terrestre ha establecido que las siguientes empresas recibir\u00e1n cuatro mascarillas por cada veh\u00edculo:<\/p>\n<p>\u2022 Las Empresas autorizadas para realizar transporte p\u00fablico de mercanc\u00edas en veh\u00edculos que puedan superar las 3,5 toneladas de masa m\u00e1xima autorizada, con autorizaci\u00f3n de la clase MDPE. <\/p>\n<p>\u2022 Empresas autorizadas para realizar transporte p\u00fablico de mercanc\u00edas exclusivamente en veh\u00edculos que no superen las 3,5 toneladas de masa m\u00e1xima autorizada con autorizaci\u00f3n de la clase MDLE. <\/p>\n<p>\u2022 Empresas autorizadas para realizar transporte p\u00fablico de viajeros en autob\u00fas, con autorizaci\u00f3n de la clase VDE. <\/p>\n<p>\u2022 Empresas autorizadas para realizar transporte p\u00fablico interurbano de viajeros en veh\u00edculos de turismo, con autorizaci\u00f3n de la clase VT. <\/p>\n<p>\u2022 Empresas de transporte autorizadas para realizar transporte de viajeros en la modalidad de arrendamiento de veh\u00edculos con conductor, con autorizaci\u00f3n de clase VTC. <\/p>\n<p>\u2022 Empresas autorizadas para realizar transporte p\u00fablico sanitario, con autorizaci\u00f3n de la clase VSE.<\/p>\n<p>Como ocurri\u00f3 en el primer reparto, la Direcci\u00f3n General de Transporte Terrestre trasladar\u00e1 al Organismo de Correos en un archivo Excel con la informaci\u00f3n necesaria para el reparto de mascarillas a cada empresa. En este sentido, os recordamos que para recoger las mascarillas las empresas y aut\u00f3nomos tendr\u00e1n que consultar primero en la p\u00e1gina web del Ministerio de Transportes, Movilidad y Agenda Urbana, a trav\u00e9s de este enlace: <a href=\"https:\/\/www.mitma.gob.es\/transporte-terrestre\/profesionales-transporte\/distribucion-mascarillas-ambito-transporte-terrestre\" target=\"_blank\" rel=\"noopener noreferrer\">https:\/\/www.mitma.gob.es\/mascarillas<\/a>, la oficina en la que podr\u00e1n recoger las mascarillas. Tened en cuenta que la oficina se asignar\u00e1 en funci\u00f3n del c\u00f3digo postal de la empresa que figure en el REAT, por lo que no siempre es la m\u00e1s cercana.\u00a0<\/p>\n<p>Recordamos que el plazo para la primera recogida de mascarillas finaliza el pr\u00f3ximo viernes 17 de abril, por lo que la CETM conf\u00eda en que el segundo lote comience a repartirse a partir del lunes 20 de abril.<\/p>\n<p>[\/et_pb_text][\/et_pb_column][et_pb_column type=&#8221;1_3&#8243; _builder_version=&#8221;3.25&#8243; custom_padding=&#8221;|||&#8221; custom_padding__hover=&#8221;|||&#8221;][et_pb_image src=&#8221;https:\/\/cetm-madrid.es\/web\/wp-content\/uploads\/2020\/04\/Captura-13.jpg&#8221; align_tablet=&#8221;center&#8221; align_last_edited=&#8221;on|desktop&#8221; admin_label=&#8221;Imagen&#8221; _builder_version=&#8221;4.4.2&#8243; animation_style=&#8221;slide&#8221; animation_direction=&#8221;left&#8221; animation_duration=&#8221;500ms&#8221; animation_intensity_slide=&#8221;10%&#8221; hover_enabled=&#8221;0&#8243; use_border_color=&#8221;off&#8221; border_color=&#8221;#ffffff&#8221; border_style=&#8221;solid&#8221; animation=&#8221;left&#8221; sticky=&#8221;off&#8221; always_center_on_mobile=&#8221;on&#8221;][\/et_pb_image][\/et_pb_column][\/et_pb_row][\/et_pb_section]<\/p>\n","protected":false},"excerpt":{"rendered":"<p>El Ministerio de Transportes, Movilidad y Agenda Urbana ha publicado una Resoluci\u00f3n Complementaria a la Resoluci\u00f3n 2 de abril de 2020, en la que se establecen las condiciones del segundo reparto de mascarillas. En cuanto al n\u00famero de mascarillas, la Direcci\u00f3n General de Transporte Terrestre ha establecido que las siguientes empresas recibir\u00e1n cuatro mascarillas por [&hellip;]<\/p>\n","protected":false},"author":1,"featured_media":4526,"comment_status":"closed","ping_status":"open","sticky":false,"template":"","format":"standard","meta":{"_et_pb_use_builder":"on","_et_pb_old_content":"","_et_gb_content_width":"","footnotes":""},"categories":[5,4],"tags":[],"class_list":["post-4523","post","type-post","status-publish","format-standard","has-post-thumbnail","hentry","category-general","category-organizacion"],"_links":{"self":[{"href":"https:\/\/cetm-madrid.es\/web\/wp-json\/wp\/v2\/posts\/4523","targetHints":{"allow":["GET"]}}],"collection":[{"href":"https:\/\/cetm-madrid.es\/web\/wp-json\/wp\/v2\/posts"}],"about":[{"href":"https:\/\/cetm-madrid.es\/web\/wp-json\/wp\/v2\/types\/post"}],"author":[{"embeddable":true,"href":"https:\/\/cetm-madrid.es\/web\/wp-json\/wp\/v2\/users\/1"}],"replies":[{"embeddable":true,"href":"https:\/\/cetm-madrid.es\/web\/wp-json\/wp\/v2\/comments?post=4523"}],"version-history":[{"count":3,"href":"https:\/\/cetm-madrid.es\/web\/wp-json\/wp\/v2\/posts\/4523\/revisions"}],"predecessor-version":[{"id":4529,"href":"https:\/\/cetm-madrid.es\/web\/wp-json\/wp\/v2\/posts\/4523\/revisions\/4529"}],"wp:featuredmedia":[{"embeddable":true,"href":"https:\/\/cetm-madrid.es\/web\/wp-json\/wp\/v2\/media\/4526"}],"wp:attachment":[{"href":"https:\/\/cetm-madrid.es\/web\/wp-json\/wp\/v2\/media?parent=4523"}],"wp:term":[{"taxonomy":"category","embeddable":true,"href":"https:\/\/cetm-madrid.es\/web\/wp-json\/wp\/v2\/categories?post=4523"},{"taxonomy":"post_tag","embeddable":true,"href":"https:\/\/cetm-madrid.es\/web\/wp-json\/wp\/v2\/tags?post=4523"}],"curies":[{"name":"wp","href":"https:\/\/api.w.org\/{rel}","templated":true}]}}