{"id":4516,"date":"2020-04-15T07:47:20","date_gmt":"2020-04-15T07:47:20","guid":{"rendered":"https:\/\/cetm-madrid.es\/web\/?p=4516"},"modified":"2020-04-16T07:52:04","modified_gmt":"2020-04-16T07:52:04","slug":"el-ministerio-de-transportes-movilidad-y-agenda-urbana-realizara-un-segundo-reparto-de-mascarillas","status":"publish","type":"post","link":"https:\/\/cetm-madrid.es\/web\/el-ministerio-de-transportes-movilidad-y-agenda-urbana-realizara-un-segundo-reparto-de-mascarillas\/","title":{"rendered":"EL MINISTERIO DE TRANSPORTES, MOVILIDAD Y AGENDA URBANA REALIZAR\u00c1 UN SEGUNDO REPARTO DE MASCARILLAS"},"content":{"rendered":"<p>[et_pb_section fb_built=&#8221;1&#8243; admin_label=&#8221;section&#8221; _builder_version=&#8221;3.22&#8243;][et_pb_row admin_label=&#8221;row&#8221; _builder_version=&#8221;3.25&#8243; background_size=&#8221;initial&#8221; background_position=&#8221;top_left&#8221; background_repeat=&#8221;repeat&#8221; column_structure=&#8221;2_3,1_3&#8243;][et_pb_column type=&#8221;2_3&#8243; _builder_version=&#8221;3.25&#8243; custom_padding=&#8221;|||&#8221; custom_padding__hover=&#8221;|||&#8221;][et_pb_text admin_label=&#8221;Texto&#8221; _builder_version=&#8221;4.4.2&#8243; background_size=&#8221;initial&#8221; background_position=&#8221;top_left&#8221; background_repeat=&#8221;repeat&#8221; text_orientation=&#8221;justified&#8221; hover_enabled=&#8221;0&#8243; use_border_color=&#8221;off&#8221; border_color=&#8221;#ffffff&#8221; border_style=&#8221;solid&#8221;]<\/p>\n<p>El Ministerio de Transportes, Movilidad y Agenda Urbana ha adquirido a trav\u00e9s de Puertos del Estado un segundo lote de mascarillas que destinar\u00e1 a los trabajadores del sector del transporte. El reparto de este material se realizar\u00e1, tal y como se hizo con el primero, a trav\u00e9s de las oficinas de Correos.<\/p>\n<p>El MITMA ha confirmado que en esta ocasi\u00f3n se ha duplicado el n\u00famero de mascarillas a repartir y, en total, se distribuir\u00e1n 2.250.644 unidades.<\/p>\n<p>El \u00f3rgano que dirige Jos\u00e9 Luis \u00c1balos ha destacado que la suma de los dos lotes asciende a 3.300.000 mascarillas, distribuidas tanto entre empresas y aut\u00f3nomos que realizan transporte p\u00fablico de mercanc\u00edas por carretera, como transporte de viajeros por autob\u00fas, servicios de taxi y VTC, transporte sanitario, as\u00ed como empresas de transporte de mercanc\u00edas por ferrocarril. Adem\u00e1s, se incluye en este reparto los trabajadores de transporte p\u00fablico terrestre de competencia auton\u00f3mica y local.<\/p>\n<p>Los criterios para el reparto de este material se han acordado en base a lo establecido en la Resoluci\u00f3n, 2 de abril de 2020, que public\u00f3 la Direcci\u00f3n General de Transporte Terrestre. Para recoger las mascarillas deber\u00e1n seguir el mismo proceso que se llev\u00f3 a cabo en el primer reparto. Las empresas y aut\u00f3nomos tendr\u00e1n que consultar primero en la p\u00e1gina web del Ministerio de Transportes, Movilidad y Agenda Urbana, a trav\u00e9s de este enlace: https:\/\/www.mitma.gob.es\/mascarillas, la oficina en la que podr\u00e1n recoger las mascarillas.<\/p>\n<p>Para la entrega deber\u00e1n presentar en el caso de los aut\u00f3nomos el DNI o equivalente y, en el caso de las personas jur\u00eddicas, la acreditaci\u00f3n de representaci\u00f3n v\u00e1lida de la empresa. En caso de que no tuvieran disponibilidad, podr\u00e1 recoger las mascarillas otra persona designada presentando una autorizaci\u00f3n.<\/p>\n<p>Por el momento, el Ministerio de Transportes no ha comunicado la fecha en la que comenzar\u00e1 este segundo reparto y ha anunciado que la Direcci\u00f3n General de Transporte Terrestre determinar\u00e1 de oficio la asignaci\u00f3n correspondiente, en l\u00ednea con las necesidades identificadas tras la distribuci\u00f3n del anterior lote.<\/p>\n<p>Por otra parte, desde el Ministerio recuerdan que, siguiendo las recomendaciones de las autoridades sanitarias, la medida m\u00e1s efectiva para evitar el contagio es respeta la distancia de seguridad sanitaria y evitar que los conductores participen en las tareas de carga y descarga, tal y como ha venido demandado la Confederaci\u00f3n Espa\u00f1ola de Transporte de Mercanc\u00edas. Asimismo, destaca que el uso de las mascarillas debe reservarse para esas circunstancias en las que no se puede respetar la distancia.<\/p>\n<p>Desde la CETM les mantendremos informados ante cualquier novedad y les anunciaremos la fecha de inicio del reparto en cuanto el MITMA proporcione m\u00e1s datos. \u00a0<\/p>\n<p>[\/et_pb_text][\/et_pb_column][et_pb_column type=&#8221;1_3&#8243; _builder_version=&#8221;3.25&#8243; custom_padding=&#8221;|||&#8221; custom_padding__hover=&#8221;|||&#8221;][et_pb_image src=&#8221;https:\/\/cetm-madrid.es\/web\/wp-content\/uploads\/2020\/04\/Captura-12.jpg&#8221; align_tablet=&#8221;center&#8221; align_last_edited=&#8221;on|desktop&#8221; admin_label=&#8221;Imagen&#8221; _builder_version=&#8221;4.4.2&#8243; animation_style=&#8221;slide&#8221; animation_direction=&#8221;left&#8221; animation_duration=&#8221;500ms&#8221; animation_intensity_slide=&#8221;10%&#8221; hover_enabled=&#8221;0&#8243; use_border_color=&#8221;off&#8221; border_color=&#8221;#ffffff&#8221; border_style=&#8221;solid&#8221; animation=&#8221;left&#8221; sticky=&#8221;off&#8221; always_center_on_mobile=&#8221;on&#8221;][\/et_pb_image][\/et_pb_column][\/et_pb_row][\/et_pb_section]<\/p>\n","protected":false},"excerpt":{"rendered":"<p>El Ministerio de Transportes, Movilidad y Agenda Urbana ha adquirido a trav\u00e9s de Puertos del Estado un segundo lote de mascarillas que destinar\u00e1 a los trabajadores del sector del transporte. El reparto de este material se realizar\u00e1, tal y como se hizo con el primero, a trav\u00e9s de las oficinas de Correos. El MITMA ha [&hellip;]<\/p>\n","protected":false},"author":1,"featured_media":4519,"comment_status":"closed","ping_status":"open","sticky":false,"template":"","format":"standard","meta":{"_et_pb_use_builder":"on","_et_pb_old_content":"","_et_gb_content_width":"","footnotes":""},"categories":[5,4],"tags":[],"class_list":["post-4516","post","type-post","status-publish","format-standard","has-post-thumbnail","hentry","category-general","category-organizacion"],"_links":{"self":[{"href":"https:\/\/cetm-madrid.es\/web\/wp-json\/wp\/v2\/posts\/4516","targetHints":{"allow":["GET"]}}],"collection":[{"href":"https:\/\/cetm-madrid.es\/web\/wp-json\/wp\/v2\/posts"}],"about":[{"href":"https:\/\/cetm-madrid.es\/web\/wp-json\/wp\/v2\/types\/post"}],"author":[{"embeddable":true,"href":"https:\/\/cetm-madrid.es\/web\/wp-json\/wp\/v2\/users\/1"}],"replies":[{"embeddable":true,"href":"https:\/\/cetm-madrid.es\/web\/wp-json\/wp\/v2\/comments?post=4516"}],"version-history":[{"count":4,"href":"https:\/\/cetm-madrid.es\/web\/wp-json\/wp\/v2\/posts\/4516\/revisions"}],"predecessor-version":[{"id":4522,"href":"https:\/\/cetm-madrid.es\/web\/wp-json\/wp\/v2\/posts\/4516\/revisions\/4522"}],"wp:featuredmedia":[{"embeddable":true,"href":"https:\/\/cetm-madrid.es\/web\/wp-json\/wp\/v2\/media\/4519"}],"wp:attachment":[{"href":"https:\/\/cetm-madrid.es\/web\/wp-json\/wp\/v2\/media?parent=4516"}],"wp:term":[{"taxonomy":"category","embeddable":true,"href":"https:\/\/cetm-madrid.es\/web\/wp-json\/wp\/v2\/categories?post=4516"},{"taxonomy":"post_tag","embeddable":true,"href":"https:\/\/cetm-madrid.es\/web\/wp-json\/wp\/v2\/tags?post=4516"}],"curies":[{"name":"wp","href":"https:\/\/api.w.org\/{rel}","templated":true}]}}