{"id":4469,"date":"2020-04-14T19:35:57","date_gmt":"2020-04-14T19:35:57","guid":{"rendered":"https:\/\/cetm-madrid.es\/web\/?p=4469"},"modified":"2020-04-14T19:36:02","modified_gmt":"2020-04-14T19:36:02","slug":"la-aemet-activa-el-aviso-amarillo-por-riesgo-de-tormentas","status":"publish","type":"post","link":"https:\/\/cetm-madrid.es\/web\/la-aemet-activa-el-aviso-amarillo-por-riesgo-de-tormentas\/","title":{"rendered":"LA AEMET ACTIVA EL AVISO AMARILLO POR RIESGO DE TORMENTAS"},"content":{"rendered":"<p>[et_pb_section fb_built=&#8221;1&#8243; admin_label=&#8221;section&#8221; _builder_version=&#8221;3.22&#8243;][et_pb_row admin_label=&#8221;row&#8221; _builder_version=&#8221;3.25&#8243; background_size=&#8221;initial&#8221; background_position=&#8221;top_left&#8221; background_repeat=&#8221;repeat&#8221; column_structure=&#8221;2_3,1_3&#8243;][et_pb_column type=&#8221;2_3&#8243; _builder_version=&#8221;3.25&#8243; custom_padding=&#8221;|||&#8221; custom_padding__hover=&#8221;|||&#8221;][et_pb_text admin_label=&#8221;Texto&#8221; _builder_version=&#8221;4.4.2&#8243; background_size=&#8221;initial&#8221; background_position=&#8221;top_left&#8221; background_repeat=&#8221;repeat&#8221; text_orientation=&#8221;justified&#8221; hover_enabled=&#8221;0&#8243; use_border_color=&#8221;off&#8221; border_color=&#8221;#ffffff&#8221; border_style=&#8221;solid&#8221;]<\/p>\n<p>La Agencia Estatal de Meteorolog\u00eda (AEMET) ha establecido el aviso amarillo por tormentas en Galicia, la Meseta Norte, el Sistema Central y el oeste de Andaluc\u00eda. Las precipitaciones ser\u00e1n m\u00e1s intensas en las zonas de tormenta, donde pueden ir acompa\u00f1adas de granizo.<\/p>\n<p>Esta semana se ha producido la entrada de nueva borrasca atl\u00e1ntica que provocar\u00e1 la inestabilidad en la Pen\u00ednsula. Se espera que el mi\u00e9rcoles sea el d\u00eda m\u00e1s lluvioso de la semana, sobre todo en Andaluc\u00eda, el entorno del Sistema Central y el \u00e1rea del Levante. Desde la CETM aconsejamos a los transportistas que consulten la previsi\u00f3n meteorol\u00f3gica antes de iniciar las rutas y circulen con m\u00e1xima precauci\u00f3n, aumentando la distancia de seguridad.<\/p>\n<p>\u2022 Pueden consultar el estado de las carreteras en el siguiente enlace:<\/p>\n<p><a href=\"http:\/\/infocar.dgt.es\/etraffic\/\" target=\"_blank\" rel=\"noopener noreferrer\">http:\/\/infocar.dgt.es\/etraffic\/<\/a><\/p>\n<p>\u2022 Predicci\u00f3n del tiempo:<\/p>\n<p><a href=\"http:\/\/www.aemet.es\/es\/eltiempo\/prediccion\" target=\"_blank\" rel=\"noopener noreferrer\">http:\/\/www.aemet.es\/es\/eltiempo\/prediccion<\/a><\/p>\n<p>[\/et_pb_text][\/et_pb_column][et_pb_column type=&#8221;1_3&#8243; _builder_version=&#8221;3.25&#8243; custom_padding=&#8221;|||&#8221; custom_padding__hover=&#8221;|||&#8221;][et_pb_image src=&#8221;https:\/\/cetm-madrid.es\/web\/wp-content\/uploads\/2020\/04\/Captura-9.jpg&#8221; align_tablet=&#8221;center&#8221; align_last_edited=&#8221;on|desktop&#8221; admin_label=&#8221;Imagen&#8221; _builder_version=&#8221;4.4.2&#8243; animation_style=&#8221;slide&#8221; animation_direction=&#8221;left&#8221; animation_duration=&#8221;500ms&#8221; animation_intensity_slide=&#8221;10%&#8221; hover_enabled=&#8221;0&#8243; use_border_color=&#8221;off&#8221; border_color=&#8221;#ffffff&#8221; border_style=&#8221;solid&#8221; animation=&#8221;left&#8221; sticky=&#8221;off&#8221; always_center_on_mobile=&#8221;on&#8221;][\/et_pb_image][\/et_pb_column][\/et_pb_row][\/et_pb_section]<\/p>\n","protected":false},"excerpt":{"rendered":"<p>La Agencia Estatal de Meteorolog\u00eda (AEMET) ha establecido el aviso amarillo por tormentas en Galicia, la Meseta Norte, el Sistema Central y el oeste de Andaluc\u00eda. Las precipitaciones ser\u00e1n m\u00e1s intensas en las zonas de tormenta, donde pueden ir acompa\u00f1adas de granizo. Esta semana se ha producido la entrada de nueva borrasca atl\u00e1ntica que provocar\u00e1 [&hellip;]<\/p>\n","protected":false},"author":1,"featured_media":4472,"comment_status":"closed","ping_status":"open","sticky":false,"template":"","format":"standard","meta":{"_et_pb_use_builder":"on","_et_pb_old_content":"","_et_gb_content_width":"","footnotes":""},"categories":[5,4],"tags":[],"class_list":["post-4469","post","type-post","status-publish","format-standard","has-post-thumbnail","hentry","category-general","category-organizacion"],"_links":{"self":[{"href":"https:\/\/cetm-madrid.es\/web\/wp-json\/wp\/v2\/posts\/4469","targetHints":{"allow":["GET"]}}],"collection":[{"href":"https:\/\/cetm-madrid.es\/web\/wp-json\/wp\/v2\/posts"}],"about":[{"href":"https:\/\/cetm-madrid.es\/web\/wp-json\/wp\/v2\/types\/post"}],"author":[{"embeddable":true,"href":"https:\/\/cetm-madrid.es\/web\/wp-json\/wp\/v2\/users\/1"}],"replies":[{"embeddable":true,"href":"https:\/\/cetm-madrid.es\/web\/wp-json\/wp\/v2\/comments?post=4469"}],"version-history":[{"count":4,"href":"https:\/\/cetm-madrid.es\/web\/wp-json\/wp\/v2\/posts\/4469\/revisions"}],"predecessor-version":[{"id":4475,"href":"https:\/\/cetm-madrid.es\/web\/wp-json\/wp\/v2\/posts\/4469\/revisions\/4475"}],"wp:featuredmedia":[{"embeddable":true,"href":"https:\/\/cetm-madrid.es\/web\/wp-json\/wp\/v2\/media\/4472"}],"wp:attachment":[{"href":"https:\/\/cetm-madrid.es\/web\/wp-json\/wp\/v2\/media?parent=4469"}],"wp:term":[{"taxonomy":"category","embeddable":true,"href":"https:\/\/cetm-madrid.es\/web\/wp-json\/wp\/v2\/categories?post=4469"},{"taxonomy":"post_tag","embeddable":true,"href":"https:\/\/cetm-madrid.es\/web\/wp-json\/wp\/v2\/tags?post=4469"}],"curies":[{"name":"wp","href":"https:\/\/api.w.org\/{rel}","templated":true}]}}