{"id":4456,"date":"2020-04-13T19:17:22","date_gmt":"2020-04-13T19:17:22","guid":{"rendered":"https:\/\/cetm-madrid.es\/web\/?p=4456"},"modified":"2020-04-14T19:21:59","modified_gmt":"2020-04-14T19:21:59","slug":"el-rey-felipe-vi-se-pone-en-contacto-con-el-sector-del-transporte-por-carretera-para-destacar-el-papel-esencial-que-juega-en-la-crisis-del-covid-19","status":"publish","type":"post","link":"https:\/\/cetm-madrid.es\/web\/el-rey-felipe-vi-se-pone-en-contacto-con-el-sector-del-transporte-por-carretera-para-destacar-el-papel-esencial-que-juega-en-la-crisis-del-covid-19\/","title":{"rendered":"El REY FELIPE VI SE PONE EN CONTACTO CON EL SECTOR DEL TRANSPORTE POR CARRETERA PARA DESTACAR EL PAPEL ESENCIAL QUE JUEGA EN LA CRISIS DEL COVID-19"},"content":{"rendered":"<p>[et_pb_section fb_built=&#8221;1&#8243; admin_label=&#8221;section&#8221; _builder_version=&#8221;3.22&#8243;][et_pb_row admin_label=&#8221;row&#8221; _builder_version=&#8221;3.25&#8243; background_size=&#8221;initial&#8221; background_position=&#8221;top_left&#8221; background_repeat=&#8221;repeat&#8221; column_structure=&#8221;2_3,1_3&#8243;][et_pb_column type=&#8221;2_3&#8243; _builder_version=&#8221;3.25&#8243; custom_padding=&#8221;|||&#8221; custom_padding__hover=&#8221;|||&#8221;][et_pb_text admin_label=&#8221;Texto&#8221; _builder_version=&#8221;4.4.2&#8243; background_size=&#8221;initial&#8221; background_position=&#8221;top_left&#8221; background_repeat=&#8221;repeat&#8221; text_orientation=&#8221;justified&#8221; hover_enabled=&#8221;0&#8243; use_border_color=&#8221;off&#8221; border_color=&#8221;#ffffff&#8221; border_style=&#8221;solid&#8221;]<\/p>\n<p>Su Majestad el Rey se ha puesto en contacto con Rafael Barbadillo, el presidente del Consejo del Transporte y la Log\u00edstica de CEOE, del que forma parte la Confederaci\u00f3n Espa\u00f1ola de Transporte de Mercanc\u00edas.<\/p>\n<p>De esta manera, Felipe VI ha mostrado su inter\u00e9s por el sector del transporte por carretera y ha puesto en valor su condici\u00f3n como sector vital para superar la crisis sanitaria que vive Espa\u00f1a ante la expansi\u00f3n del coronavirus.<\/p>\n<p>Asimismo, durante la conversaci\u00f3n telef\u00f3nica que ha mantenido el Rey con el tambi\u00e9n presidente de la Confederaci\u00f3n Espa\u00f1ola de Transporte en Autob\u00fas (CONFEBUS), Su Majestad ha mostrado su preocupaci\u00f3n ante la dr\u00e1stica ca\u00edda de movilidad de mercanc\u00edas y viajeros y ha agradecido que las empresas de transporte contin\u00faen con la distribuci\u00f3n de equipos m\u00e9dicos, medicamentos, alimentos y<br \/>combustible y el transcurso de sus servicios para permitir que las personas que lo necesiten, principalmente por motivos laborales, puedan seguir desplaz\u00e1ndose.<\/p>\n<p>Este gesto de agradecimiento por parte de Su Majestad el Rey se produce un mes despu\u00e9s de que Felipe VI recibiera en audiencia a los miembros del Comit\u00e9 Ejecutivo de la Confederaci\u00f3n Espa\u00f1ola de Transporte de Mercanc\u00edas, una ocasi\u00f3n en la que tuvieron oportunidad de exponer de cerca los proyectos e inquietudes del sector del transporte de mercanc\u00edas por carretera.<\/p>\n<p>Adem\u00e1s, durante el encuentro, Don Felipe agradeci\u00f3 el compromiso y el esfuerzo que las empresas de transporte de mercanc\u00edas desempe\u00f1an a diario y destac\u00f3 su papel como motor de la econom\u00eda.<\/p>\n<p>[\/et_pb_text][\/et_pb_column][et_pb_column type=&#8221;1_3&#8243; _builder_version=&#8221;3.25&#8243; custom_padding=&#8221;|||&#8221; custom_padding__hover=&#8221;|||&#8221;][et_pb_image src=&#8221;https:\/\/cetm-madrid.es\/web\/wp-content\/uploads\/2020\/04\/Captura-8.jpg&#8221; align_tablet=&#8221;center&#8221; align_last_edited=&#8221;on|desktop&#8221; admin_label=&#8221;Imagen&#8221; _builder_version=&#8221;4.4.2&#8243; animation_style=&#8221;slide&#8221; animation_direction=&#8221;left&#8221; animation_duration=&#8221;500ms&#8221; animation_intensity_slide=&#8221;10%&#8221; hover_enabled=&#8221;0&#8243; use_border_color=&#8221;off&#8221; border_color=&#8221;#ffffff&#8221; border_style=&#8221;solid&#8221; animation=&#8221;left&#8221; sticky=&#8221;off&#8221; always_center_on_mobile=&#8221;on&#8221;][\/et_pb_image][\/et_pb_column][\/et_pb_row][\/et_pb_section]<\/p>\n","protected":false},"excerpt":{"rendered":"<p>Su Majestad el Rey se ha puesto en contacto con Rafael Barbadillo, el presidente del Consejo del Transporte y la Log\u00edstica de CEOE, del que forma parte la Confederaci\u00f3n Espa\u00f1ola de Transporte de Mercanc\u00edas. De esta manera, Felipe VI ha mostrado su inter\u00e9s por el sector del transporte por carretera y ha puesto en valor [&hellip;]<\/p>\n","protected":false},"author":1,"featured_media":4459,"comment_status":"closed","ping_status":"open","sticky":false,"template":"","format":"standard","meta":{"_et_pb_use_builder":"on","_et_pb_old_content":"","_et_gb_content_width":"","footnotes":""},"categories":[5,4],"tags":[],"class_list":["post-4456","post","type-post","status-publish","format-standard","has-post-thumbnail","hentry","category-general","category-organizacion"],"_links":{"self":[{"href":"https:\/\/cetm-madrid.es\/web\/wp-json\/wp\/v2\/posts\/4456","targetHints":{"allow":["GET"]}}],"collection":[{"href":"https:\/\/cetm-madrid.es\/web\/wp-json\/wp\/v2\/posts"}],"about":[{"href":"https:\/\/cetm-madrid.es\/web\/wp-json\/wp\/v2\/types\/post"}],"author":[{"embeddable":true,"href":"https:\/\/cetm-madrid.es\/web\/wp-json\/wp\/v2\/users\/1"}],"replies":[{"embeddable":true,"href":"https:\/\/cetm-madrid.es\/web\/wp-json\/wp\/v2\/comments?post=4456"}],"version-history":[{"count":4,"href":"https:\/\/cetm-madrid.es\/web\/wp-json\/wp\/v2\/posts\/4456\/revisions"}],"predecessor-version":[{"id":4462,"href":"https:\/\/cetm-madrid.es\/web\/wp-json\/wp\/v2\/posts\/4456\/revisions\/4462"}],"wp:featuredmedia":[{"embeddable":true,"href":"https:\/\/cetm-madrid.es\/web\/wp-json\/wp\/v2\/media\/4459"}],"wp:attachment":[{"href":"https:\/\/cetm-madrid.es\/web\/wp-json\/wp\/v2\/media?parent=4456"}],"wp:term":[{"taxonomy":"category","embeddable":true,"href":"https:\/\/cetm-madrid.es\/web\/wp-json\/wp\/v2\/categories?post=4456"},{"taxonomy":"post_tag","embeddable":true,"href":"https:\/\/cetm-madrid.es\/web\/wp-json\/wp\/v2\/tags?post=4456"}],"curies":[{"name":"wp","href":"https:\/\/api.w.org\/{rel}","templated":true}]}}