{"id":4252,"date":"2020-04-03T17:06:23","date_gmt":"2020-04-03T17:06:23","guid":{"rendered":"https:\/\/cetm-madrid.es\/web\/?p=4252"},"modified":"2020-04-05T17:11:14","modified_gmt":"2020-04-05T17:11:14","slug":"transportes-publica-el-proceso-de-distribucion-de-las-mascarillas-si-esto-se-para-nos-jugamos-la-salud-de-todos","status":"publish","type":"post","link":"https:\/\/cetm-madrid.es\/web\/transportes-publica-el-proceso-de-distribucion-de-las-mascarillas-si-esto-se-para-nos-jugamos-la-salud-de-todos\/","title":{"rendered":"TRANSPORTES PUBLICA EL PROCESO DE DISTRIBUCI\u00d3N DE LAS MASCARILLAS. SI ESTO SE PARA, NOS JUGAMOS LA SALUD DE TODOS"},"content":{"rendered":"<p>[et_pb_section fb_built=&#8221;1&#8243; admin_label=&#8221;section&#8221; _builder_version=&#8221;3.22&#8243;][et_pb_row admin_label=&#8221;row&#8221; _builder_version=&#8221;3.25&#8243; background_size=&#8221;initial&#8221; background_position=&#8221;top_left&#8221; background_repeat=&#8221;repeat&#8221; column_structure=&#8221;2_3,1_3&#8243;][et_pb_column type=&#8221;2_3&#8243; _builder_version=&#8221;3.25&#8243; custom_padding=&#8221;|||&#8221; custom_padding__hover=&#8221;|||&#8221;][et_pb_text admin_label=&#8221;Texto&#8221; _builder_version=&#8221;4.4.2&#8243; background_size=&#8221;initial&#8221; background_position=&#8221;top_left&#8221; background_repeat=&#8221;repeat&#8221; text_orientation=&#8221;justified&#8221; hover_enabled=&#8221;0&#8243; use_border_color=&#8221;off&#8221; border_color=&#8221;#ffffff&#8221; border_style=&#8221;solid&#8221;]<\/p>\n<p>Al transporte de mercanc\u00edas por carretera le ha tocado ser \u2013en esta pandemia- protagonista en segunda l\u00ednea. Justo detr\u00e1s de los sanitarios a los que abastecemos de todo aquello que necesitan para esta lucha que vamos a ganar, y hombro con hombro, tambi\u00e9n de los cuerpos y fuerzas de seguridad del estado, de los agricultores y ganaderos, de los empleados de supermercados, farmacias y laboratorios, de los equipos de limpieza y seguridad, etc., que tanto est\u00e1n haciendo para que volvamos a la normalidad lo antes posible.<\/p>\n<p>Lamentablemente, a todos estos profesionales tambi\u00e9n les une la falta de material de protecci\u00f3n adecuado para no contagiarse mientras desarrollan unas actividades esenciales para combatir esta pandemia.<\/p>\n<p>El punto de partida de las reclamaciones del sector del transporte se encuentra en la falta de previsi\u00f3n exhibida por el Gobierno que, a pesar de que el contagio no estaba controlado desde primeros de febrero, no fue hasta el pasado 14 de marzo cuando se decret\u00f3 el Estado de Alarma. Hubo que esperar hasta el 20 de marzo que anunciara la compra del material de protecci\u00f3n que necesitan los profesionales del transporte para realizar su trabajo con las m\u00ednimas condiciones de seguridad. Hoy, 14 d\u00edas despu\u00e9s de que Jos\u00e9 Luis \u00c1balos nos prometiera cuatro millones de mascarillas, se ha publicado en el BOE las instrucciones para la distribuci\u00f3n de las mismas, cuya complejidad no augura que vaya a hacerse, ni mucho menos, con la urgencia que necesitamos. Desde el Ministerio de Transportes, Movilidad y Agenda Urbana se nos han informado de que \u201cconf\u00edan en empezar a entregarlas la semana que viene\u201d pero sin garantizarnos ninguna fecha en concreto.<\/p>\n<p>Es inconcebible que, casi tres semanas despu\u00e9s de decretarse el Estado de Alarma y de que el transporte se considere como una actividad esencial para solventar esta crisis, nuestros conductores sigan acudiendo, cada d\u00eda, a cargar y descargar las mercanc\u00edas sin disponer de las medidas de protecci\u00f3n personal que necesitan, no solo para protegerles estando tan expuestos, si no para que puedan seguir cumpliendo con su trabajo: garantizar el suministro de todo lo que se necesita para vivir.<\/p>\n<p>Desde la Confederaci\u00f3n Espa\u00f1ola de Transporte de Mercanc\u00edas (CETM) reclamamos al Ministerio de Transportes, Movilidad y Agenda Urbana que nos facilite, sin pretextos y con car\u00e1cter inmediato, el material de protecci\u00f3n que necesitamos. El Gobierno y la sociedad deben saber que estamos al l\u00edmite. Nuestros conductores, que est\u00e1n manteniendo un comportamiento ejemplar, no pueden aguantar m\u00e1s tiempo sin protecci\u00f3n a sabiendas de que pueden contagiarse en cualquier momento.<\/p>\n<p>Todo el sector del transporte de mercanc\u00edas es un clamor y su indignaci\u00f3n contra el Gobierno crece por momentos. Cada d\u00eda atendemos miles de llamadas de empresarios y conductores desesperados por la falta de empat\u00eda y compromiso de un ejecutivo que no entiende que necesitamos protecci\u00f3n para seguir trabajando y que no falte de nada.<\/p>\n<p>Lo hemos repetido cien veces: no queremos ser alarmistas, pero nos estamos jugando el sostenimiento de la cadena de suministro. Si esta se desploma, no podremos hacer frente a esta pandemia porque, sin transporte, peligrar\u00e1 la salud de todos.<\/p>\n<p>[\/et_pb_text][\/et_pb_column][et_pb_column type=&#8221;1_3&#8243; _builder_version=&#8221;3.25&#8243; custom_padding=&#8221;|||&#8221; custom_padding__hover=&#8221;|||&#8221;][et_pb_image src=&#8221;https:\/\/cetm-madrid.es\/web\/wp-content\/uploads\/2020\/04\/Captura-6.jpg&#8221; align_tablet=&#8221;center&#8221; align_last_edited=&#8221;on|desktop&#8221; admin_label=&#8221;Imagen&#8221; _builder_version=&#8221;4.4.2&#8243; animation_style=&#8221;slide&#8221; animation_direction=&#8221;left&#8221; animation_duration=&#8221;500ms&#8221; animation_intensity_slide=&#8221;10%&#8221; hover_enabled=&#8221;0&#8243; use_border_color=&#8221;off&#8221; border_color=&#8221;#ffffff&#8221; border_style=&#8221;solid&#8221; animation=&#8221;left&#8221; sticky=&#8221;off&#8221; always_center_on_mobile=&#8221;on&#8221;][\/et_pb_image][\/et_pb_column][\/et_pb_row][\/et_pb_section]<\/p>\n","protected":false},"excerpt":{"rendered":"<p>Al transporte de mercanc\u00edas por carretera le ha tocado ser \u2013en esta pandemia- protagonista en segunda l\u00ednea. Justo detr\u00e1s de los sanitarios a los que abastecemos de todo aquello que necesitan para esta lucha que vamos a ganar, y hombro con hombro, tambi\u00e9n de los cuerpos y fuerzas de seguridad del estado, de los agricultores [&hellip;]<\/p>\n","protected":false},"author":1,"featured_media":4255,"comment_status":"closed","ping_status":"open","sticky":false,"template":"","format":"standard","meta":{"_et_pb_use_builder":"on","_et_pb_old_content":"","_et_gb_content_width":"","footnotes":""},"categories":[5,4],"tags":[],"class_list":["post-4252","post","type-post","status-publish","format-standard","has-post-thumbnail","hentry","category-general","category-organizacion"],"_links":{"self":[{"href":"https:\/\/cetm-madrid.es\/web\/wp-json\/wp\/v2\/posts\/4252","targetHints":{"allow":["GET"]}}],"collection":[{"href":"https:\/\/cetm-madrid.es\/web\/wp-json\/wp\/v2\/posts"}],"about":[{"href":"https:\/\/cetm-madrid.es\/web\/wp-json\/wp\/v2\/types\/post"}],"author":[{"embeddable":true,"href":"https:\/\/cetm-madrid.es\/web\/wp-json\/wp\/v2\/users\/1"}],"replies":[{"embeddable":true,"href":"https:\/\/cetm-madrid.es\/web\/wp-json\/wp\/v2\/comments?post=4252"}],"version-history":[{"count":4,"href":"https:\/\/cetm-madrid.es\/web\/wp-json\/wp\/v2\/posts\/4252\/revisions"}],"predecessor-version":[{"id":4259,"href":"https:\/\/cetm-madrid.es\/web\/wp-json\/wp\/v2\/posts\/4252\/revisions\/4259"}],"wp:featuredmedia":[{"embeddable":true,"href":"https:\/\/cetm-madrid.es\/web\/wp-json\/wp\/v2\/media\/4255"}],"wp:attachment":[{"href":"https:\/\/cetm-madrid.es\/web\/wp-json\/wp\/v2\/media?parent=4252"}],"wp:term":[{"taxonomy":"category","embeddable":true,"href":"https:\/\/cetm-madrid.es\/web\/wp-json\/wp\/v2\/categories?post=4252"},{"taxonomy":"post_tag","embeddable":true,"href":"https:\/\/cetm-madrid.es\/web\/wp-json\/wp\/v2\/tags?post=4252"}],"curies":[{"name":"wp","href":"https:\/\/api.w.org\/{rel}","templated":true}]}}