{"id":4101,"date":"2020-04-01T07:27:51","date_gmt":"2020-04-01T07:27:51","guid":{"rendered":"https:\/\/cetm-madrid.es\/web\/?p=4101"},"modified":"2020-04-02T07:29:42","modified_gmt":"2020-04-02T07:29:42","slug":"se-retrasa-la-celebracion-del-18-congreso-nacional-de-empresarios-de-transporte","status":"publish","type":"post","link":"https:\/\/cetm-madrid.es\/web\/se-retrasa-la-celebracion-del-18-congreso-nacional-de-empresarios-de-transporte\/","title":{"rendered":"SE RETRASA LA CELEBRACI\u00d3N DEL 18 CONGRESO NACIONAL DE EMPRESARIOS DE TRANSPORTE"},"content":{"rendered":"<p>[et_pb_section fb_built=&#8221;1&#8243; admin_label=&#8221;section&#8221; _builder_version=&#8221;3.22&#8243;][et_pb_row admin_label=&#8221;row&#8221; _builder_version=&#8221;3.25&#8243; background_size=&#8221;initial&#8221; background_position=&#8221;top_left&#8221; background_repeat=&#8221;repeat&#8221; column_structure=&#8221;2_3,1_3&#8243;][et_pb_column type=&#8221;2_3&#8243; _builder_version=&#8221;3.25&#8243; custom_padding=&#8221;|||&#8221; custom_padding__hover=&#8221;|||&#8221;][et_pb_text admin_label=&#8221;Texto&#8221; _builder_version=&#8221;4.2.2&#8243; background_size=&#8221;initial&#8221; background_position=&#8221;top_left&#8221; background_repeat=&#8221;repeat&#8221; text_orientation=&#8221;justified&#8221; hover_enabled=&#8221;0&#8243; use_border_color=&#8221;off&#8221; border_color=&#8221;#ffffff&#8221; border_style=&#8221;solid&#8221;]<\/p>\n<p>Ante la declaraci\u00f3n del estado de alarma, provocada por la evoluci\u00f3n del Coronavirus en nuestro pa\u00eds, y a ra\u00edz de las restricciones que de \u00e9sta se derivan, la Confederaci\u00f3n Espa\u00f1ola de Transporte de Mercanc\u00edas (CETM) ha tomado la decisi\u00f3n de retrasar las fechas de celebraci\u00f3n del 18\u00ba CONGRESO NACIONAL DE EMPRESARIOS DE TRANSPORTE &#8211; ALICANTE 2020, previsto del 28 al 30 de mayo, para poder celebrarlo en las mejores condiciones posibles y dentro de un entorno m\u00e1s favorable, del 8 al 10 de octubre de 2020.<\/p>\n<p>Somos absolutamente conscientes de que este Congreso es un evento de especial relevancia para el sector del transporte y la log\u00edstica de mercanc\u00edas, por lo que queremos asegurarnos de que nuestros congresistas, ponentes, patrocinadores y expositores puedan juntarse en un entorno seguro y en las condiciones m\u00e1s favorables para que este evento sea, una vez m\u00e1s, un \u00e9xito.<\/p>\n<p>Agradecemos a todos vuestra comprensi\u00f3n, lamentamos los inconvenientes que esta medida pueda ocasionar y esperamos poder volver a vernos muy pronto.<\/p>\n<p>[\/et_pb_text][\/et_pb_column][et_pb_column type=&#8221;1_3&#8243; _builder_version=&#8221;3.25&#8243; custom_padding=&#8221;|||&#8221; custom_padding__hover=&#8221;|||&#8221;][et_pb_image src=&#8221;https:\/\/cetm-madrid.es\/web\/wp-content\/uploads\/2020\/04\/Captura-4.jpg&#8221; align_tablet=&#8221;center&#8221; align_last_edited=&#8221;on|desktop&#8221; admin_label=&#8221;Imagen&#8221; _builder_version=&#8221;4.2.2&#8243; animation_style=&#8221;slide&#8221; animation_direction=&#8221;left&#8221; animation_duration=&#8221;500ms&#8221; animation_intensity_slide=&#8221;10%&#8221; hover_enabled=&#8221;0&#8243; use_border_color=&#8221;off&#8221; border_color=&#8221;#ffffff&#8221; border_style=&#8221;solid&#8221; animation=&#8221;left&#8221; sticky=&#8221;off&#8221; always_center_on_mobile=&#8221;on&#8221;][\/et_pb_image][\/et_pb_column][\/et_pb_row][\/et_pb_section]<\/p>\n","protected":false},"excerpt":{"rendered":"<p>Ante la declaraci\u00f3n del estado de alarma, provocada por la evoluci\u00f3n del Coronavirus en nuestro pa\u00eds, y a ra\u00edz de las restricciones que de \u00e9sta se derivan, la Confederaci\u00f3n Espa\u00f1ola de Transporte de Mercanc\u00edas (CETM) ha tomado la decisi\u00f3n de retrasar las fechas de celebraci\u00f3n del 18\u00ba CONGRESO NACIONAL DE EMPRESARIOS DE TRANSPORTE &#8211; ALICANTE [&hellip;]<\/p>\n","protected":false},"author":1,"featured_media":4104,"comment_status":"closed","ping_status":"open","sticky":false,"template":"","format":"standard","meta":{"_et_pb_use_builder":"on","_et_pb_old_content":"","_et_gb_content_width":"","footnotes":""},"categories":[5,4],"tags":[],"class_list":["post-4101","post","type-post","status-publish","format-standard","has-post-thumbnail","hentry","category-general","category-organizacion"],"_links":{"self":[{"href":"https:\/\/cetm-madrid.es\/web\/wp-json\/wp\/v2\/posts\/4101","targetHints":{"allow":["GET"]}}],"collection":[{"href":"https:\/\/cetm-madrid.es\/web\/wp-json\/wp\/v2\/posts"}],"about":[{"href":"https:\/\/cetm-madrid.es\/web\/wp-json\/wp\/v2\/types\/post"}],"author":[{"embeddable":true,"href":"https:\/\/cetm-madrid.es\/web\/wp-json\/wp\/v2\/users\/1"}],"replies":[{"embeddable":true,"href":"https:\/\/cetm-madrid.es\/web\/wp-json\/wp\/v2\/comments?post=4101"}],"version-history":[{"count":0,"href":"https:\/\/cetm-madrid.es\/web\/wp-json\/wp\/v2\/posts\/4101\/revisions"}],"wp:featuredmedia":[{"embeddable":true,"href":"https:\/\/cetm-madrid.es\/web\/wp-json\/wp\/v2\/media\/4104"}],"wp:attachment":[{"href":"https:\/\/cetm-madrid.es\/web\/wp-json\/wp\/v2\/media?parent=4101"}],"wp:term":[{"taxonomy":"category","embeddable":true,"href":"https:\/\/cetm-madrid.es\/web\/wp-json\/wp\/v2\/categories?post=4101"},{"taxonomy":"post_tag","embeddable":true,"href":"https:\/\/cetm-madrid.es\/web\/wp-json\/wp\/v2\/tags?post=4101"}],"curies":[{"name":"wp","href":"https:\/\/api.w.org\/{rel}","templated":true}]}}