{"id":4088,"date":"2020-04-01T07:14:31","date_gmt":"2020-04-01T07:14:31","guid":{"rendered":"https:\/\/cetm-madrid.es\/web\/?p=4088"},"modified":"2020-04-02T07:17:14","modified_gmt":"2020-04-02T07:17:14","slug":"mascarillas-llamamiento-urgente-del-transporte-para-que-el-pais-no-se-pare","status":"publish","type":"post","link":"https:\/\/cetm-madrid.es\/web\/mascarillas-llamamiento-urgente-del-transporte-para-que-el-pais-no-se-pare\/","title":{"rendered":"MASCARILLAS: LLAMAMIENTO URGENTE DEL TRANSPORTE PARA QUE EL PA\u00cdS NO SE PARE"},"content":{"rendered":"<p>[et_pb_section fb_built=&#8221;1&#8243; admin_label=&#8221;section&#8221; _builder_version=&#8221;3.22&#8243;][et_pb_row admin_label=&#8221;row&#8221; _builder_version=&#8221;3.25&#8243; background_size=&#8221;initial&#8221; background_position=&#8221;top_left&#8221; background_repeat=&#8221;repeat&#8221; column_structure=&#8221;2_3,1_3&#8243;][et_pb_column type=&#8221;2_3&#8243; _builder_version=&#8221;3.25&#8243; custom_padding=&#8221;|||&#8221; custom_padding__hover=&#8221;|||&#8221;][et_pb_text admin_label=&#8221;Texto&#8221; _builder_version=&#8221;4.2.2&#8243; background_size=&#8221;initial&#8221; background_position=&#8221;top_left&#8221; background_repeat=&#8221;repeat&#8221; text_orientation=&#8221;justified&#8221; hover_enabled=&#8221;0&#8243; use_border_color=&#8221;off&#8221; border_color=&#8221;#ffffff&#8221; border_style=&#8221;solid&#8221;]<\/p>\n<p>Estamos al l\u00edmite. Nuestros conductores no pueden aguantar m\u00e1s. Necesitan urgentemente equipos de protecci\u00f3n individual, fundamentalmente mascarillas.<\/p>\n<p>Han transcurrido m\u00e1s de diez d\u00edas desde que el Gobierno se comprometiera, a trav\u00e9s del Ministerio de Transportes, Movilidad y Agenda Urbana, a facilitar m\u00e1s de 4 millones de mascarillas para el sector del transporte de mercanc\u00edas por carretera. A fecha de hoy, las m\u00faltiples gestiones realizadas por la Confederaci\u00f3n Espa\u00f1ola de Transporte de Mercanc\u00edas (CETM) ante este organismo han resultado infructuosas. No sabemos absolutamente nada y todo hace predecir que la espera ser\u00e1 larga.<\/p>\n<p>Entendemos que las prioridades en el reparto de las pocas o muchas mascarillas que han llegado a nuestro pa\u00eds o se est\u00e1n fabricando por parte de diversas empresas y particulares, deben ir dirigidas hacia la Sanidad, las residencias de mayores y las Fuerzas y Cuerpos de Seguridad del Estado. Pero a estas alturas de la pandemia, a nadie se le oculta que tambi\u00e9n son absolutamente imprescindibles para nuestros conductores, quienes se encargan de hacer llegar equipos, medicamentos y vituallas a toda la poblaci\u00f3n.<\/p>\n<p>A pesar de las actuales condiciones de riesgo, los conductores de nuestros veh\u00edculos est\u00e1n manteniendo un comportamiento ejemplar. Son, tambi\u00e9n, los h\u00e9roes silenciosos que con su actitud, esfuerzo y dedicaci\u00f3n, no han parado ni un momento de rodar, a sabiendas de que pueden contagiarse, mucho m\u00e1s si cabe que el resto de la poblaci\u00f3n.<\/p>\n<p>Nuestros conductores deben soportar, adem\u00e1s, un riesgo a\u00f1adido. Nos referimos a la, en muchos casos, obligada carga y descarga de las mercanc\u00edas, por parte de cargadores y plataformas en las que deben recoger y entregar la mercanc\u00eda. Sin un m\u00ednimo de responsabilidad, de \u00e9tica y de conciencia, y sin facilitarnos los medios de protecci\u00f3n necesarios, estos cargadores y plataformas siguen presionando a nuestra gente para que realicen estas labores que, en ning\u00fan caso les corresponden, y mucho menos ahora.<\/p>\n<p>Por en\u00e9sima y \u00faltima vez conminamos a los cargadores a que desistan en este empe\u00f1o y exigimos a la Administraci\u00f3n, y m\u00e1s concretamente al Ministerio de Transportes a que redacte de forma urgente una orden ministerial que impida, de una vez y para siempre, estos abusos, que, repetimos, ponen en riesgo la seguridad de los conductores.<\/p>\n<p>No queremos ser alarmistas, pero si el transporte ha sido considerado como \u201cEsencial\u201d, debe serlo tambi\u00e9n para garantizar su seguridad y continuidad. La salud de todos nuestros conciudadanos est\u00e1 en juego.<\/p>\n<p>[\/et_pb_text][\/et_pb_column][et_pb_column type=&#8221;1_3&#8243; _builder_version=&#8221;3.25&#8243; custom_padding=&#8221;|||&#8221; custom_padding__hover=&#8221;|||&#8221;][et_pb_image src=&#8221;https:\/\/cetm-madrid.es\/web\/wp-content\/uploads\/2020\/03\/Captura-12.jpg&#8221; align_tablet=&#8221;center&#8221; align_last_edited=&#8221;on|desktop&#8221; admin_label=&#8221;Imagen&#8221; _builder_version=&#8221;4.2.2&#8243; animation_style=&#8221;slide&#8221; animation_direction=&#8221;left&#8221; animation_duration=&#8221;500ms&#8221; animation_intensity_slide=&#8221;10%&#8221; hover_enabled=&#8221;0&#8243; use_border_color=&#8221;off&#8221; border_color=&#8221;#ffffff&#8221; border_style=&#8221;solid&#8221; animation=&#8221;left&#8221; sticky=&#8221;off&#8221; always_center_on_mobile=&#8221;on&#8221;][\/et_pb_image][\/et_pb_column][\/et_pb_row][\/et_pb_section]<\/p>\n","protected":false},"excerpt":{"rendered":"<p>Estamos al l\u00edmite. Nuestros conductores no pueden aguantar m\u00e1s. Necesitan urgentemente equipos de protecci\u00f3n individual, fundamentalmente mascarillas. Han transcurrido m\u00e1s de diez d\u00edas desde que el Gobierno se comprometiera, a trav\u00e9s del Ministerio de Transportes, Movilidad y Agenda Urbana, a facilitar m\u00e1s de 4 millones de mascarillas para el sector del transporte de mercanc\u00edas por [&hellip;]<\/p>\n","protected":false},"author":1,"featured_media":3619,"comment_status":"closed","ping_status":"open","sticky":false,"template":"","format":"standard","meta":{"_et_pb_use_builder":"on","_et_pb_old_content":"","_et_gb_content_width":"","footnotes":""},"categories":[5,4],"tags":[],"class_list":["post-4088","post","type-post","status-publish","format-standard","has-post-thumbnail","hentry","category-general","category-organizacion"],"_links":{"self":[{"href":"https:\/\/cetm-madrid.es\/web\/wp-json\/wp\/v2\/posts\/4088","targetHints":{"allow":["GET"]}}],"collection":[{"href":"https:\/\/cetm-madrid.es\/web\/wp-json\/wp\/v2\/posts"}],"about":[{"href":"https:\/\/cetm-madrid.es\/web\/wp-json\/wp\/v2\/types\/post"}],"author":[{"embeddable":true,"href":"https:\/\/cetm-madrid.es\/web\/wp-json\/wp\/v2\/users\/1"}],"replies":[{"embeddable":true,"href":"https:\/\/cetm-madrid.es\/web\/wp-json\/wp\/v2\/comments?post=4088"}],"version-history":[{"count":0,"href":"https:\/\/cetm-madrid.es\/web\/wp-json\/wp\/v2\/posts\/4088\/revisions"}],"wp:featuredmedia":[{"embeddable":true,"href":"https:\/\/cetm-madrid.es\/web\/wp-json\/wp\/v2\/media\/3619"}],"wp:attachment":[{"href":"https:\/\/cetm-madrid.es\/web\/wp-json\/wp\/v2\/media?parent=4088"}],"wp:term":[{"taxonomy":"category","embeddable":true,"href":"https:\/\/cetm-madrid.es\/web\/wp-json\/wp\/v2\/categories?post=4088"},{"taxonomy":"post_tag","embeddable":true,"href":"https:\/\/cetm-madrid.es\/web\/wp-json\/wp\/v2\/tags?post=4088"}],"curies":[{"name":"wp","href":"https:\/\/api.w.org\/{rel}","templated":true}]}}