{"id":4046,"date":"2020-03-31T07:22:59","date_gmt":"2020-03-31T07:22:59","guid":{"rendered":"https:\/\/cetm-madrid.es\/web\/?p=4046"},"modified":"2020-04-01T07:25:40","modified_gmt":"2020-04-01T07:25:40","slug":"la-direccion-general-de-transporte-terrestre-confirma-que-no-hay-restricciones-al-transporte","status":"publish","type":"post","link":"https:\/\/cetm-madrid.es\/web\/la-direccion-general-de-transporte-terrestre-confirma-que-no-hay-restricciones-al-transporte\/","title":{"rendered":"LA DIRECCI\u00d3N GENERAL DE TRANSPORTE TERRESTRE CONFIRMA QUE NO HAY RESTRICCIONES AL TRANSPORTE"},"content":{"rendered":"<p>[et_pb_section fb_built=&#8221;1&#8243; admin_label=&#8221;section&#8221; _builder_version=&#8221;3.22&#8243;][et_pb_row admin_label=&#8221;row&#8221; _builder_version=&#8221;3.25&#8243; background_size=&#8221;initial&#8221; background_position=&#8221;top_left&#8221; background_repeat=&#8221;repeat&#8221; column_structure=&#8221;2_3,1_3&#8243;][et_pb_column type=&#8221;2_3&#8243; _builder_version=&#8221;3.25&#8243; custom_padding=&#8221;|||&#8221; custom_padding__hover=&#8221;|||&#8221;][et_pb_text admin_label=&#8221;Texto&#8221; _builder_version=&#8221;4.2.2&#8243; background_size=&#8221;initial&#8221; background_position=&#8221;top_left&#8221; background_repeat=&#8221;repeat&#8221; text_orientation=&#8221;justified&#8221; hover_enabled=&#8221;0&#8243; use_border_color=&#8221;off&#8221; border_color=&#8221;#ffffff&#8221; border_style=&#8221;solid&#8221;]<\/p>\n<p>La entrada en vigor del Real Decreto-ley 10\/2020, de 29 de marzo, por el que se ampliaban las medidas de reclusi\u00f3n social ha generado diversas interpretaciones sobre qu\u00e9 tipo de mercanc\u00edas se pueden o no transportar.<\/p>\n<p>Para poder aclarar definitivamente este asunto, desde el Comit\u00e9 nacional de Transporte por Carretera (CNTC) se ha solicitado al Ministerio de Transporte, Movilidad y Agenda Urbana, que nos hiciera una aclaraci\u00f3n en relaci\u00f3n a las circunstancias en las que puede realizarse una operaci\u00f3n de transporte.<\/p>\n<p>En respuesta a dicha pregunta, la Direcci\u00f3n General de Transporte Terrestre nos ha confirmado lo siguiente:<\/p>\n<p>\u201cSe han remitido instrucciones sobre interpretaci\u00f3n del RDL 10\/2020 a Guardia Civil y Comunidades Aut\u00f3nomas para que las remitan a polic\u00edas Auton\u00f3micas y municipales se\u00f1alando que a la vista del RD 463\/2020 y del RDL 10\/2020, el transporte de mercanc\u00edas se considera actividad esencial, por lo que no hay restricci\u00f3n alguna.<\/p>\n<p>Por ello se les ha indicado que no existe prohibici\u00f3n alguna que impida el transporte de mercanc\u00edas.\u201d<\/p>\n<p>[\/et_pb_text][\/et_pb_column][et_pb_column type=&#8221;1_3&#8243; _builder_version=&#8221;3.25&#8243; custom_padding=&#8221;|||&#8221; custom_padding__hover=&#8221;|||&#8221;][et_pb_image src=&#8221;https:\/\/cetm-madrid.es\/web\/wp-content\/uploads\/2020\/04\/Captura-2.jpg&#8221; align_tablet=&#8221;center&#8221; align_last_edited=&#8221;on|desktop&#8221; admin_label=&#8221;Imagen&#8221; _builder_version=&#8221;4.2.2&#8243; animation_style=&#8221;slide&#8221; animation_direction=&#8221;left&#8221; animation_duration=&#8221;500ms&#8221; animation_intensity_slide=&#8221;10%&#8221; hover_enabled=&#8221;0&#8243; use_border_color=&#8221;off&#8221; border_color=&#8221;#ffffff&#8221; border_style=&#8221;solid&#8221; animation=&#8221;left&#8221; sticky=&#8221;off&#8221; always_center_on_mobile=&#8221;on&#8221;][\/et_pb_image][\/et_pb_column][\/et_pb_row][\/et_pb_section]<\/p>\n","protected":false},"excerpt":{"rendered":"<p>La entrada en vigor del Real Decreto-ley 10\/2020, de 29 de marzo, por el que se ampliaban las medidas de reclusi\u00f3n social ha generado diversas interpretaciones sobre qu\u00e9 tipo de mercanc\u00edas se pueden o no transportar. Para poder aclarar definitivamente este asunto, desde el Comit\u00e9 nacional de Transporte por Carretera (CNTC) se ha solicitado al [&hellip;]<\/p>\n","protected":false},"author":1,"featured_media":4049,"comment_status":"closed","ping_status":"open","sticky":false,"template":"","format":"standard","meta":{"_et_pb_use_builder":"on","_et_pb_old_content":"","_et_gb_content_width":"","footnotes":""},"categories":[5,4],"tags":[],"class_list":["post-4046","post","type-post","status-publish","format-standard","has-post-thumbnail","hentry","category-general","category-organizacion"],"_links":{"self":[{"href":"https:\/\/cetm-madrid.es\/web\/wp-json\/wp\/v2\/posts\/4046","targetHints":{"allow":["GET"]}}],"collection":[{"href":"https:\/\/cetm-madrid.es\/web\/wp-json\/wp\/v2\/posts"}],"about":[{"href":"https:\/\/cetm-madrid.es\/web\/wp-json\/wp\/v2\/types\/post"}],"author":[{"embeddable":true,"href":"https:\/\/cetm-madrid.es\/web\/wp-json\/wp\/v2\/users\/1"}],"replies":[{"embeddable":true,"href":"https:\/\/cetm-madrid.es\/web\/wp-json\/wp\/v2\/comments?post=4046"}],"version-history":[{"count":0,"href":"https:\/\/cetm-madrid.es\/web\/wp-json\/wp\/v2\/posts\/4046\/revisions"}],"wp:featuredmedia":[{"embeddable":true,"href":"https:\/\/cetm-madrid.es\/web\/wp-json\/wp\/v2\/media\/4049"}],"wp:attachment":[{"href":"https:\/\/cetm-madrid.es\/web\/wp-json\/wp\/v2\/media?parent=4046"}],"wp:term":[{"taxonomy":"category","embeddable":true,"href":"https:\/\/cetm-madrid.es\/web\/wp-json\/wp\/v2\/categories?post=4046"},{"taxonomy":"post_tag","embeddable":true,"href":"https:\/\/cetm-madrid.es\/web\/wp-json\/wp\/v2\/tags?post=4046"}],"curies":[{"name":"wp","href":"https:\/\/api.w.org\/{rel}","templated":true}]}}