{"id":4031,"date":"2020-03-31T06:52:26","date_gmt":"2020-03-31T06:52:26","guid":{"rendered":"https:\/\/cetm-madrid.es\/web\/?p=4031"},"modified":"2020-04-01T07:06:22","modified_gmt":"2020-04-01T07:06:22","slug":"la-iru-pide-a-sanchez-y-a-abalos-que-implanten-los-corredores-verdes-y-faciliten-proteccion-a-los-profesionales-del-transporte-de-mercancias","status":"publish","type":"post","link":"https:\/\/cetm-madrid.es\/web\/la-iru-pide-a-sanchez-y-a-abalos-que-implanten-los-corredores-verdes-y-faciliten-proteccion-a-los-profesionales-del-transporte-de-mercancias\/","title":{"rendered":"LA IRU PIDE A S\u00c1NCHEZ Y A \u00c1BALOS QUE IMPLANTEN LOS CORREDORES VERDES Y FACILITEN PROTECCI\u00d3N A LOS PROFESIONALES DEL TRANSPORTE  DE MERCANC\u00cdAS"},"content":{"rendered":"<p>[et_pb_section fb_built=&#8221;1&#8243; admin_label=&#8221;section&#8221; _builder_version=&#8221;3.22&#8243;][et_pb_row admin_label=&#8221;row&#8221; _builder_version=&#8221;3.25&#8243; background_size=&#8221;initial&#8221; background_position=&#8221;top_left&#8221; background_repeat=&#8221;repeat&#8221; column_structure=&#8221;2_3,1_3&#8243;][et_pb_column type=&#8221;2_3&#8243; _builder_version=&#8221;3.25&#8243; custom_padding=&#8221;|||&#8221; custom_padding__hover=&#8221;|||&#8221;][et_pb_text admin_label=&#8221;Texto&#8221; _builder_version=&#8221;4.2.2&#8243; background_size=&#8221;initial&#8221; background_position=&#8221;top_left&#8221; background_repeat=&#8221;repeat&#8221; text_orientation=&#8221;justified&#8221; hover_enabled=&#8221;0&#8243; use_border_color=&#8221;off&#8221; border_color=&#8221;#ffffff&#8221; border_style=&#8221;solid&#8221;]<\/p>\n<p>El presidente de la Organizaci\u00f3n Internacional del Transporte por Carretera (IRU), Radu Dinescu, de la que forma parte la CETM, env\u00edo el pasado 20 de marzo una carta al presidente del Gobierno de Espa\u00f1a, Pedro S\u00e1nchez, y al ministro de Transportes, Movilidad y Agenda Urbana, Jos\u00e9 Luis \u00c1balos, ante la preocupaci\u00f3n de la organizaci\u00f3n por el sector del transporte de mercanc\u00edas por carretera y la posibilidad de que la cadena de suministro se fracture.<\/p>\n<p>Radu Dinescu se\u00f1ala en su escrito que, pese a que se ha producido la desaceleraci\u00f3n de la actividad econ\u00f3mica como consecuencia del COVID-19, el transporte de mercanc\u00edas sigue siendo crucial, sobre todo ante el desaf\u00edo de garantizar el suministro del material sanitario, medicamentos y alimentos.<\/p>\n<p>En este sentido, se\u00f1ala que los bloqueos fronterizos est\u00e1n obstaculizando la actividad de los transportistas y, por ello, reclama al presidente del Gobierno espa\u00f1ol y al ministro de Transportes que nuestro pa\u00eds siga las directrices de la Comisi\u00f3n Europea e implante<br \/>los denominados \u201ccorredores verdes\u201d, con la intenci\u00f3n de reducir los tiempos de espera en las fronteras a 15 minutos.<\/p>\n<p>La Organizaci\u00f3n, que representa a m\u00e1s de 3.5 millones de empresas del sector del transporte de mercanc\u00edas por carretera de todos los Estados miembros de la Uni\u00f3n Europea, considera que las largas colas que est\u00e1n teniendo lugar en las fronteras son inadmisibles.<\/p>\n<p>Dinescu hace referencia a las colas que se han vivido estos d\u00edas en algunas fronteras y pide a Pedro S\u00e1nchez y Jos\u00e9 Luis \u00c1balos que implanten acciones concretas para evitar el colapso.<\/p>\n<p>En este sentido el presidente de la IRU demanda que los controles e inspecciones que se realicen a los profesionales del transporte sean proporcionales y se lleven a cabo \u201csolo cuando sean necesarios\u201d. Adem\u00e1s, reclama al Gobierno espa\u00f1ol que dote de protecci\u00f3n<br \/>y pruebas del coronavirus a los trabajadores del sector y proporcione instalaciones y\u00e1reas de descanso para que puedan llevar a cabo su actividad.<\/p>\n<p>Por \u00faltimo, el presidente de la IRU, que tambi\u00e9n ha enviado el escrito a los dirigentes del resto de pa\u00edses de la UE, ha brindado su ayuda a la Comisi\u00f3n Europea, as\u00ed como al Ejecutivo espa\u00f1ol, para que puedan garantizar que las entregas lleguen a tiempo y se<br \/>supere la pandemia.<\/p>\n<p>En la CETM compartimos el mensaje que la IRU ha transmitido al Gobierno espa\u00f1ol. El transporte de mercanc\u00edas por carretera juega un papel fundamental e irremplazable en la crisis del coronavirus y es necesario que los Estados miembros de la Uni\u00f3n Europea<br \/>establezcan los mecanismos necesarios para no deteriorar al sector y lograr que los suministros de alimentos y material sanitario lleguen a tiempo a sus destinos.<\/p>\n<p>Asimismo, el presidente de la IRU ha transmitido al presidente del Gobierno y al ministro de Transportes, Movilidad y Agenda Urbana un aspecto que es ineludible, los profesionales del transporte de mercanc\u00edas por carretera necesitan equipos de protecci\u00f3n que<br \/>garanticen su seguridad y espacios abiertos donde puedan descansar, asearse y reponer fuerzas. Nuestros transportistas son m\u00e1s necesarios que nunca si cabe y de ellos depende que el aprovisionamiento de supermercados y hospitales est\u00e9 asegurado.<\/p>\n<p>[\/et_pb_text][\/et_pb_column][et_pb_column type=&#8221;1_3&#8243; _builder_version=&#8221;3.25&#8243; custom_padding=&#8221;|||&#8221; custom_padding__hover=&#8221;|||&#8221;][et_pb_image src=&#8221;https:\/\/cetm-madrid.es\/web\/wp-content\/uploads\/2020\/04\/Captura.jpg&#8221; align_tablet=&#8221;center&#8221; align_last_edited=&#8221;on|desktop&#8221; admin_label=&#8221;Imagen&#8221; _builder_version=&#8221;4.2.2&#8243; animation_style=&#8221;slide&#8221; animation_direction=&#8221;left&#8221; animation_duration=&#8221;500ms&#8221; animation_intensity_slide=&#8221;10%&#8221; hover_enabled=&#8221;0&#8243; use_border_color=&#8221;off&#8221; border_color=&#8221;#ffffff&#8221; border_style=&#8221;solid&#8221; animation=&#8221;left&#8221; sticky=&#8221;off&#8221; always_center_on_mobile=&#8221;on&#8221;][\/et_pb_image][\/et_pb_column][\/et_pb_row][\/et_pb_section]<\/p>\n","protected":false},"excerpt":{"rendered":"<p>El presidente de la Organizaci\u00f3n Internacional del Transporte por Carretera (IRU), Radu Dinescu, de la que forma parte la CETM, env\u00edo el pasado 20 de marzo una carta al presidente del Gobierno de Espa\u00f1a, Pedro S\u00e1nchez, y al ministro de Transportes, Movilidad y Agenda Urbana, Jos\u00e9 Luis \u00c1balos, ante la preocupaci\u00f3n de la organizaci\u00f3n por [&hellip;]<\/p>\n","protected":false},"author":1,"featured_media":4034,"comment_status":"closed","ping_status":"open","sticky":false,"template":"","format":"standard","meta":{"_et_pb_use_builder":"on","_et_pb_old_content":"","_et_gb_content_width":"","footnotes":""},"categories":[5,4],"tags":[],"class_list":["post-4031","post","type-post","status-publish","format-standard","has-post-thumbnail","hentry","category-general","category-organizacion"],"_links":{"self":[{"href":"https:\/\/cetm-madrid.es\/web\/wp-json\/wp\/v2\/posts\/4031","targetHints":{"allow":["GET"]}}],"collection":[{"href":"https:\/\/cetm-madrid.es\/web\/wp-json\/wp\/v2\/posts"}],"about":[{"href":"https:\/\/cetm-madrid.es\/web\/wp-json\/wp\/v2\/types\/post"}],"author":[{"embeddable":true,"href":"https:\/\/cetm-madrid.es\/web\/wp-json\/wp\/v2\/users\/1"}],"replies":[{"embeddable":true,"href":"https:\/\/cetm-madrid.es\/web\/wp-json\/wp\/v2\/comments?post=4031"}],"version-history":[{"count":0,"href":"https:\/\/cetm-madrid.es\/web\/wp-json\/wp\/v2\/posts\/4031\/revisions"}],"wp:featuredmedia":[{"embeddable":true,"href":"https:\/\/cetm-madrid.es\/web\/wp-json\/wp\/v2\/media\/4034"}],"wp:attachment":[{"href":"https:\/\/cetm-madrid.es\/web\/wp-json\/wp\/v2\/media?parent=4031"}],"wp:term":[{"taxonomy":"category","embeddable":true,"href":"https:\/\/cetm-madrid.es\/web\/wp-json\/wp\/v2\/categories?post=4031"},{"taxonomy":"post_tag","embeddable":true,"href":"https:\/\/cetm-madrid.es\/web\/wp-json\/wp\/v2\/tags?post=4031"}],"curies":[{"name":"wp","href":"https:\/\/api.w.org\/{rel}","templated":true}]}}