{"id":4017,"date":"2020-03-31T21:27:47","date_gmt":"2020-03-31T21:27:47","guid":{"rendered":"https:\/\/cetm-madrid.es\/web\/?p=4017"},"modified":"2020-04-01T06:51:40","modified_gmt":"2020-04-01T06:51:40","slug":"las-empresas-de-mudanzas-no-se-encuentran-entre-las-excepciones-reguladas-por-el-decreto-del-estado-de-alarma","status":"publish","type":"post","link":"https:\/\/cetm-madrid.es\/web\/las-empresas-de-mudanzas-no-se-encuentran-entre-las-excepciones-reguladas-por-el-decreto-del-estado-de-alarma\/","title":{"rendered":"LAS EMPRESAS DE MUDANZAS NO SE ENCUENTRAN ENTRE LAS EXCEPCIONES REGULADAS POR EL DECRETO DEL ESTADO DE ALARMA"},"content":{"rendered":"<p>[et_pb_section fb_built=&#8221;1&#8243; admin_label=&#8221;section&#8221; _builder_version=&#8221;3.22&#8243;][et_pb_row column_structure=&#8221;2_3,1_3&#8243; admin_label=&#8221;row&#8221; _builder_version=&#8221;3.25&#8243; background_size=&#8221;initial&#8221; background_position=&#8221;top_left&#8221; background_repeat=&#8221;repeat&#8221;][et_pb_column type=&#8221;2_3&#8243; _builder_version=&#8221;3.25&#8243; custom_padding=&#8221;|||&#8221; custom_padding__hover=&#8221;|||&#8221;][et_pb_text admin_label=&#8221;Texto&#8221; _builder_version=&#8221;4.2.2&#8243; background_size=&#8221;initial&#8221; background_position=&#8221;top_left&#8221; background_repeat=&#8221;repeat&#8221; text_orientation=&#8221;justified&#8221; hover_enabled=&#8221;0&#8243; use_border_color=&#8221;off&#8221; border_color=&#8221;#ffffff&#8221; border_style=&#8221;solid&#8221;]<\/p>\n<p>Tras la consulta realizada por la Organizaci\u00f3n Castellana de Empresas de Mudanzas (OCEM), organizaci\u00f3n que forma parte de FEDEM (la Federaci\u00f3n Espa\u00f1ola de Empresas de Mudanzas), la Direcci\u00f3n General de Gesti\u00f3n y Vigilancia de la Circulaci\u00f3n del Ayuntamiento de Madrid ha emitido una nota en la que confirma que con car\u00e1cter general no se pueden hacer mudanzas en Madrid puesto que no se considera un servicio esencial. <\/p>\n<p>Seg\u00fan aclara este \u00f3rgano, las mudanzas no est\u00e1n reguladas en las excepciones previstas en el Real Decreto 463\/2020 por el que se decreta el Estado de Alarma. <\/p>\n<p>Asimismo, tampoco estar\u00edan reflejadas en el Real Decreto-Ley 10\/2020 en el que se establecen excepciones a las restricciones de circulaci\u00f3n en caso de que se lleve a cabo el cierre de carreteras. En el \u00e1nimo de contener la progresi\u00f3n de la enfermedad y reforzar el sistema de salud p\u00fablica, resultan incompatibles con la ocupaci\u00f3n del espacio p\u00fablico para la realizaci\u00f3n de mudanzas. <\/p>\n<p>Por tanto, tal y como refleja la nota emitida por este \u00f3rgano los veh\u00edculos de mudanzas se someten \u201ccomo cualquier otro veh\u00edculo\u201d a las limitaciones decretadas durante el estado de alarma. <\/p>\n<p>Sin embargo, cabe destacar que se establece la posibilidad de hacer mudanzas excepcionales, bajo unos determinados criterios de autorizaci\u00f3n limitados.<\/p>\n<p>[\/et_pb_text][\/et_pb_column][et_pb_column type=&#8221;1_3&#8243; _builder_version=&#8221;3.25&#8243; custom_padding=&#8221;|||&#8221; custom_padding__hover=&#8221;|||&#8221;][et_pb_image src=&#8221;https:\/\/cetm-madrid.es\/web\/wp-content\/uploads\/2020\/03\/Captura-23.jpg&#8221; align_tablet=&#8221;center&#8221; align_phone=&#8221;&#8221; align_last_edited=&#8221;on|desktop&#8221; admin_label=&#8221;Imagen&#8221; _builder_version=&#8221;4.2.2&#8243; animation_style=&#8221;slide&#8221; animation_direction=&#8221;left&#8221; animation_duration=&#8221;500ms&#8221; animation_intensity_slide=&#8221;10%&#8221; use_border_color=&#8221;off&#8221; border_color=&#8221;#ffffff&#8221; border_style=&#8221;solid&#8221; animation=&#8221;left&#8221; sticky=&#8221;off&#8221; always_center_on_mobile=&#8221;on&#8221;][\/et_pb_image][\/et_pb_column][\/et_pb_row][\/et_pb_section]<\/p>\n","protected":false},"excerpt":{"rendered":"<p>Tras la consulta realizada por la Organizaci\u00f3n Castellana de Empresas de Mudanzas (OCEM), organizaci\u00f3n que forma parte de FEDEM (la Federaci\u00f3n Espa\u00f1ola de Empresas de Mudanzas), la Direcci\u00f3n General de Gesti\u00f3n y Vigilancia de la Circulaci\u00f3n del Ayuntamiento de Madrid ha emitido una nota en la que confirma que con car\u00e1cter general no se pueden [&hellip;]<\/p>\n","protected":false},"author":1,"featured_media":4020,"comment_status":"closed","ping_status":"open","sticky":false,"template":"","format":"standard","meta":{"_et_pb_use_builder":"on","_et_pb_old_content":"","_et_gb_content_width":"","footnotes":""},"categories":[5,4],"tags":[],"class_list":["post-4017","post","type-post","status-publish","format-standard","has-post-thumbnail","hentry","category-general","category-organizacion"],"_links":{"self":[{"href":"https:\/\/cetm-madrid.es\/web\/wp-json\/wp\/v2\/posts\/4017","targetHints":{"allow":["GET"]}}],"collection":[{"href":"https:\/\/cetm-madrid.es\/web\/wp-json\/wp\/v2\/posts"}],"about":[{"href":"https:\/\/cetm-madrid.es\/web\/wp-json\/wp\/v2\/types\/post"}],"author":[{"embeddable":true,"href":"https:\/\/cetm-madrid.es\/web\/wp-json\/wp\/v2\/users\/1"}],"replies":[{"embeddable":true,"href":"https:\/\/cetm-madrid.es\/web\/wp-json\/wp\/v2\/comments?post=4017"}],"version-history":[{"count":0,"href":"https:\/\/cetm-madrid.es\/web\/wp-json\/wp\/v2\/posts\/4017\/revisions"}],"wp:featuredmedia":[{"embeddable":true,"href":"https:\/\/cetm-madrid.es\/web\/wp-json\/wp\/v2\/media\/4020"}],"wp:attachment":[{"href":"https:\/\/cetm-madrid.es\/web\/wp-json\/wp\/v2\/media?parent=4017"}],"wp:term":[{"taxonomy":"category","embeddable":true,"href":"https:\/\/cetm-madrid.es\/web\/wp-json\/wp\/v2\/categories?post=4017"},{"taxonomy":"post_tag","embeddable":true,"href":"https:\/\/cetm-madrid.es\/web\/wp-json\/wp\/v2\/tags?post=4017"}],"curies":[{"name":"wp","href":"https:\/\/api.w.org\/{rel}","templated":true}]}}