{"id":3948,"date":"2020-03-29T18:33:53","date_gmt":"2020-03-29T18:33:53","guid":{"rendered":"https:\/\/cetm-madrid.es\/web\/?p=3948"},"modified":"2020-03-30T18:36:26","modified_gmt":"2020-03-30T18:36:26","slug":"el-transporte-podra-seguir-funcionando-manana","status":"publish","type":"post","link":"https:\/\/cetm-madrid.es\/web\/el-transporte-podra-seguir-funcionando-manana\/","title":{"rendered":"EL TRANSPORTE PODR\u00c1 SEGUIR FUNCIONANDO MA\u00d1ANA"},"content":{"rendered":"<p>[et_pb_section fb_built=&#8221;1&#8243; admin_label=&#8221;section&#8221; _builder_version=&#8221;3.22&#8243;][et_pb_row admin_label=&#8221;row&#8221; _builder_version=&#8221;3.25&#8243; background_size=&#8221;initial&#8221; background_position=&#8221;top_left&#8221; background_repeat=&#8221;repeat&#8221; column_structure=&#8221;2_3,1_3&#8243;][et_pb_column type=&#8221;2_3&#8243; _builder_version=&#8221;3.25&#8243; custom_padding=&#8221;|||&#8221; custom_padding__hover=&#8221;|||&#8221;][et_pb_text admin_label=&#8221;Texto&#8221; _builder_version=&#8221;4.2.2&#8243; background_size=&#8221;initial&#8221; background_position=&#8221;top_left&#8221; background_repeat=&#8221;repeat&#8221; text_orientation=&#8221;justified&#8221; hover_enabled=&#8221;0&#8243; use_border_color=&#8221;off&#8221; border_color=&#8221;#ffffff&#8221; border_style=&#8221;solid&#8221;]<\/p>\n<p>El Consejo de Ministros ha aprobado un Real Decreto-ley por el que se regula un permiso retribuido recuperable para todos los trabajadores de actividades no esenciales que no podr\u00e1n acudir a trabajar desde el lunes 30 de marzo hasta el jueves 9 de abril, ambos incluidos.<\/p>\n<p>A falta de conocer el texto definitivo del mismo, el borrador al que hemos tenido acceso, y que desde esta ma\u00f1ana ha circulado por diversos \u00e1mbitos, establece, en su Disposici\u00f3n transitoria \u00fanica, que aquellos trabajadores del \u00e1mbito del transporte que se encuentren realizando un servicio considerado como no esencial, en el momento de la entrada en vigor de dicho Real Decreto-ley , iniciar\u00e1n el permiso retributivo recuperable una vez finalizado el servicio en curso, incluyendo como parte del servicio, en su caso, la operaci\u00f3n de retorno correspondiente.<\/p>\n<p>Es importante aclarar que este aspecto no podr\u00e1 ser confirmado definitivamente hasta que se haya publicado en el BOE, lo que no ocurrir\u00e1, casi con total seguridad, hasta ma\u00f1ana.<\/p>\n<p>En caso de que, tal y como esperamos, se confirme esta medida, se dar\u00eda respuesta a una de las reclamaciones trasladas por la Confederaci\u00f3n Espa\u00f1ola de Transporte de Mercanc\u00edas (CETM) y el resto de organizaciones del sector al Ministerio de Transportes, Movilidad y Agenda Urbana, en el mismo momento que supimos de las intenciones del Gobierno de endurecer las medidas de confinamiento.<\/p>\n<p>[\/et_pb_text][\/et_pb_column][et_pb_column type=&#8221;1_3&#8243; _builder_version=&#8221;3.25&#8243; custom_padding=&#8221;|||&#8221; custom_padding__hover=&#8221;|||&#8221;][et_pb_image src=&#8221;https:\/\/cetm-madrid.es\/web\/wp-content\/uploads\/2020\/03\/Captura-21.jpg&#8221; align_tablet=&#8221;center&#8221; align_last_edited=&#8221;on|desktop&#8221; admin_label=&#8221;Imagen&#8221; _builder_version=&#8221;4.2.2&#8243; animation_style=&#8221;slide&#8221; animation_direction=&#8221;left&#8221; animation_duration=&#8221;500ms&#8221; animation_intensity_slide=&#8221;10%&#8221; hover_enabled=&#8221;0&#8243; use_border_color=&#8221;off&#8221; border_color=&#8221;#ffffff&#8221; border_style=&#8221;solid&#8221; animation=&#8221;left&#8221; sticky=&#8221;off&#8221; always_center_on_mobile=&#8221;on&#8221;][\/et_pb_image][\/et_pb_column][\/et_pb_row][\/et_pb_section]<\/p>\n","protected":false},"excerpt":{"rendered":"<p>El Consejo de Ministros ha aprobado un Real Decreto-ley por el que se regula un permiso retribuido recuperable para todos los trabajadores de actividades no esenciales que no podr\u00e1n acudir a trabajar desde el lunes 30 de marzo hasta el jueves 9 de abril, ambos incluidos. A falta de conocer el texto definitivo del mismo, [&hellip;]<\/p>\n","protected":false},"author":1,"featured_media":3951,"comment_status":"closed","ping_status":"open","sticky":false,"template":"","format":"standard","meta":{"_et_pb_use_builder":"on","_et_pb_old_content":"","_et_gb_content_width":"","footnotes":""},"categories":[5,4],"tags":[],"class_list":["post-3948","post","type-post","status-publish","format-standard","has-post-thumbnail","hentry","category-general","category-organizacion"],"_links":{"self":[{"href":"https:\/\/cetm-madrid.es\/web\/wp-json\/wp\/v2\/posts\/3948","targetHints":{"allow":["GET"]}}],"collection":[{"href":"https:\/\/cetm-madrid.es\/web\/wp-json\/wp\/v2\/posts"}],"about":[{"href":"https:\/\/cetm-madrid.es\/web\/wp-json\/wp\/v2\/types\/post"}],"author":[{"embeddable":true,"href":"https:\/\/cetm-madrid.es\/web\/wp-json\/wp\/v2\/users\/1"}],"replies":[{"embeddable":true,"href":"https:\/\/cetm-madrid.es\/web\/wp-json\/wp\/v2\/comments?post=3948"}],"version-history":[{"count":0,"href":"https:\/\/cetm-madrid.es\/web\/wp-json\/wp\/v2\/posts\/3948\/revisions"}],"wp:featuredmedia":[{"embeddable":true,"href":"https:\/\/cetm-madrid.es\/web\/wp-json\/wp\/v2\/media\/3951"}],"wp:attachment":[{"href":"https:\/\/cetm-madrid.es\/web\/wp-json\/wp\/v2\/media?parent=3948"}],"wp:term":[{"taxonomy":"category","embeddable":true,"href":"https:\/\/cetm-madrid.es\/web\/wp-json\/wp\/v2\/categories?post=3948"},{"taxonomy":"post_tag","embeddable":true,"href":"https:\/\/cetm-madrid.es\/web\/wp-json\/wp\/v2\/tags?post=3948"}],"curies":[{"name":"wp","href":"https:\/\/api.w.org\/{rel}","templated":true}]}}