{"id":3940,"date":"2020-03-29T18:26:07","date_gmt":"2020-03-29T18:26:07","guid":{"rendered":"https:\/\/cetm-madrid.es\/web\/?p=3940"},"modified":"2020-03-30T18:30:31","modified_gmt":"2020-03-30T18:30:31","slug":"activado-el-plan-especial-de-emergencias-por-nevadas-en-cataluna-en-fase-de-prealerta","status":"publish","type":"post","link":"https:\/\/cetm-madrid.es\/web\/activado-el-plan-especial-de-emergencias-por-nevadas-en-cataluna-en-fase-de-prealerta\/","title":{"rendered":"ACTIVADO EL PLAN ESPECIAL DE EMERGENCIAS POR NEVADAS EN CATALU\u00d1A EN FASE DE PREALERTA"},"content":{"rendered":"<p>[et_pb_section fb_built=&#8221;1&#8243; admin_label=&#8221;section&#8221; _builder_version=&#8221;3.22&#8243;][et_pb_row admin_label=&#8221;row&#8221; _builder_version=&#8221;3.25&#8243; background_size=&#8221;initial&#8221; background_position=&#8221;top_left&#8221; background_repeat=&#8221;repeat&#8221; column_structure=&#8221;2_3,1_3&#8243;][et_pb_column type=&#8221;2_3&#8243; _builder_version=&#8221;3.25&#8243; custom_padding=&#8221;|||&#8221; custom_padding__hover=&#8221;|||&#8221;][et_pb_text admin_label=&#8221;Texto&#8221; _builder_version=&#8221;4.2.2&#8243; background_size=&#8221;initial&#8221; background_position=&#8221;top_left&#8221; background_repeat=&#8221;repeat&#8221; text_orientation=&#8221;justified&#8221; hover_enabled=&#8221;0&#8243; use_border_color=&#8221;off&#8221; border_color=&#8221;#ffffff&#8221; border_style=&#8221;solid&#8221;]<\/p>\n<p>El Centro de Coordinaci\u00f3n Operativa de Catalu\u00f1a (CECAT) ha activado el Plan de emergencias por nevadas en Catalu\u00f1a (NEUCAT) en situaci\u00f3n de prealerta. <\/p>\n<p>El Servicio Meteorol\u00f3gico de Catalu\u00f1a prev\u00e9 que el lunes y el martes se superen espesores de m\u00e1s de 10 cent\u00edmetros en cotas superiores a 900 metros en las comarcas del Pirineo Oriental, Cerda\u00f1a, Ripoll\u00e9s, Bergued\u00e0 y Tarragona. Se espera que en el Pirineo la cota de nieve se sit\u00fae en torno a los 700 metros y que en el resto de Catalu\u00f1a la cota ronde los 400 metros. <\/p>\n<p>Por su parte, la Agencia Estatal de Meteorolog\u00eda (AEMET) ha anunciado que este lunes entrar\u00e1 una masa de aire fr\u00edo que permanecer\u00e1 hasta el jueves y provocar\u00e1 un descenso generalizado de las temperaturas. <\/p>\n<p>Habr\u00e1 heladas en parte del interior de la mitad norte y el centro peninsular y se prev\u00e9 que las temperaturas m\u00ednimas alcancen los -5C\u00ba en el entorno de los sistemas Central e Ib\u00e9rico, en la Cordillera Cant\u00e1brica y Pirineos. Adem\u00e1s, habr\u00e1 precipitaciones que, en Andaluc\u00eda, especialmente en la Costa del Sol, ser\u00e1n muy fuertes el martes. <\/p>\n<p>\u2022 AVISOS POR NIEVE &gt;&gt; Riesgo amarillo: Teruel, Asturias, Zaragoza, Cantabria, Le\u00f3n, Girona, Palencia, Cuenca, Tarragona, Navarra, Vizcaya y Guip\u00fazcoa. Riesgo Naranja (importante) en Lleida.<\/p>\n<p>\u2022 AVISO POR VIENTO &gt;&gt; Riesgo amarillo: Zaragoza, Asturias, Lugo y Pontevedra. <\/p>\n<p>Desde la CETM, aconsejamos a los transportistas que consulten la previsi\u00f3n meteorol\u00f3gica y el estado de las carreteras para planificar sus rutas en la medida de los posible.<\/p>\n<p>[\/et_pb_text][\/et_pb_column][et_pb_column type=&#8221;1_3&#8243; _builder_version=&#8221;3.25&#8243; custom_padding=&#8221;|||&#8221; custom_padding__hover=&#8221;|||&#8221;][et_pb_image src=&#8221;https:\/\/cetm-madrid.es\/web\/wp-content\/uploads\/2020\/03\/Captura-20.jpg&#8221; align_tablet=&#8221;center&#8221; align_last_edited=&#8221;on|desktop&#8221; admin_label=&#8221;Imagen&#8221; _builder_version=&#8221;4.2.2&#8243; animation_style=&#8221;slide&#8221; animation_direction=&#8221;left&#8221; animation_duration=&#8221;500ms&#8221; animation_intensity_slide=&#8221;10%&#8221; hover_enabled=&#8221;0&#8243; use_border_color=&#8221;off&#8221; border_color=&#8221;#ffffff&#8221; border_style=&#8221;solid&#8221; animation=&#8221;left&#8221; sticky=&#8221;off&#8221; always_center_on_mobile=&#8221;on&#8221;][\/et_pb_image][\/et_pb_column][\/et_pb_row][\/et_pb_section]<\/p>\n","protected":false},"excerpt":{"rendered":"<p>El Centro de Coordinaci\u00f3n Operativa de Catalu\u00f1a (CECAT) ha activado el Plan de emergencias por nevadas en Catalu\u00f1a (NEUCAT) en situaci\u00f3n de prealerta. El Servicio Meteorol\u00f3gico de Catalu\u00f1a prev\u00e9 que el lunes y el martes se superen espesores de m\u00e1s de 10 cent\u00edmetros en cotas superiores a 900 metros en las comarcas del Pirineo Oriental, [&hellip;]<\/p>\n","protected":false},"author":1,"featured_media":3943,"comment_status":"closed","ping_status":"open","sticky":false,"template":"","format":"standard","meta":{"_et_pb_use_builder":"on","_et_pb_old_content":"","_et_gb_content_width":"","footnotes":""},"categories":[5,4],"tags":[],"class_list":["post-3940","post","type-post","status-publish","format-standard","has-post-thumbnail","hentry","category-general","category-organizacion"],"_links":{"self":[{"href":"https:\/\/cetm-madrid.es\/web\/wp-json\/wp\/v2\/posts\/3940","targetHints":{"allow":["GET"]}}],"collection":[{"href":"https:\/\/cetm-madrid.es\/web\/wp-json\/wp\/v2\/posts"}],"about":[{"href":"https:\/\/cetm-madrid.es\/web\/wp-json\/wp\/v2\/types\/post"}],"author":[{"embeddable":true,"href":"https:\/\/cetm-madrid.es\/web\/wp-json\/wp\/v2\/users\/1"}],"replies":[{"embeddable":true,"href":"https:\/\/cetm-madrid.es\/web\/wp-json\/wp\/v2\/comments?post=3940"}],"version-history":[{"count":0,"href":"https:\/\/cetm-madrid.es\/web\/wp-json\/wp\/v2\/posts\/3940\/revisions"}],"wp:featuredmedia":[{"embeddable":true,"href":"https:\/\/cetm-madrid.es\/web\/wp-json\/wp\/v2\/media\/3943"}],"wp:attachment":[{"href":"https:\/\/cetm-madrid.es\/web\/wp-json\/wp\/v2\/media?parent=3940"}],"wp:term":[{"taxonomy":"category","embeddable":true,"href":"https:\/\/cetm-madrid.es\/web\/wp-json\/wp\/v2\/categories?post=3940"},{"taxonomy":"post_tag","embeddable":true,"href":"https:\/\/cetm-madrid.es\/web\/wp-json\/wp\/v2\/tags?post=3940"}],"curies":[{"name":"wp","href":"https:\/\/api.w.org\/{rel}","templated":true}]}}