{"id":3882,"date":"2020-03-27T20:10:34","date_gmt":"2020-03-27T20:10:34","guid":{"rendered":"https:\/\/cetm-madrid.es\/web\/?p=3882"},"modified":"2020-03-27T20:10:38","modified_gmt":"2020-03-27T20:10:38","slug":"el-ministerio-de-transportes-confirma-que-es-posible-denunciar-a-los-cargadores-y-estaciones-que-no-den-servicio-a-transportistas","status":"publish","type":"post","link":"https:\/\/cetm-madrid.es\/web\/el-ministerio-de-transportes-confirma-que-es-posible-denunciar-a-los-cargadores-y-estaciones-que-no-den-servicio-a-transportistas\/","title":{"rendered":"EL MINISTERIO DE TRANSPORTES CONFIRMA QUE ES POSIBLE DENUNCIAR A LOS CARGADORES Y ESTACIONES QUE NO DEN SERVICIO A TRANSPORTISTAS"},"content":{"rendered":"<p>[et_pb_section fb_built=&#8221;1&#8243; admin_label=&#8221;section&#8221; _builder_version=&#8221;3.22&#8243;][et_pb_row admin_label=&#8221;row&#8221; _builder_version=&#8221;3.25&#8243; background_size=&#8221;initial&#8221; background_position=&#8221;top_left&#8221; background_repeat=&#8221;repeat&#8221; column_structure=&#8221;2_3,1_3&#8243;][et_pb_column type=&#8221;2_3&#8243; _builder_version=&#8221;3.25&#8243; custom_padding=&#8221;|||&#8221; custom_padding__hover=&#8221;|||&#8221;][et_pb_text admin_label=&#8221;Texto&#8221; _builder_version=&#8221;4.2.2&#8243; background_size=&#8221;initial&#8221; background_position=&#8221;top_left&#8221; background_repeat=&#8221;repeat&#8221; text_orientation=&#8221;justified&#8221; hover_enabled=&#8221;0&#8243; use_border_color=&#8221;off&#8221; border_color=&#8221;#ffffff&#8221; border_style=&#8221;solid&#8221;]<\/p>\n<p>Ante la falta de solidaridad de muchas estaciones de servicio y centros de carga y descarga, que se niegan a mantener abiertos sus establecimientos o a dar acceso a los ba\u00f1os, algo que deber\u00eda ser innegable en la situaci\u00f3n en la que se encuentra el pa\u00eds y cuando los transportistas son a\u00fan m\u00e1s necesarios que nunca si cabe, la CETM y el resto de asociaciones que pertenecen al Comit\u00e9 Nacional de Transporte por Carretera (CNTC), nos hemos visto obligadas, no solo a hacer saber al Ministerio de Transportes, Movilidad y Agenda Urbana de las injusticias que est\u00e1n cometiendo muchos cargadores, estaciones o \u00e1reas de servicio, sino que, adem\u00e1s, hemos constatado consultando a este \u00f3rgano que se pueden tramitar denuncias llamando al 062.<\/p>\n<p>De esta manera se pondr\u00e1 en conocimiento de la Guardia Civil los hechos para que act\u00fae y haga cumplir la Orden TMA 229\/2020, de 15 marzo, por la que se establece que deben facilitarnos dichos servicios. Desde la CETM, alentamos a los transportistas que presencien estos hechos, a que denuncien de esta manera.<\/p>\n<p>Por otra parte, agradecemos el apoyo de todas esas estaciones de servicio, \u00e1reas de descanso y centros de carga y descarga que s\u00ed est\u00e1n prestando estos servicios al sector del transporte de mercanc\u00edas. Adem\u00e1s, os recordamos que estamos recogiendo todas en nuestra Gu\u00eda Solidaria, con la intenci\u00f3n de que resulte m\u00e1s sencillo ubicar los lugares donde los conductores pueden encontrar comida, aseos o duchas.<\/p>\n<p>[\/et_pb_text][\/et_pb_column][et_pb_column type=&#8221;1_3&#8243; _builder_version=&#8221;3.25&#8243; custom_padding=&#8221;|||&#8221; custom_padding__hover=&#8221;|||&#8221;][et_pb_image src=&#8221;https:\/\/cetm-madrid.es\/web\/wp-content\/uploads\/2020\/03\/Captura-18.jpg&#8221; align_tablet=&#8221;center&#8221; align_last_edited=&#8221;on|desktop&#8221; admin_label=&#8221;Imagen&#8221; _builder_version=&#8221;4.2.2&#8243; animation_style=&#8221;slide&#8221; animation_direction=&#8221;left&#8221; animation_duration=&#8221;500ms&#8221; animation_intensity_slide=&#8221;10%&#8221; hover_enabled=&#8221;0&#8243; use_border_color=&#8221;off&#8221; border_color=&#8221;#ffffff&#8221; border_style=&#8221;solid&#8221; animation=&#8221;left&#8221; sticky=&#8221;off&#8221; always_center_on_mobile=&#8221;on&#8221;][\/et_pb_image][\/et_pb_column][\/et_pb_row][\/et_pb_section]<\/p>\n","protected":false},"excerpt":{"rendered":"<p>Ante la falta de solidaridad de muchas estaciones de servicio y centros de carga y descarga, que se niegan a mantener abiertos sus establecimientos o a dar acceso a los ba\u00f1os, algo que deber\u00eda ser innegable en la situaci\u00f3n en la que se encuentra el pa\u00eds y cuando los transportistas son a\u00fan m\u00e1s necesarios que [&hellip;]<\/p>\n","protected":false},"author":1,"featured_media":3885,"comment_status":"closed","ping_status":"open","sticky":false,"template":"","format":"standard","meta":{"_et_pb_use_builder":"on","_et_pb_old_content":"","_et_gb_content_width":"","footnotes":""},"categories":[5,4],"tags":[],"class_list":["post-3882","post","type-post","status-publish","format-standard","has-post-thumbnail","hentry","category-general","category-organizacion"],"_links":{"self":[{"href":"https:\/\/cetm-madrid.es\/web\/wp-json\/wp\/v2\/posts\/3882","targetHints":{"allow":["GET"]}}],"collection":[{"href":"https:\/\/cetm-madrid.es\/web\/wp-json\/wp\/v2\/posts"}],"about":[{"href":"https:\/\/cetm-madrid.es\/web\/wp-json\/wp\/v2\/types\/post"}],"author":[{"embeddable":true,"href":"https:\/\/cetm-madrid.es\/web\/wp-json\/wp\/v2\/users\/1"}],"replies":[{"embeddable":true,"href":"https:\/\/cetm-madrid.es\/web\/wp-json\/wp\/v2\/comments?post=3882"}],"version-history":[{"count":0,"href":"https:\/\/cetm-madrid.es\/web\/wp-json\/wp\/v2\/posts\/3882\/revisions"}],"wp:featuredmedia":[{"embeddable":true,"href":"https:\/\/cetm-madrid.es\/web\/wp-json\/wp\/v2\/media\/3885"}],"wp:attachment":[{"href":"https:\/\/cetm-madrid.es\/web\/wp-json\/wp\/v2\/media?parent=3882"}],"wp:term":[{"taxonomy":"category","embeddable":true,"href":"https:\/\/cetm-madrid.es\/web\/wp-json\/wp\/v2\/categories?post=3882"},{"taxonomy":"post_tag","embeddable":true,"href":"https:\/\/cetm-madrid.es\/web\/wp-json\/wp\/v2\/tags?post=3882"}],"curies":[{"name":"wp","href":"https:\/\/api.w.org\/{rel}","templated":true}]}}