{"id":3875,"date":"2020-03-27T20:03:37","date_gmt":"2020-03-27T20:03:37","guid":{"rendered":"https:\/\/cetm-madrid.es\/web\/?p=3875"},"modified":"2020-03-27T20:03:41","modified_gmt":"2020-03-27T20:03:41","slug":"la-cetm-reclama-mascarillas-para-el-transporte-ante-el-riesgo-de-que-el-sector-se-pare-2","status":"publish","type":"post","link":"https:\/\/cetm-madrid.es\/web\/la-cetm-reclama-mascarillas-para-el-transporte-ante-el-riesgo-de-que-el-sector-se-pare-2\/","title":{"rendered":"LA CETM RECLAMA MASCARILLAS PARA EL TRANSPORTE ANTE EL RIESGO DE QUE EL SECTOR SE PARE"},"content":{"rendered":"<p>[et_pb_section fb_built=&#8221;1&#8243; admin_label=&#8221;section&#8221; _builder_version=&#8221;3.22&#8243;][et_pb_row admin_label=&#8221;row&#8221; _builder_version=&#8221;3.25&#8243; background_size=&#8221;initial&#8221; background_position=&#8221;top_left&#8221; background_repeat=&#8221;repeat&#8221; column_structure=&#8221;2_3,1_3&#8243;][et_pb_column type=&#8221;2_3&#8243; _builder_version=&#8221;3.25&#8243; custom_padding=&#8221;|||&#8221; custom_padding__hover=&#8221;|||&#8221;][et_pb_text admin_label=&#8221;Texto&#8221; _builder_version=&#8221;4.2.2&#8243; background_size=&#8221;initial&#8221; background_position=&#8221;top_left&#8221; background_repeat=&#8221;repeat&#8221; text_orientation=&#8221;justified&#8221; hover_enabled=&#8221;0&#8243; use_border_color=&#8221;off&#8221; border_color=&#8221;#ffffff&#8221; border_style=&#8221;solid&#8221;]<\/p>\n<p>El trabajo de los profesionales del transporte est\u00e1 siendo ejemplar, pero el servicio que prestan, absolutamente indispensable para evitar el colapso del pa\u00eds, puede dejar de funcionar si siguen sin contar con los materiales de protecci\u00f3n individual adecuados para evitar que se contagien y puedan seguir transportando las mercanc\u00edas (material sanitario, medicinas, alimentos y otros bienes de primera necesidad) que tanto necesitamos, y que si llegaran a faltar provocar\u00edan una situaci\u00f3n de caos irreversible.<\/p>\n<p>El sector del transporte de mercanc\u00edas se suma al clamor de todo el personal de los centros hospitalarios y de salud, tanto sanitarios como no sanitarios (m\u00e9dicos, enfermeras, celadores, administrativos, auxiliares, quienes llevan la comida, limpiadoras, etc.) y de las fuerzas y cuerpos de seguridad del Estado, pidiendo medidas urgentes para protegerse del Covid-19 y, a la vez, proteger a la sociedad.<\/p>\n<p>Desde la Confederaci\u00f3n Espa\u00f1ola de Transporte de Mercanc\u00edas (CETM) nos preguntamos d\u00f3nde est\u00e1n o por qu\u00e9 tardan tanto en llegar los cuatro millones de mascarillas prometidas al sector por el Ministerio de Transporte, Movilidad y Agenda Urbana el pasado s\u00e1bado 21 de marzo (por no hablar de una segunda partida de cinco millones prometida hoy mismo) y que ten\u00edan que haber empezado a llegar ya a los conductores, que siguen acudiendo a cargar o descargar sus mercanc\u00edas sin disponer de las medidas de protecci\u00f3n personal adecuadas.<\/p>\n<p>La cr\u00edtica situaci\u00f3n que estamos viviendo en nuestro pa\u00eds debido a la epidemia del coronavirus, ha conseguido que la sociedad descubra y ponga en valor la actividad que desarrollan las empresas de transporte de mercanc\u00edas por carretera, los pol\u00edticos alaban nuestro trabajo y el Gobierno nos ha reconocido como un sector estrat\u00e9gico, algo que nosotros ya sab\u00edamos, y ha puesto en marcha el proceso de compra de las mascarillas que les hab\u00edamos reclamado. Todo eso est\u00e1 muy bien, pero las medidas de seguridad no han llegado, y lo que ahora verdaderamente necesitamos son equipos de protecci\u00f3n, no solo para protegernos estando tan expuestos, si no para que podamos seguir cumpliendo con nuestro trabajo: garantizar el suministro de todo lo que se necesita para vivir.<\/p>\n<p>Por eso, desde la CETM queremos hacer un llamamiento urgente y desesperado al Gobierno para que proteja con urgencia a los que tenemos que cuidar a los dem\u00e1s.<\/p>\n<p>[\/et_pb_text][\/et_pb_column][et_pb_column type=&#8221;1_3&#8243; _builder_version=&#8221;3.25&#8243; custom_padding=&#8221;|||&#8221; custom_padding__hover=&#8221;|||&#8221;][et_pb_image src=&#8221;https:\/\/cetm-madrid.es\/web\/wp-content\/uploads\/2020\/03\/Captura-17.jpg&#8221; align_tablet=&#8221;center&#8221; align_last_edited=&#8221;on|desktop&#8221; admin_label=&#8221;Imagen&#8221; _builder_version=&#8221;4.2.2&#8243; animation_style=&#8221;slide&#8221; animation_direction=&#8221;left&#8221; animation_duration=&#8221;500ms&#8221; animation_intensity_slide=&#8221;10%&#8221; hover_enabled=&#8221;0&#8243; use_border_color=&#8221;off&#8221; border_color=&#8221;#ffffff&#8221; border_style=&#8221;solid&#8221; animation=&#8221;left&#8221; sticky=&#8221;off&#8221; always_center_on_mobile=&#8221;on&#8221;][\/et_pb_image][\/et_pb_column][\/et_pb_row][\/et_pb_section]<\/p>\n","protected":false},"excerpt":{"rendered":"<p>El trabajo de los profesionales del transporte est\u00e1 siendo ejemplar, pero el servicio que prestan, absolutamente indispensable para evitar el colapso del pa\u00eds, puede dejar de funcionar si siguen sin contar con los materiales de protecci\u00f3n individual adecuados para evitar que se contagien y puedan seguir transportando las mercanc\u00edas (material sanitario, medicinas, alimentos y otros [&hellip;]<\/p>\n","protected":false},"author":1,"featured_media":3878,"comment_status":"closed","ping_status":"open","sticky":false,"template":"","format":"standard","meta":{"_et_pb_use_builder":"on","_et_pb_old_content":"","_et_gb_content_width":"","footnotes":""},"categories":[5,4],"tags":[],"class_list":["post-3875","post","type-post","status-publish","format-standard","has-post-thumbnail","hentry","category-general","category-organizacion"],"_links":{"self":[{"href":"https:\/\/cetm-madrid.es\/web\/wp-json\/wp\/v2\/posts\/3875","targetHints":{"allow":["GET"]}}],"collection":[{"href":"https:\/\/cetm-madrid.es\/web\/wp-json\/wp\/v2\/posts"}],"about":[{"href":"https:\/\/cetm-madrid.es\/web\/wp-json\/wp\/v2\/types\/post"}],"author":[{"embeddable":true,"href":"https:\/\/cetm-madrid.es\/web\/wp-json\/wp\/v2\/users\/1"}],"replies":[{"embeddable":true,"href":"https:\/\/cetm-madrid.es\/web\/wp-json\/wp\/v2\/comments?post=3875"}],"version-history":[{"count":0,"href":"https:\/\/cetm-madrid.es\/web\/wp-json\/wp\/v2\/posts\/3875\/revisions"}],"wp:featuredmedia":[{"embeddable":true,"href":"https:\/\/cetm-madrid.es\/web\/wp-json\/wp\/v2\/media\/3878"}],"wp:attachment":[{"href":"https:\/\/cetm-madrid.es\/web\/wp-json\/wp\/v2\/media?parent=3875"}],"wp:term":[{"taxonomy":"category","embeddable":true,"href":"https:\/\/cetm-madrid.es\/web\/wp-json\/wp\/v2\/categories?post=3875"},{"taxonomy":"post_tag","embeddable":true,"href":"https:\/\/cetm-madrid.es\/web\/wp-json\/wp\/v2\/tags?post=3875"}],"curies":[{"name":"wp","href":"https:\/\/api.w.org\/{rel}","templated":true}]}}