{"id":3826,"date":"2020-03-26T20:35:07","date_gmt":"2020-03-26T20:35:07","guid":{"rendered":"https:\/\/cetm-madrid.es\/web\/?p=3826"},"modified":"2020-03-26T20:35:11","modified_gmt":"2020-03-26T20:35:11","slug":"continua-el-riesgo-por-nevadas-en-cataluna","status":"publish","type":"post","link":"https:\/\/cetm-madrid.es\/web\/continua-el-riesgo-por-nevadas-en-cataluna\/","title":{"rendered":"CONTIN\u00daA EL RIESGO POR NEVADAS EN CATALU\u00d1A"},"content":{"rendered":"<p>[et_pb_section fb_built=&#8221;1&#8243; admin_label=&#8221;section&#8221; _builder_version=&#8221;3.22&#8243;][et_pb_row admin_label=&#8221;row&#8221; _builder_version=&#8221;3.25&#8243; background_size=&#8221;initial&#8221; background_position=&#8221;top_left&#8221; background_repeat=&#8221;repeat&#8221; column_structure=&#8221;2_3,1_3&#8243;][et_pb_column type=&#8221;2_3&#8243; _builder_version=&#8221;3.25&#8243; custom_padding=&#8221;|||&#8221; custom_padding__hover=&#8221;|||&#8221;][et_pb_text admin_label=&#8221;Texto&#8221; _builder_version=&#8221;4.2.2&#8243; background_size=&#8221;initial&#8221; background_position=&#8221;top_left&#8221; background_repeat=&#8221;repeat&#8221; text_orientation=&#8221;justified&#8221; hover_enabled=&#8221;0&#8243; use_border_color=&#8221;off&#8221; border_color=&#8221;#ffffff&#8221; border_style=&#8221;solid&#8221;]<\/p>\n<p>El Centro de Coordinaci\u00f3n Operativa de Catalu\u00f1a (CECAT) mantiene activado el Plan de emergencias por nevadas en Catalu\u00f1a (NEUCAT) en fase de alerta.<\/p>\n<p>El Servicio Meteorol\u00f3gico de Catalu\u00f1a prev\u00e9 para hoy que la acumulaci\u00f3n de m\u00e1s de 5 cm de nieve sea a cotas superiores a 600 metros, aunque habr\u00e1 momentos en los que, debido a los chubascos en forma de granizo o nieve granulada, se situar\u00e1 localmente por debajo.<\/p>\n<p>Las zonas m\u00e1s afectadas ser\u00e1n el Pirineo y Prepirineo de Girona y Barcelona y el prelitoral y litoral del sur de Tarragona.<\/p>\n<p>El CECAT recomienda a los transportistas que consulten el estado de las v\u00edas y la previsi\u00f3n meteorol\u00f3gica para planificar sus rutas. Desde la CETM recordamos que la activaci\u00f3n del plan NEUCAT permite prohibir la circulaci\u00f3n de veh\u00edculos en caso de que haya nieve o hielo sobre la calzada. En tal caso, afectar\u00eda a los veh\u00edculos de transporte de mercanc\u00edas peligrosas (ADR) de m\u00e1s de 7.500 kg de MMA o MMC de las clases 1 (explosivos) y 3 (inflamables). Dichos veh\u00edculos deber\u00edan estacionar fuera de la v\u00eda hasta que se garantice la seguridad en las carreteras y se permita la circulaci\u00f3n. <\/p>\n<p>En los siguientes enlaces pueden consultar la previsi\u00f3n del tiempo y el estado de las v\u00edas en Catalu\u00f1a:<\/p>\n<p><span style=\"color: #0000ff;\"><a style=\"color: #0000ff;\" href=\"https:\/\/es.meteocat.gencat.cat\/?lang=es\" target=\"_blank\" rel=\"noopener noreferrer\">&#8211; Meteocat<\/a><\/span><\/p>\n<p><span style=\"color: #0000ff;\"><a style=\"color: #0000ff;\" href=\"http:\/\/cit.transit.gencat.cat\/cit\/AppJava\/views\/incidents.xhtml\" target=\"_blank\" rel=\"noopener noreferrer\">&#8211; Servicio Catal\u00e1n de Tr\u00e1fico<\/a><\/span><\/p>\n<p>[\/et_pb_text][\/et_pb_column][et_pb_column type=&#8221;1_3&#8243; _builder_version=&#8221;3.25&#8243; custom_padding=&#8221;|||&#8221; custom_padding__hover=&#8221;|||&#8221;][et_pb_image src=&#8221;https:\/\/cetm-madrid.es\/web\/wp-content\/uploads\/2020\/03\/Captura-15.jpg&#8221; align_tablet=&#8221;center&#8221; align_last_edited=&#8221;on|desktop&#8221; admin_label=&#8221;Imagen&#8221; _builder_version=&#8221;4.2.2&#8243; animation_style=&#8221;slide&#8221; animation_direction=&#8221;left&#8221; animation_duration=&#8221;500ms&#8221; animation_intensity_slide=&#8221;10%&#8221; hover_enabled=&#8221;0&#8243; use_border_color=&#8221;off&#8221; border_color=&#8221;#ffffff&#8221; border_style=&#8221;solid&#8221; animation=&#8221;left&#8221; sticky=&#8221;off&#8221; always_center_on_mobile=&#8221;on&#8221;][\/et_pb_image][\/et_pb_column][\/et_pb_row][\/et_pb_section]<\/p>\n","protected":false},"excerpt":{"rendered":"<p>El Centro de Coordinaci\u00f3n Operativa de Catalu\u00f1a (CECAT) mantiene activado el Plan de emergencias por nevadas en Catalu\u00f1a (NEUCAT) en fase de alerta. El Servicio Meteorol\u00f3gico de Catalu\u00f1a prev\u00e9 para hoy que la acumulaci\u00f3n de m\u00e1s de 5 cm de nieve sea a cotas superiores a 600 metros, aunque habr\u00e1 momentos en los que, debido [&hellip;]<\/p>\n","protected":false},"author":1,"featured_media":3829,"comment_status":"closed","ping_status":"open","sticky":false,"template":"","format":"standard","meta":{"_et_pb_use_builder":"on","_et_pb_old_content":"","_et_gb_content_width":"","footnotes":""},"categories":[5,4],"tags":[],"class_list":["post-3826","post","type-post","status-publish","format-standard","has-post-thumbnail","hentry","category-general","category-organizacion"],"_links":{"self":[{"href":"https:\/\/cetm-madrid.es\/web\/wp-json\/wp\/v2\/posts\/3826","targetHints":{"allow":["GET"]}}],"collection":[{"href":"https:\/\/cetm-madrid.es\/web\/wp-json\/wp\/v2\/posts"}],"about":[{"href":"https:\/\/cetm-madrid.es\/web\/wp-json\/wp\/v2\/types\/post"}],"author":[{"embeddable":true,"href":"https:\/\/cetm-madrid.es\/web\/wp-json\/wp\/v2\/users\/1"}],"replies":[{"embeddable":true,"href":"https:\/\/cetm-madrid.es\/web\/wp-json\/wp\/v2\/comments?post=3826"}],"version-history":[{"count":0,"href":"https:\/\/cetm-madrid.es\/web\/wp-json\/wp\/v2\/posts\/3826\/revisions"}],"wp:featuredmedia":[{"embeddable":true,"href":"https:\/\/cetm-madrid.es\/web\/wp-json\/wp\/v2\/media\/3829"}],"wp:attachment":[{"href":"https:\/\/cetm-madrid.es\/web\/wp-json\/wp\/v2\/media?parent=3826"}],"wp:term":[{"taxonomy":"category","embeddable":true,"href":"https:\/\/cetm-madrid.es\/web\/wp-json\/wp\/v2\/categories?post=3826"},{"taxonomy":"post_tag","embeddable":true,"href":"https:\/\/cetm-madrid.es\/web\/wp-json\/wp\/v2\/tags?post=3826"}],"curies":[{"name":"wp","href":"https:\/\/api.w.org\/{rel}","templated":true}]}}